{"id":10088,"date":"2015-12-17T17:34:05","date_gmt":"2015-12-17T20:34:05","guid":{"rendered":"http:\/\/pcb.org.br\/portal2\/?p=10088"},"modified":"2016-01-18T20:14:30","modified_gmt":"2016-01-18T23:14:30","slug":"ivan-marquez-pela-primeira-vez-em-um-acordo-de-paz-as-vitimas-serao-ouvidas","status":"publish","type":"post","link":"https:\/\/pcb.org.br\/portal2\/10088","title":{"rendered":"Ivan M\u00e1rquez: Pela primeira vez em um acordo de paz, as v\u00edtimas ser\u00e3o ouvidas"},"content":{"rendered":"<p><img data-recalc-dims=\"1\" height=\"340\" width=\"620\" decoding=\"async\" class=\"imagem\" title=\"imagem\" src=\"https:\/\/i0.wp.com\/www.resumenlatinoamericano.org\/wp-content\/uploads\/2015\/12\/6357196736427500141436728703-620x340.jpg?resize=620%2C340\" alt=\"imagem\" \/>Resumen Latinoamericano \/AVN\/ 15 de dezembro de 2015 \u2013 O representante da delega\u00e7\u00e3o das For\u00e7as Armadas Revolucion\u00e1rias da Col\u00f4mbia \u2013 Ex\u00e9rcito do Povo (FARC-EP), Iv\u00e1n M\u00e1rquez, aplaudiu a assinatura do acordo de reconhecimento das v\u00edtimas do conflito armado pois, pela primeira vez, estas pessoas ser\u00e3o ouvidas.<!--more--><\/p>\n<p>Ap\u00f3s a assinatura do documento, em Havana, Cuba, M\u00e1rquez explicou que agora as v\u00edtimas e suas organiza\u00e7\u00f5es desempenhar\u00e3o um papel crucial neste acordo de paz obtido entre o Governo e as FARC-EP, pois poder\u00e3o corrigir as assimetrias que os \u00f3rg\u00e3os do Estado mostraram na hora de perseguir os crimes cometidos ao longo do conflito, favorecendo a impunidade de agentes do Estado.<\/p>\n<p>\u201cPela primeira vez em um acordo de paz, as organiza\u00e7\u00f5es de v\u00edtimas poder\u00e3o apresentar informes com acusa\u00e7\u00f5es ante a jurisdi\u00e7\u00e3o criada, os quais dever\u00e3o ser atendidos pela mesma e as v\u00edtimas dever\u00e3o ser ouvidas antes da imposi\u00e7\u00e3o de san\u00e7\u00f5es que reconhe\u00e7am suas responsabilidades\u201d, comentou M\u00e1rquez em refer\u00eancia a um dos pontos do acordo, que estabelece a cria\u00e7\u00e3o de uma jurisdi\u00e7\u00e3o especial para a paz e que ter\u00e1 compet\u00eancia sobre todos os que tenham participado do conflito.<\/p>\n<p>Em transmiss\u00f5es da Telesur, M\u00e1rquez ressaltou que este \u00e9 o primeiro acordo de paz obtido na Col\u00f4mbia que n\u00e3o se encerrou com uma anistia geral para todos os que intervieram no conflito, mas que atrav\u00e9s da cria\u00e7\u00e3o de uma jurisdi\u00e7\u00e3o especial para a paz poder\u00e3o ser conhecidas todas as viola\u00e7\u00f5es de direitos e todos os respons\u00e1veis por estas.<\/p>\n<p>\u201cAqueles que, at\u00e9 agora, historicamente eram amparados pela impunidade para cometer graves crimes contra os colombianos, dever\u00e3o comparecer ante o pa\u00eds e assumir suas responsabilidades\u201d, acrescentou.<\/p>\n<p>O representante da delega\u00e7\u00e3o das FARC-EP disse que a verdade deve marcar o \u00fanico caminho para construir uma Col\u00f4mbia melhor.<\/p>\n<p>\u201cO acordo alcan\u00e7ado citou o direito \u00e0 verdade no v\u00e9rtice superior do sistema projetado e estabelece ferramentas eficazes para estabelecer a verdade sobre o ocorrido durante o conflito. Sem verdade n\u00e3o existe reconcilia\u00e7\u00e3o poss\u00edvel. A verdade deve marcar o \u00fanico caminho para reconstruir a sociedade colombiana ap\u00f3s anos de enfrentamento\u201d, acrescentou.<\/p>\n<p>Para M\u00e1rquez, a origem do conflito armado, que se mant\u00e9m nessa na\u00e7\u00e3o neogranadina h\u00e1 mais de 50 anos, \u00e9 anterior \u00e0 data de cria\u00e7\u00e3o das FARC.<br \/>\nFonte: http:\/\/www.resumenlatinoamericano.org\/2015\/12\/15\/ivan-marquez-por-primera-vez-en-un-acuerdo-de-paz-las-victimas-seran-oidas\/<\/p>\n<p>Tradu\u00e7\u00e3o: Partido Comunista Brasileiro (PCB)<\/p>\n","protected":false},"excerpt":{"rendered":"Resumen Latinoamericano \/AVN\/ 15 de dezembro de 2015 \u2013 O representante da delega\u00e7\u00e3o das For\u00e7as Armadas Revolucion\u00e1rias da Col\u00f4mbia \u2013 Ex\u00e9rcito do Povo \n<a class=\"moretag\" href=\"https:\/\/pcb.org.br\/portal2\/10088\"> <\/a>","protected":false},"author":1,"featured_media":0,"comment_status":"closed","ping_status":"closed","sticky":false,"template":"","format":"standard","meta":{"jetpack_post_was_ever_published":false,"_jetpack_newsletter_access":"","_jetpack_dont_email_post_to_subs":false,"_jetpack_newsletter_tier_id":0,"_jetpack_memberships_contains_paywalled_content":false,"_jetpack_memberships_contains_paid_content":false,"footnotes":"","jetpack_publicize_message":"","jetpack_publicize_feature_enabled":true,"jetpack_social_post_already_shared":true,"jetpack_social_options":{"image_generator_settings":{"template":"highway","default_image_id":0,"font":"","enabled":false},"version":2}},"categories":[34],"tags":[],"class_list":["post-10088","post","type-post","status-publish","format-standard","hentry","category-c39-colombia"],"jetpack_publicize_connections":[],"jetpack_featured_media_url":"","jetpack_shortlink":"https:\/\/wp.me\/p659gw-2CI","jetpack-related-posts":[],"jetpack_likes_enabled":true,"jetpack_sharing_enabled":true,"_links":{"self":[{"href":"https:\/\/pcb.org.br\/portal2\/wp-json\/wp\/v2\/posts\/10088","targetHints":{"allow":["GET"]}}],"collection":[{"href":"https:\/\/pcb.org.br\/portal2\/wp-json\/wp\/v2\/posts"}],"about":[{"href":"https:\/\/pcb.org.br\/portal2\/wp-json\/wp\/v2\/types\/post"}],"author":[{"embeddable":true,"href":"https:\/\/pcb.org.br\/portal2\/wp-json\/wp\/v2\/users\/1"}],"replies":[{"embeddable":true,"href":"https:\/\/pcb.org.br\/portal2\/wp-json\/wp\/v2\/comments?post=10088"}],"version-history":[{"count":0,"href":"https:\/\/pcb.org.br\/portal2\/wp-json\/wp\/v2\/posts\/10088\/revisions"}],"wp:attachment":[{"href":"https:\/\/pcb.org.br\/portal2\/wp-json\/wp\/v2\/media?parent=10088"}],"wp:term":[{"taxonomy":"category","embeddable":true,"href":"https:\/\/pcb.org.br\/portal2\/wp-json\/wp\/v2\/categories?post=10088"},{"taxonomy":"post_tag","embeddable":true,"href":"https:\/\/pcb.org.br\/portal2\/wp-json\/wp\/v2\/tags?post=10088"}],"curies":[{"name":"wp","href":"https:\/\/api.w.org\/{rel}","templated":true}]}}