{"id":1015,"date":"2010-11-26T00:17:39","date_gmt":"2010-11-26T00:17:39","guid":{"rendered":"http:\/\/pcb.org.br\/portal2\/?p=1015"},"modified":"2010-11-26T00:17:39","modified_gmt":"2010-11-26T00:17:39","slug":"homenagem-a-fanny-edelman","status":"publish","type":"post","link":"https:\/\/pcb.org.br\/portal2\/1015","title":{"rendered":"Homenagem a Fanny Edelman"},"content":{"rendered":"\n<p>O Comit\u00ea Central do Partido Comunista Brasileiro (PCB) se associa a todo o povo argentino, aos militantes e dirigentes do PCA por ocasi\u00e3o desta justa homenagem a uma das mais valorosas hero\u00ednas do povo argentino, a camarada Fanny Edelman. Com mais de 70 anos de milit\u00e2ncia e pr\u00f3ximo a completar 100 anos de vida, a camarada Fanny \u00e9 um desses personagens lend\u00e1rios que enchem de orgulho os comunistas do mundo inteiro, por sua coer\u00eancia, exemplo de vida e combatividade revolucion\u00e1ria.<\/p>\n<p>Ao longo de sua milit\u00e2ncia, a camarada Fanny participou dos principais acontecimentos da lutas dos povos e, especialmente, do povo argentino no s\u00e9culo XX, e continua firme em sua batalha pela emancipa\u00e7\u00e3o humana. Volunt\u00e1ria nas Brigadas Internacionais da guerra civil espanhola, presidente da Federa\u00e7\u00e3o Democr\u00e1ticas da Mulheres, reconhecida lutadora pelos direitos humanos na Argentina e dirigente do PCA, Fanny representa o que de mais generoso a esp\u00e9cie humana produziu no s\u00e9culo XX.<\/p>\n<p>Vivemos hoje um per\u00edodo complexo na hist\u00f3ria da humanidade, em que o capitalismo se encontra em uma grave crise, mais uma vez demonstrando sua inviabilidade hist\u00f3rica. Nesta batalha pelo derrubada do capitalismo, a vida inteira de lutas de Fanny Edelman \u00e9 um exemplo n\u00e3o s\u00f3 para os combatentes comunistas, mas para as novas gera\u00e7\u00f5es de revolucion\u00e1rios que dar\u00e3o continuidade a luta de Fanny pela felicidade humana, pela sociedade comunista.<\/p>\n<p>Desde o Brasil, o Comit\u00ea Central do PCB n\u00e3o s\u00f3 reitera seus la\u00e7os de camaradagem com a presidente do PCA , seus dirigentes e militantes, como est\u00e1 confiante de que o socialismo \u00e9 o futuro da humanidade, como diz Fanny Edelman: \u201cO imperialismo, apesar de perverso e belicoso, n\u00e3o poder\u00e1 frear a massa humana que se move em favor da liberta\u00e7\u00e3o dos povos e dos oprimidos\u201d.<\/p>\n<p>Ivan Pinheiro \u2013 Secret\u00e1rio Geral do PCB<\/p>\n<p>Edmilson Costa \u2013 Sec. de Rela\u00e7\u00f5es Internacionais<\/p>\n","protected":false},"excerpt":{"rendered":"\n\n\nCr\u00e9dito: PCA\n\n\n\n\n\n\n\n\nHomenagem\n<a class=\"moretag\" href=\"https:\/\/pcb.org.br\/portal2\/1015\"> <\/a>","protected":false},"author":1,"featured_media":0,"comment_status":"open","ping_status":"open","sticky":false,"template":"","format":"standard","meta":{"jetpack_post_was_ever_published":false,"_jetpack_newsletter_access":"","_jetpack_dont_email_post_to_subs":false,"_jetpack_newsletter_tier_id":0,"_jetpack_memberships_contains_paywalled_content":false,"_jetpack_memberships_contains_paid_content":false,"footnotes":"","jetpack_publicize_message":"","jetpack_publicize_feature_enabled":true,"jetpack_social_post_already_shared":false,"jetpack_social_options":{"image_generator_settings":{"template":"highway","default_image_id":0,"font":"","enabled":false},"version":2}},"categories":[75],"tags":[],"class_list":["post-1015","post","type-post","status-publish","format-standard","hentry","category-c88-internacionalismo"],"jetpack_publicize_connections":[],"jetpack_featured_media_url":"","jetpack_shortlink":"https:\/\/wp.me\/p659gw-gn","jetpack-related-posts":[],"jetpack_likes_enabled":true,"jetpack_sharing_enabled":true,"_links":{"self":[{"href":"https:\/\/pcb.org.br\/portal2\/wp-json\/wp\/v2\/posts\/1015","targetHints":{"allow":["GET"]}}],"collection":[{"href":"https:\/\/pcb.org.br\/portal2\/wp-json\/wp\/v2\/posts"}],"about":[{"href":"https:\/\/pcb.org.br\/portal2\/wp-json\/wp\/v2\/types\/post"}],"author":[{"embeddable":true,"href":"https:\/\/pcb.org.br\/portal2\/wp-json\/wp\/v2\/users\/1"}],"replies":[{"embeddable":true,"href":"https:\/\/pcb.org.br\/portal2\/wp-json\/wp\/v2\/comments?post=1015"}],"version-history":[{"count":0,"href":"https:\/\/pcb.org.br\/portal2\/wp-json\/wp\/v2\/posts\/1015\/revisions"}],"wp:attachment":[{"href":"https:\/\/pcb.org.br\/portal2\/wp-json\/wp\/v2\/media?parent=1015"}],"wp:term":[{"taxonomy":"category","embeddable":true,"href":"https:\/\/pcb.org.br\/portal2\/wp-json\/wp\/v2\/categories?post=1015"},{"taxonomy":"post_tag","embeddable":true,"href":"https:\/\/pcb.org.br\/portal2\/wp-json\/wp\/v2\/tags?post=1015"}],"curies":[{"name":"wp","href":"https:\/\/api.w.org\/{rel}","templated":true}]}}