{"id":10172,"date":"2015-12-31T15:39:02","date_gmt":"2015-12-31T18:39:02","guid":{"rendered":"http:\/\/pcb.org.br\/portal2\/?p=10172"},"modified":"2016-02-02T18:03:52","modified_gmt":"2016-02-02T21:03:52","slug":"intervencao-do-kke-na-reuniao-anual-da-iniciativa-comunista-europeia","status":"publish","type":"post","link":"https:\/\/pcb.org.br\/portal2\/10172","title":{"rendered":"Interven\u00e7\u00e3o do KKE na reuni\u00e3o anual da Iniciativa Comunista Europeia"},"content":{"rendered":"<p><img data-recalc-dims=\"1\" decoding=\"async\" class=\"imagem\" title=\"imagem\" src=\"https:\/\/i0.wp.com\/www.eviawelle.gr\/wp-content\/uploads\/2015\/05\/marinos-thumb-large.jpg?w=747\" alt=\"imagem\" \/><strong>\u201cA experi\u00eancia demonstrou que os chamados governos \u201cde esquerda\u201d, \u201cprogressistas\u201d, assim como aqueles que contam com o apoio ou a participa\u00e7\u00e3o de Partidos Comunistas, aplicam uma pol\u00edtica antipopular, medidas duras contra a classe trabalhadora e t\u00eam como finalidade servir \u00e0 rentabilidade e \u00e0 competitividade do capital.\u201d<\/strong><!--more--><\/p>\n<p>A reuni\u00e3o anual do Pleno da \u201cIniciativa Comunista Europeia\u201d, que \u00e9 uma forma de coopera\u00e7\u00e3o e coordena\u00e7\u00e3o regional dos Partidos Comunistas e Oper\u00e1rios na Europa, ocorreu na ter\u00e7a-feira, 8 de dezembro, em Bruxelas.<\/p>\n<p>Giorgos Marinos, membro do Bir\u00f4 Pol\u00edtico do CC do KKE (Partido Comunista da Gr\u00e9cia), pronunciou o seguinte discurso:<\/p>\n<p>\u201cEstimados camaradas:<\/p>\n<p>No Encontro Europeu de Partidos Comunistas e Oper\u00e1rios que ocorreu ontem, discutimos sobre os temas mais importantes a respeito dos acontecimentos internacionais, o desenvolvimento das lutas oper\u00e1rias e populares e a atividade dos partidos comunistas em muitos pa\u00edses.<\/p>\n<p>Este encontro \u00e9 valioso, oferece a todos uma melhor vis\u00e3o para poder examinar os acontecimentos, para avaliar objetivamente o curso da luta de classes, para coordenar nossos esfor\u00e7os no debate ideol\u00f3gico e pol\u00edtico contra as for\u00e7as burguesas e oportunistas e utilizar todas as possibilidades para fortalecer nossos partidos e reagrupar o movimento comunista na Europa.<\/p>\n<p>Hoje, na reuni\u00e3o da \u201cIniciativa\u201d, podemos continuar nosso trabalho construtivo, examinar quest\u00f5es pol\u00edticas b\u00e1sicas que surgiram durante este per\u00edodo, avaliar nosso trabalho e elaborar um plano de atividades para o per\u00edodo pr\u00f3ximo.<\/p>\n<p>Podemos destacar os seguintes temas:<\/p>\n<p>Em primeiro lugar, a crise capitalista cont\u00ednua em v\u00e1rios Estados e, ao mesmo, o curso da economia da UE\/zona euro, a desacelera\u00e7\u00e3o da China, os problemas nos BRICS \u2013 por exemplo, no Brasil \u2013, causam muita preocupa\u00e7\u00e3o, enquanto muitos analistas est\u00e3o falando sobre o estouro de uma nova crise.<\/p>\n<p>Os trabalhadores enfrentam um novo ataque orquestrado em grande escala, como a pol\u00edtica antipopular dos governos que expressam seus interesses.<\/p>\n<p>As consequ\u00eancias s\u00e3o dolorosas.<\/p>\n<p>As altas taxas de desemprego, a expans\u00e3o da pobreza, a aboli\u00e7\u00e3o dos direitos trabalhistas, de seguridade social, o ataque contra os acordos coletivos de trabalho, a comercializa\u00e7\u00e3o da sa\u00fade, do bem-estar e da educa\u00e7\u00e3o, as privatiza\u00e7\u00f5es e a desregulamenta\u00e7\u00e3o de ramos e setores da economia, caracterizam o capitalismo. Al\u00e9m disso, se leva a cabo um ataque particularmente duro contra os jovens e as mulheres.<\/p>\n<p>Os problemas se aprofundam tanto na fase de crise, quando se refor\u00e7a claramente a agressividade do capital, como na fase do crescimento da economia, posto que o crit\u00e9rio do crescimento capitalista \u00e9 o lucro.<\/p>\n<p>Em segundo lugar, a OTAN, EUA, a UE desataram guerras e interven\u00e7\u00f5es imperialistas, com a participa\u00e7\u00e3o de dezenas de Estados capitalistas, como mostram os exemplos de guerra na Iugosl\u00e1via, Afeganist\u00e3o, Iraque, L\u00edbia, S\u00edria, Mali, Rep\u00fablica Centro-africana, Ucr\u00e2nia.<\/p>\n<p>Esta situa\u00e7\u00e3o perigosa est\u00e1 relacionada com o aprofundamento da disputa interimperialista pelo controle dos mercados e dos recursos naturais, o aumento dos lucros e o fortalecimento das posi\u00e7\u00f5es dos monop\u00f3lios.<\/p>\n<p>Neste marco, est\u00e3o competindo entre si EUA, Estados membros da UE, R\u00fassia, China, assim como outros Estados que possuem uma posi\u00e7\u00e3o mais alta ou mais baixa no sistema imperialista.<\/p>\n<p>Nesta base, est\u00e3o se multiplicando os focos de guerra e os campos de batalha potenciais em v\u00e1rias regi\u00f5es do mundo.<\/p>\n<p>Est\u00e3o tentando ocultar as verdadeiras causas das guerras e das interven\u00e7\u00f5es imperialistas utilizando pretextos como o \u201ccombate ao terrorismo\u201d, a \u201cseguran\u00e7a energ\u00e9tica\u201d, etc.<\/p>\n<p>O mecanismo de propaganda dos Estados capitalistas est\u00e1 utilizando todos os meios para desorientar e manipular a classe oper\u00e1ria, os povos, para que n\u00e3o possam dar-se conta, ser conscientes de seus pr\u00f3prios interesses e para que sigam o caminho perigoso de tomar partido por uma ou outra pot\u00eancia ou uni\u00e3o imperialista.<\/p>\n<p>Parte da agressividade imperialista \u00e9 a cria\u00e7\u00e3o de mecanismos de provoca\u00e7\u00e3o e crimes, como \u00e9 Al Qaeda, o chamado \u201cEstado Isl\u00e2mico\u201d e outros mecanismos que ganham poder econ\u00f4mico e apoio das massas, tornando-se aut\u00f4nomos, mas sendo sempre parte dos planos agressivos interimperialistas contra os povos.<\/p>\n<p>Os ataques criminosos deste per\u00edodo na Turquia, L\u00edbano, Fran\u00e7a, com dezenas de mortos \u00e9 utilizado para a escalada das interven\u00e7\u00f5es imperialistas, a intensifica\u00e7\u00e3o da repress\u00e3o, o fomento do racismo e da xenofobia.<\/p>\n<p>Em terceiro lugar, o anticomunismo est\u00e1 aumentando, est\u00e1 sendo distorcida a verdade hist\u00f3rica enquanto se visa diminuir o papel do socialismo no progresso social, o papel do movimento comunista a respeito dos direitos dos povos. For\u00e7as reacion\u00e1rias e fascistas vinculadas aos interesses empresariais e com o mecanismo estatal baixam a cabe\u00e7a, intimidam, assassinam, tentam contaminar os povos com seu veneno racista-fascista.<\/p>\n<p>Nestas condi\u00e7\u00f5es, \u00e9 evidente a import\u00e2ncia da atividade dos partidos comunistas da \u201cIniciativa\u201d, as interven\u00e7\u00f5es dos 29 Partidos Comunistas que participam desta coopera\u00e7\u00e3o.<\/p>\n<p>Em 2015, a \u201cIniciativa\u201d fez interven\u00e7\u00f5es em temas importantes como:<\/p>\n<p>A condena\u00e7\u00e3o aos atentados criminosos na Fran\u00e7a, em janeiro de 2015.<\/p>\n<p>O Dia Internacional da Mulher Trabalhadora.<\/p>\n<p>O direito ao trabalho e \u00e0 prote\u00e7\u00e3o dos desempregados.<\/p>\n<p>O Primeiro de Maio.<\/p>\n<p>Os perigosos acontecimentos na Ucr\u00e2nia, a intensifica\u00e7\u00e3o do anticomunismo e a solidariedade com os comunistas da Ucr\u00e2nia.<\/p>\n<p>O 70\u00b0 aniversario da Vit\u00f3ria Antifascista dos Povos.<\/p>\n<p>O Dia Internacional do Meio Ambiente.<\/p>\n<p>A condena\u00e7\u00e3o do novo ataque terrorista na Fran\u00e7a, em 13 de novembro, em 13 de novembro.<\/p>\n<p>Ressaltar o car\u00e1ter antipopular da Associa\u00e7\u00e3o Transatl\u00e2ntica de Com\u00e9rcio e Investimento (TTIP).<\/p>\n<p>Ressaltar os problemas dos estudantes secundaristas e universit\u00e1rios e dos jovens trabalhadores.<\/p>\n<p>O apoio \u00e0s lutas eleitorais levadas a cabo pelo KKE, o Partido Comunista (Turquia), o Partido Comunista dos Povos de Espanha.<\/p>\n<p>Nossos partidos organizaram v\u00e1rios eventos e mobiliza\u00e7\u00f5es em seus pa\u00edses e, em um per\u00edodo pr\u00f3ximo, veremos como \u00e9 poss\u00edvel fortalecer o interc\u00e2mbio de informa\u00e7\u00f5es e a participa\u00e7\u00e3o de nossos partidos em eventos de outros partidos da \u201cIniciativa\u201d, a organiza\u00e7\u00e3o de eventos conjuntos, um tema que devemos estudar mais profundamente.<\/p>\n<p>Estimados camaradas:<\/p>\n<p>As condi\u00e7\u00f5es que se formaram em torno da classe trabalhadora, dos setores populares, dos jovens, est\u00e3o demandando serias tarefas pol\u00edticas para os Partidos Comunistas frente \u00e0 situa\u00e7\u00e3o complexa, \u00e0s exig\u00eancias da luta de classes, para que se fortale\u00e7a a luta contra a UE, a alian\u00e7a imperialista interestatal, pela derrubada da barb\u00e1rie capitalista, pelo socialismo.<\/p>\n<p>Somos conscientes das debilidades e das defici\u00eancias em nossa luta, dos problemas relacionados com a coordena\u00e7\u00e3o de nossa atividade e todos estamos obrigados a fazer grandes esfor\u00e7os para encar\u00e1-los.<\/p>\n<p>O fortalecimento dos Partidos Comunistas da \u201cIniciativa\u201d em cada pa\u00eds, o fortalecimento da luta ideol\u00f3gica-pol\u00edtica e de massas, a constru\u00e7\u00e3o de organiza\u00e7\u00f5es partid\u00e1rias, sobretudo na ind\u00fastria, nos centros de trabalho, o trabalho persistente junto \u00e0 classe trabalhadora e aos jovens, a intensifica\u00e7\u00e3o dos esfor\u00e7os para que mude a correla\u00e7\u00e3o de for\u00e7as no movimento sindical, s\u00e3o elementos importantes aos quais devemos focar nossa aten\u00e7\u00e3o no per\u00edodo pr\u00f3ximo.<\/p>\n<p>Objetivamente, se est\u00e1 fortalecendo o debate ideol\u00f3gico-pol\u00edtico acerca do desenvolvimento dos acontecimentos. Alguns exemplos:<\/p>\n<p>Primeiro: for\u00e7as burguesas e oportunistas, inclusive o Partido da Esquerda Europeia (PIE) se referem (em geral) \u00e0 necessidade do desenvolvimento econ\u00f4mico como meio para resolver os problemas populares aprofundados e combater o flagelo do desemprego, fomentando falsas esperan\u00e7as aos povos.<\/p>\n<p>A \u201cIniciativa\u201d tem que cumprir com um dever muito serio, tem que revelar que o desenvolvimento que se baseia na propriedade capitalista dos meios de produ\u00e7\u00e3o, no crit\u00e9rio do lucro e a explora\u00e7\u00e3o da classe trabalhadora, significa desenvolvimento para os poucos, os capitalistas.<\/p>\n<p>O desenvolvimento que pode solucionar o problema do desemprego, assegurar, por exemplo, servi\u00e7os sociais avan\u00e7ados gratuitos, satisfazer as necessidades do povo, requer mudan\u00e7as radicais profundas relacionadas com a derrocada da explora\u00e7\u00e3o capitalista, atrav\u00e9s da conquista do poder oper\u00e1rio e a socializa\u00e7\u00e3o dos meios de produ\u00e7\u00e3o, com a constru\u00e7\u00e3o do socialismo.<\/p>\n<p>Em segundo lugar, as for\u00e7as burguesas se adaptam, intensificam sua interven\u00e7\u00e3o para manipular os trabalhadores. A socialdemocracia est\u00e1 mudando de m\u00e1scara para que seja cada vez mais \u00fatil para o sistema.<\/p>\n<p>O exemplo do SYRIZA na Gr\u00e9cia \u00e9 caracter\u00edstico. Fomentando falsas expectativas, enganou setores importantes da classe trabalhadora e das camadas populares, assumiu o governo com o apoio de setores do capital e de pot\u00eancias imperialistas fortes (EUA, Fran\u00e7a) e est\u00e1 gerindo o capitalismo decisivamente.<\/p>\n<p>Neste momento, est\u00e1 implementando o terceiro memorando que acordou junto com a UE, o BCE e o FMI, est\u00e1 impondo medidas antipopulares muito duras, recorre ao autoritarismo e \u00e0 repress\u00e3o contra os trabalhadores que entram em greve, que lutam, e envolve o pa\u00eds mais profundamente na disputa interimperialista, as interven\u00e7\u00f5es da OTAN, dos EUA e da UE na regi\u00e3o.<\/p>\n<p>A mesma linha de gest\u00e3o do capitalismo esta sendo seguida, por exemplo, pelo Partido PODEMOS na Espanha, assim como por forma\u00e7\u00f5es socialdemocratas em outros pa\u00edses.<\/p>\n<p>O problema \u00e9 muito grave e a postura dos Partidos Comunistas \u00e9 de suma import\u00e2ncia porque somente os Partidos Comunistas que esclarecerem sua posi\u00e7\u00e3o contra todo tipo de gestores do sistema t\u00eam a for\u00e7a de confrontar decisivamente as ilus\u00f5es que a socialdemocracia est\u00e1 fomentando, que tamb\u00e9m \u00e9 um pilar b\u00e1sico do capitalismo e se alterna com os partidos liberais com o objetivo de perpetuar o sistema.<\/p>\n<p>A experi\u00eancia demonstrou que os chamados governos \u201cde esquerda\u201d, \u201cprogressistas\u201d, assim como aqueles que contam com o apoio ou a participa\u00e7\u00e3o de Partidos Comunistas, aplicam uma pol\u00edtica antipopular, medidas duras contra a classe trabalhadora e t\u00eam como finalidade servir \u00e0 rentabilidade e \u00e0 competitividade do capital.<\/p>\n<p>Estes governos levaram ao retrocesso do movimento oper\u00e1rio, \u00e0 assimila\u00e7\u00e3o nos objetivos da burguesia. Ao transcorrer do tempo, a pol\u00edtica antipopular destes governos provocou rea\u00e7\u00f5es populares de massas e o regresso ao governo dos partidos conservadores de direita. Os exemplos na Fran\u00e7a, It\u00e1lia, Chipre, Dinamarca e, recentemente, na Argentina s\u00e3o caracter\u00edsticos.<\/p>\n<p>Estimados camaradas:<\/p>\n<p>\u00c9 preciso utilizar a experi\u00eancia que acumulamos neste per\u00edodo para planificar as seguintes interven\u00e7\u00f5es no per\u00edodo pr\u00f3ximo;<\/p>\n<p>1. Continuar o esfor\u00e7o dos partidos da \u201cIniciativa\u201d para desenvolver a luta trabalhadora e popular em cada pa\u00eds e, ao mesmo tempo, fortalecer o apoio e a solidariedade de nossos partidos com as lutas da classe oper\u00e1ria, dos povos em cada pa\u00eds, contra o capital, contra os governos que expressam seus interesses, contra as uni\u00f5es imperialistas, como s\u00e3o, por exemplo, a UE e a OTAN.<\/p>\n<p>2. Prestar particular aten\u00e7\u00e3o ao enfrentamento, \u00e0 confronta\u00e7\u00e3o do anticomunismo e das cal\u00fanias contra o socialismo, destacando a contribui\u00e7\u00e3o do movimento comunista e da constru\u00e7\u00e3o socialista (na Uni\u00e3o Sovi\u00e9tica e os demais pa\u00edses socialistas) no progresso social. Exigir a partir de v\u00e1rias atividades que se impe\u00e7a todo tipo de persegui\u00e7\u00f5es e a aboli\u00e7\u00e3o das proibi\u00e7\u00f5es da atividade dos Partidos Comunistas e Oper\u00e1rios como, por exemplo, a Ucr\u00e2nia, os pa\u00edses b\u00e1lticos, Europa Oriental e Central.<\/p>\n<p>3. Fortalecer a luta contra as guerras e as interven\u00e7\u00f5es imperialistas na S\u00edria, Iraque, Ucr\u00e2nia, focando em mostrar as causas destas guerras imperialistas, exigindo a desvincula\u00e7\u00e3o de nossos pa\u00edses dos planos imperialistas, refor\u00e7ando a frente contra a OTAN e a UE, reclamando a retirada das bases militares e da infraestrutura, Definir um dia de a\u00e7\u00e3o conjunta para levar a cabo eventos contra as bases dos EUA e da OTAN em cada pa\u00eds.<\/p>\n<p>4. Aprovar, caso estejam de acordo, um texto de aproxima\u00e7\u00e3o conjunta dos partidos da \u201cIniciativa\u201d sobre a quest\u00e3o dos imigrantes e dos refugiados.<\/p>\n<p>5. No primeiro semestre de 2016, dever\u00e3o ser organizados eventos cujo tema ser\u00e1 o texto de Lenin \u201cSobre a palavra de ordem dos Estados Unidos da Europa\u201d e preparar a promo\u00e7\u00e3o da obra importante de Lenin \u201cImperialismo, a fase superior do capitalismo\u201d, que \u00e9 vigente neste per\u00edodo.<\/p>\n<p>6. Desempenhar um papel destacado nos eventos para o dia 8 de Mar\u00e7o, dia de luta das mulheres, para o Primeiro de Maio, para o 9 de Maio, o Dia da Vit\u00f3ria Antifascista dos Povos, e emitir comunicados conjuntos.<\/p>\n<p>7. Fortalecer nossa solidariedade com o povo da Palestina e examinar a possibilidade de enviar uma delega\u00e7\u00e3o da \u201cIniciativa\u201d aos territ\u00f3rios palestinos.<\/p>\n<p>8. Estudar melhor o tema da mudan\u00e7a clim\u00e1tica e fazer uma interven\u00e7\u00e3o a respeito da prote\u00e7\u00e3o do meio ambiente.<\/p>\n<p>Avaliamos que, com base na experi\u00eancia que acumulamos, podemos dar mais passos no pr\u00f3ximo per\u00edodo. Hoje podemos levar a cabo um debate a fundo e concluir um programa de atividades para o per\u00edodo pr\u00f3ximo\u201d.<\/p>\n<p>Tradu\u00e7\u00e3o: Partido Comunista Brasileiro (PCB)<\/p>\n","protected":false},"excerpt":{"rendered":"\u201cA experi\u00eancia demonstrou que os chamados governos \u201cde esquerda\u201d, \u201cprogressistas\u201d, assim como aqueles que contam com o apoio ou a participa\u00e7\u00e3o de Partidos \n<a class=\"moretag\" href=\"https:\/\/pcb.org.br\/portal2\/10172\"> <\/a>","protected":false},"author":1,"featured_media":0,"comment_status":"closed","ping_status":"closed","sticky":false,"template":"","format":"standard","meta":{"jetpack_post_was_ever_published":false,"_jetpack_newsletter_access":"","_jetpack_dont_email_post_to_subs":false,"_jetpack_newsletter_tier_id":0,"_jetpack_memberships_contains_paywalled_content":false,"_jetpack_memberships_contains_paid_content":false,"footnotes":"","jetpack_publicize_message":"","jetpack_publicize_feature_enabled":true,"jetpack_social_post_already_shared":true,"jetpack_social_options":{"image_generator_settings":{"template":"highway","default_image_id":0,"font":"","enabled":false},"version":2}},"categories":[107],"tags":[],"class_list":["post-10172","post","type-post","status-publish","format-standard","hentry","category-c120-grecia"],"jetpack_publicize_connections":[],"jetpack_featured_media_url":"","jetpack_shortlink":"https:\/\/wp.me\/p659gw-2E4","jetpack-related-posts":[],"jetpack_likes_enabled":true,"jetpack_sharing_enabled":true,"_links":{"self":[{"href":"https:\/\/pcb.org.br\/portal2\/wp-json\/wp\/v2\/posts\/10172","targetHints":{"allow":["GET"]}}],"collection":[{"href":"https:\/\/pcb.org.br\/portal2\/wp-json\/wp\/v2\/posts"}],"about":[{"href":"https:\/\/pcb.org.br\/portal2\/wp-json\/wp\/v2\/types\/post"}],"author":[{"embeddable":true,"href":"https:\/\/pcb.org.br\/portal2\/wp-json\/wp\/v2\/users\/1"}],"replies":[{"embeddable":true,"href":"https:\/\/pcb.org.br\/portal2\/wp-json\/wp\/v2\/comments?post=10172"}],"version-history":[{"count":0,"href":"https:\/\/pcb.org.br\/portal2\/wp-json\/wp\/v2\/posts\/10172\/revisions"}],"wp:attachment":[{"href":"https:\/\/pcb.org.br\/portal2\/wp-json\/wp\/v2\/media?parent=10172"}],"wp:term":[{"taxonomy":"category","embeddable":true,"href":"https:\/\/pcb.org.br\/portal2\/wp-json\/wp\/v2\/categories?post=10172"},{"taxonomy":"post_tag","embeddable":true,"href":"https:\/\/pcb.org.br\/portal2\/wp-json\/wp\/v2\/tags?post=10172"}],"curies":[{"name":"wp","href":"https:\/\/api.w.org\/{rel}","templated":true}]}}