{"id":1019,"date":"2010-11-26T13:05:21","date_gmt":"2010-11-26T13:05:21","guid":{"rendered":"http:\/\/pcb.org.br\/portal2\/?p=1019"},"modified":"2010-11-26T13:05:21","modified_gmt":"2010-11-26T13:05:21","slug":"greve-geral-de-24-de-novembro-historica-jornada-dos-trabalhadores-portugueses","status":"publish","type":"post","link":"https:\/\/pcb.org.br\/portal2\/1019","title":{"rendered":"Greve Geral de 24 de Novembro Hist\u00f3rica jornada dos Trabalhadores Portugueses"},"content":{"rendered":"\n<p>A Greve Geral de 24 de Novembro de 2010 paralisou o pa\u00eds.<\/p>\n<p>Mais de tr\u00eas milh\u00f5es de trabalhadores participaram directamente nesta jornada. Pararam grandes empresas industriais. Pararam importantes empresas de servi\u00e7os, com particular destaque para os 400 balc\u00f5es encerrados da CGD. Pararam os transportes rodovi\u00e1rios, ferrovi\u00e1rios, mar\u00edtimos, a\u00e9reos. De mais de 500 voos previstos, n\u00e3o se realizou um \u00fanico. Encerraram os portos mar\u00edtimos e grande parte dos portos de pesca. Pararam tribunais, hospitais, escolas e faculdades, servi\u00e7os municipais, centros de sa\u00fade, postos de correio. Em todo o lado onde h\u00e1 trabalhadores houve ades\u00e3o a este extraordin\u00e1rio dia de luta.<\/p>\n<p>O impacto desta Greve Geral vai muito para al\u00e9m daqueles que nela participaram directamente. A Greve Geral teve a solidariedade activa da popula\u00e7\u00e3o. Teve a solidariedade de muitos pequenos e m\u00e9dios comerciantes e industriais, manifestada expressamente, por exemplo, no encerramento de pequenas empresas por iniciativa dos seus propriet\u00e1rios.<\/p>\n<p>Todo o mundo do trabalho, e em todo o pa\u00eds, participou: oper\u00e1rios, empregados, trabalhadores intelectuais, artistas e outros trabalhadores da cultura, homens, mulheres, jovens. Os trabalhadores prec\u00e1rios, alvo da mais violenta press\u00e3o e chantagem n\u00e3o cederam, como o mostra, por exemplo, a significativa ades\u00e3o nas grandes superf\u00edcies comerciais e hipermercados. Muitos milhares de trabalhadores fizeram pela primeira vez greve nesta impressionante jornada de luta. N\u00e3o esquecer\u00e3o, certamente, este dia em que tomaram o seu lugar no longo combate pela emancipa\u00e7\u00e3o do trabalho.<\/p>\n<p>Em 24 de Novembro de 2010, os trabalhadores portugueses realizaram uma magn\u00edfica afirma\u00e7\u00e3o de dignidade, de coragem, de consci\u00eancia dos seus direitos, de recusa de uma pol\u00edtica que faz deles o alvo de todos os sacrif\u00edcios, de todas as injusti\u00e7as, da explora\u00e7\u00e3o mais desenfreada.<\/p>\n<p>Esta jornada \u00e9, em si, uma extraordin\u00e1ria vit\u00f3ria. Pela dimens\u00e3o que alcan\u00e7ou, pela clareza do que quis afirmar, pela forma como isolou o grande patronato, a pol\u00edtica dos PEC\u2019s, os partidos que a apoiam e o presidente da Rep\u00fablica que os apadrinha.<\/p>\n<p>O Governo S\u00f3crates, como \u00e9 habitual, reagiu mentindo, falsificando dados de ades\u00e3o, repetindo que n\u00e3o h\u00e1 alternativa \u00e0 pol\u00edtica que leva a cabo. Nunca como neste dia ficou t\u00e3o desmascarado perante a realidade.<\/p>\n<p>A realidade esmagadora de um pa\u00eds parado por vontade dos seus trabalhadores. Os mesmos que, com uma outra pol\u00edtica, far\u00e3o o pa\u00eds sair do atoleiro em que a pol\u00edtica de direita o vem colocando.<\/p>\n<p>Os Editores de o di\u00e1rio.info sa\u00fadam fraternalmente os trabalhadores portugueses pela hist\u00f3rica Greve Geral de 24 de Novembro. Trata-se de um muito poderoso passo em frente, num percurso que s\u00f3 as for\u00e7as do trabalho ser\u00e3o capazes de construir.<\/p>\n<p>A luta continua.<\/p>\n<p>Fonte: http:\/\/www.odiario.info\/?p=1877<\/p>\n","protected":false},"excerpt":{"rendered":"\n\n\nCr\u00e9dito: ODiario.info\n\n\n\n\n\n\n\n\nOs Editores de ODi\u00e1rio.info\n<a class=\"moretag\" href=\"https:\/\/pcb.org.br\/portal2\/1019\"> <\/a>","protected":false},"author":1,"featured_media":0,"comment_status":"open","ping_status":"open","sticky":false,"template":"","format":"standard","meta":{"jetpack_post_was_ever_published":false,"_jetpack_newsletter_access":"","_jetpack_dont_email_post_to_subs":false,"_jetpack_newsletter_tier_id":0,"_jetpack_memberships_contains_paywalled_content":false,"_jetpack_memberships_contains_paid_content":false,"footnotes":"","jetpack_publicize_message":"","jetpack_publicize_feature_enabled":true,"jetpack_social_post_already_shared":false,"jetpack_social_options":{"image_generator_settings":{"template":"highway","default_image_id":0,"font":"","enabled":false},"version":2}},"categories":[71],"tags":[],"class_list":["post-1019","post","type-post","status-publish","format-standard","hentry","category-c84-solidariedade"],"jetpack_publicize_connections":[],"jetpack_featured_media_url":"","jetpack_shortlink":"https:\/\/wp.me\/p659gw-gr","jetpack-related-posts":[],"jetpack_likes_enabled":true,"jetpack_sharing_enabled":true,"_links":{"self":[{"href":"https:\/\/pcb.org.br\/portal2\/wp-json\/wp\/v2\/posts\/1019","targetHints":{"allow":["GET"]}}],"collection":[{"href":"https:\/\/pcb.org.br\/portal2\/wp-json\/wp\/v2\/posts"}],"about":[{"href":"https:\/\/pcb.org.br\/portal2\/wp-json\/wp\/v2\/types\/post"}],"author":[{"embeddable":true,"href":"https:\/\/pcb.org.br\/portal2\/wp-json\/wp\/v2\/users\/1"}],"replies":[{"embeddable":true,"href":"https:\/\/pcb.org.br\/portal2\/wp-json\/wp\/v2\/comments?post=1019"}],"version-history":[{"count":0,"href":"https:\/\/pcb.org.br\/portal2\/wp-json\/wp\/v2\/posts\/1019\/revisions"}],"wp:attachment":[{"href":"https:\/\/pcb.org.br\/portal2\/wp-json\/wp\/v2\/media?parent=1019"}],"wp:term":[{"taxonomy":"category","embeddable":true,"href":"https:\/\/pcb.org.br\/portal2\/wp-json\/wp\/v2\/categories?post=1019"},{"taxonomy":"post_tag","embeddable":true,"href":"https:\/\/pcb.org.br\/portal2\/wp-json\/wp\/v2\/tags?post=1019"}],"curies":[{"name":"wp","href":"https:\/\/api.w.org\/{rel}","templated":true}]}}