{"id":102,"date":"2009-09-03T02:39:36","date_gmt":"2009-09-03T02:39:36","guid":{"rendered":"http:\/\/pcb.org.br\/portal2\/?p=102"},"modified":"2009-09-03T02:39:36","modified_gmt":"2009-09-03T02:39:36","slug":"qquando-matam-um-sem-terraq","status":"publish","type":"post","link":"https:\/\/pcb.org.br\/portal2\/102","title":{"rendered":"&#8220;Quando matam um Sem Terra&#8221;"},"content":{"rendered":"<\/p>\n<p>2.<\/p>\n<p>Foi assim nesta jornada,<\/p>\n<p>quando mataram mais um,<\/p>\n<p>o companheiro ELTON BRUM,<\/p>\n<p>n\u00e3o teve tempo pra nada.<\/p>\n<p>Numa arma disparada,<\/p>\n<p>o Estado \u00e9 quem enterra<\/p>\n<p>e uma vida se encerra,<\/p>\n<p>em nome da covardia.<\/p>\n<p>Toda a nossa rebeldia<\/p>\n<p>quando matam um Sem Terra.<\/p>\n<p>3.<\/p>\n<p>\u00c9 o desatino fardado,<\/p>\n<p>armado at\u00e9 os dentes,<\/p>\n<p>at\u00e9 esquecem que s\u00e3o gente,<\/p>\n<p>quando est\u00e3o do outro lado.<\/p>\n<p>E vestidos de soldado,<\/p>\n<p>todo o sonho dilacera,<\/p>\n<p>viol\u00eancia prolifera<\/p>\n<p>tiro certeiro, fatal.<\/p>\n<p>Beiram o irracional,<\/p>\n<p>quando matam um Sem Terra.<\/p>\n<p>4.<\/p>\n<p>Quem \u00e9s tu, torturador,<\/p>\n<p>que tanta dor desatas,<\/p>\n<p>desanima e maltrata<\/p>\n<p>o humilde plantador?<\/p>\n<p>Negas a classe, traidor,<\/p>\n<p>do povo tudo se gera,<\/p>\n<p>te esqueces deveras,<\/p>\n<p>debaixo de um capacete.<\/p>\n<p>D\u00e1 a ordem o Gabinete,<\/p>\n<p>quando matam um Sem Terra.<\/p>\n<p>5.<\/p>\n<p>Em algum lugar da pampa,<\/p>\n<p>ELTON deve de estar,<\/p>\n<p>tranquilo no caminhar,<\/p>\n<p>jeito humilde na estampa.<\/p>\n<p>E algum c\u00e9u se descampa,<\/p>\n<p>coragem se retempera,<\/p>\n<p>outras batalhas se espera,<\/p>\n<p>dois projetos em disputa.<\/p>\n<p>N\u00e3o se desiste da luta,<\/p>\n<p>quando matam um Sem Terra.<\/p>\n<p>Barra do Ribeiro\/RS<\/p>\n<p>27.08.09<\/strong><\/p>\n","protected":false},"excerpt":{"rendered":"&#8220;Quando matam um Sem Terra&#8221;\nPor: Pedro Munhoz\n1.\nQuem contar traz \u00e0 mem\u00f3ria,\nsabendo que a dor existe,\nquando a morte ainda insiste,\nem calar quem faz a Hist\u00f3ria.\nPois quem morre n\u00e3o tem gl\u00f3ria,\nnem tampouco desespera,\n\u00e9 um valente na guerra,\ntomba, em nome da vida.\nDa inten\u00e7\u00e3o ningu\u00e9m duvida,\nquando matam um Sem Terra.\n\n<a class=\"moretag\" href=\"https:\/\/pcb.org.br\/portal2\/102\"> <\/a>","protected":false},"author":1,"featured_media":0,"comment_status":"open","ping_status":"open","sticky":false,"template":"","format":"standard","meta":{"jetpack_post_was_ever_published":false,"_jetpack_newsletter_access":"","_jetpack_dont_email_post_to_subs":false,"_jetpack_newsletter_tier_id":0,"_jetpack_memberships_contains_paywalled_content":false,"_jetpack_memberships_contains_paid_content":false,"footnotes":"","jetpack_publicize_message":"","jetpack_publicize_feature_enabled":true,"jetpack_social_post_already_shared":false,"jetpack_social_options":{"image_generator_settings":{"template":"highway","default_image_id":0,"font":"","enabled":false},"version":2}},"categories":[20],"tags":[],"class_list":["post-102","post","type-post","status-publish","format-standard","hentry","category-c1-popular"],"jetpack_publicize_connections":[],"jetpack_featured_media_url":"","jetpack_shortlink":"https:\/\/wp.me\/p659gw-1E","jetpack-related-posts":[],"jetpack_likes_enabled":true,"jetpack_sharing_enabled":true,"_links":{"self":[{"href":"https:\/\/pcb.org.br\/portal2\/wp-json\/wp\/v2\/posts\/102","targetHints":{"allow":["GET"]}}],"collection":[{"href":"https:\/\/pcb.org.br\/portal2\/wp-json\/wp\/v2\/posts"}],"about":[{"href":"https:\/\/pcb.org.br\/portal2\/wp-json\/wp\/v2\/types\/post"}],"author":[{"embeddable":true,"href":"https:\/\/pcb.org.br\/portal2\/wp-json\/wp\/v2\/users\/1"}],"replies":[{"embeddable":true,"href":"https:\/\/pcb.org.br\/portal2\/wp-json\/wp\/v2\/comments?post=102"}],"version-history":[{"count":0,"href":"https:\/\/pcb.org.br\/portal2\/wp-json\/wp\/v2\/posts\/102\/revisions"}],"wp:attachment":[{"href":"https:\/\/pcb.org.br\/portal2\/wp-json\/wp\/v2\/media?parent=102"}],"wp:term":[{"taxonomy":"category","embeddable":true,"href":"https:\/\/pcb.org.br\/portal2\/wp-json\/wp\/v2\/categories?post=102"},{"taxonomy":"post_tag","embeddable":true,"href":"https:\/\/pcb.org.br\/portal2\/wp-json\/wp\/v2\/tags?post=102"}],"curies":[{"name":"wp","href":"https:\/\/api.w.org\/{rel}","templated":true}]}}