{"id":10228,"date":"2016-01-08T18:08:52","date_gmt":"2016-01-08T21:08:52","guid":{"rendered":"http:\/\/pcb.org.br\/portal2\/?p=10228"},"modified":"2016-02-02T18:17:56","modified_gmt":"2016-02-02T21:17:56","slug":"colombia-2015-um-balanco-necessario","status":"publish","type":"post","link":"https:\/\/pcb.org.br\/portal2\/10228","title":{"rendered":"Col\u00f4mbia 2015: Um balan\u00e7o necess\u00e1rio"},"content":{"rendered":"<p><img data-recalc-dims=\"1\" decoding=\"async\" class=\"imagem\" title=\"imagem\" src=\"https:\/\/i0.wp.com\/www.sul21.com.br\/wp-content\/uploads\/2015\/04\/20150417-6832gs170415-2.jpg?w=747\" alt=\"imagem\" \/>por Sergio Quintero Londo\u00f1o*<\/p>\n<p>No fim do ano de 2014, o ambiente pol\u00edtico da paz na Col\u00f4mbia se agitava ap\u00f3s o desfecho satisfat\u00f3rio com a liberta\u00e7\u00e3o do General Alzate (detido pelas FARC-EP) e especialmente com o an\u00fancio de uma decis\u00e3o in\u00e9dita por parte da insurg\u00eancia: o in\u00edcio de um cessar-fogo unilateral e indefinido, fato que pode ser entendido como prel\u00fadio para o t\u00e9rmino da guerra.<!--more--><\/p>\n<p>Naquele momento, alguns otimistas e vis\u00edveis simpatizantes da guerrilha celebravam o ocorrido com Alzate, apresentando-o como uma demonstra\u00e7\u00e3o irrefut\u00e1vel da for\u00e7a insurgente no controle territorial. Por sua parte, os advers\u00e1rios mais ferrenhos n\u00e3o s\u00f3 das FARC, mas dos di\u00e1logos de paz, gritavam aos quatro ventos que essa era uma das consequ\u00eancias de igualar a \u201cinstitucionalidade democr\u00e1tica\u201d com o \u201cnarco-terrorismo\u201d, e que a \u00fanica resposta aceit\u00e1vel deveria ser o retorno \u00e0 guerra sem quartel. Agora, sem colocar a realidade dos di\u00e1logos de paz em uma t\u00e1bua monocrom\u00e1tica, mas em seu pr\u00f3prio desenvolvimento contradit\u00f3rio, vozes cautelosas tentavam analisar o momento como uma transi\u00e7\u00e3o de ano cheia de desafios, com mais perguntas que respostas, por\u00e9m com convic\u00e7\u00f5es claras sobre a necessidade de dar continuidade e profundidade \u00e0 Mesa de Havana [1].<\/p>\n<p>Hoje o programa de paz \u00e9 muito mais claro e, ainda que se encontre t\u00e3o ou mais carregado de contradi\u00e7\u00f5es que h\u00e1 um ano, os avan\u00e7os alcan\u00e7ados na Mesa deixam uma boa sensa\u00e7\u00e3o na maioria do povo colombiano, que cada vez se mostra mais decidido em apostar na paz e na constru\u00e7\u00e3o de um novo pa\u00eds regido pela democracia e pela justi\u00e7a social.<\/p>\n<p>O ano de 2015 iniciou a Mesa de Di\u00e1logos com pr\u00e9-acordo em 3 dos 6 pontos da agenda (ainda que com ressalvas de fundo em cada um deles: Desenvolvimento agr\u00e1rio integral, Participa\u00e7\u00e3o pol\u00edtica e Narcotr\u00e1fico \u2013 cultivos de uso il\u00edcito) [2]. Os estadistas mais ortodoxos pressionavam o ambiente pol\u00edtico a exigir resultados, gerando grande expectativa frente a um quarto ponto referente a V\u00edtimas e Justi\u00e7a, no qual j\u00e1 tinham apresentado fatos importantes, como a visita dos 5 grupos de v\u00edtimas a Havana, e o \u201cato de contri\u00e7\u00e3o\u201d das FARC frente \u00e0 comunidade de Bojay\u00e1. Al\u00e9m disso, a declara\u00e7\u00e3o insurgente do cessar-fogo unilateral e indefinido a partir de 20 de dezembro ca\u00eda como um raio de luz nas primeiras horas de um t\u00eanue amanhecer.<\/p>\n<p>Nos primeiros meses do ano, se avan\u00e7ou com a relevante e necess\u00e1ria consolida\u00e7\u00e3o da Comiss\u00e3o de G\u00eanero (formada por delegadas de ambas as partes), que ao longo do ano realizou importantes encontros com grupos representativos e organiza\u00e7\u00f5es de mulheres, na ideia de garantir um car\u00e1ter inclusivo a todo o acordado entre as FARC e o Governo. Enquanto a participa\u00e7\u00e3o popular n\u00e3o se dava da maneira exigida pelas organiza\u00e7\u00f5es sociais, as organiza\u00e7\u00f5es que chegavam at\u00e9 Havana davam mostras de vontade e capacidade para superar a guerra, abrindo caminhos para a reconcilia\u00e7\u00e3o de nosso povo. Por esse rumo se encaminhava o acordo de desminagem e descontamina\u00e7\u00e3o de artefatos explosivos, como uma contundente medida humanit\u00e1ria com vistas a reduzir a dor nos departamentos de Antioquia e Meta, dois dos mais atingidos pela viol\u00eancia durante tantos anos de confronto.<\/p>\n<p>No campo internacional, o panorama ficava melhor com o passar dos meses, pois al\u00e9m da reiterada solidariedade de povos e governos vizinhos, tamb\u00e9m se expressavam setores determinantes como a R\u00fassia e o Reino Unido, assim como as Na\u00e7\u00f5es Unidas, o governo dos Estados Unidos e a UNASUL, que em seu devido tempo foram nomeando seus respectivos delegados para acompanhar a Mesa. E ainda que para muitos a nomea\u00e7\u00e3o do delegado estadunidense representasse uma expl\u00edcita ofensa \u00e0 soberania nacional, frente a uma an\u00e1lise respons\u00e1vel sobre a geopol\u00edtica internacional, tais atores deveriam estar presentes nos di\u00e1logos de paz, posto que estiveram de forma permanente e ativa na execu\u00e7\u00e3o da guerra.<\/p>\n<p>Durante o primeiro trimestre, as condi\u00e7\u00f5es objetivas ofereciam um panorama de esperan\u00e7a (ainda que moderado) para a maioria dos setores pol\u00edticos do pa\u00eds, excetuando, \u00e9 claro, o Centro Democr\u00e1tico (eufem\u00edstico nome para um partido que nem \u00e9 de Centro e muito menos Democr\u00e1tico), que se gabava exigindo o fim da Mesa e se aproveitava, de forma oportunista, das permanentes provoca\u00e7\u00f5es das For\u00e7as Militares estatais, que violavam em v\u00e1rias partes da geografia nacional o cessar-fogo insurgente.<\/p>\n<p>Dessa maneira, na \u00e9poca, a Frente Ampla pela Paz j\u00e1 brilhava com luz pr\u00f3pria no papel assumido de supervis\u00e3o e acompanhamento do Cessar-Fogo unilateral. Al\u00e9m disso, recarregaram de energia (e trabalho!!!) esta importante express\u00e3o de unidade popular, que colocando no centro do debate o fim da guerra, tamb\u00e9m chamava a aten\u00e7\u00e3o sobre a justi\u00e7a social e a democratiza\u00e7\u00e3o do pa\u00eds, alcan\u00e7\u00e1vel (n\u00e3o s\u00f3, por\u00e9m fundamentalmente) atrav\u00e9s de uma Assembleia Nacional Constituinte de car\u00e1ter popular. E se a Frente Ampla assumia um papel relevante no que concerne \u00e0 Mesa de Di\u00e1logos, por sua vez a C\u00fapula Agr\u00e1ria, Campesina \u00c9tnica e Popular lembrava ao governo que nos campos colombianos se articulavam importantes setores sociais, que reconheciam e apoiavam determinantemente os di\u00e1logos de paz, deixavam claro que com o acumulado de sua pr\u00f3pria experi\u00eancia e por sonhos coletivos pensavam no desenvolvimento agr\u00e1rio n\u00e3o como o desenvolvimento capitalista sustentado no latif\u00fandio, mas como um cen\u00e1rio de conviv\u00eancia, baseado na soberania alimentar e na produ\u00e7\u00e3o para a vida.<\/p>\n<p>Com a entrada do segundo trimestre, as expectativas cresciam em todos os segmentos da sociedade; desde os mais de 6 milh\u00f5es de deslocados, at\u00e9 os grandes empres\u00e1rios; desde as v\u00edtimas de desaparecimentos e falsos positivos, at\u00e9 seus carrascos criminosos (a grande maioria dos quais desfrutam de impune liberdade). N\u00e3o era menor a expectativa entre as partes sentadas na Mesa, que apesar dos obst\u00e1culos continuava buscando sa\u00eddas consensuais \u00e0 guerra fratricida.<\/p>\n<p>Tais expectativas s\u00f3 poderiam ser traduzidas em conquistas na medida em que ficasse clara a origem, prolongamento e popula\u00e7\u00e3o v\u00edtima da guerra, para poder pensar em sua poss\u00edvel supera\u00e7\u00e3o. \u00c9 assim que a \u201cComiss\u00e3o Hist\u00f3rica do Conflito e suas V\u00edtimas\u201d oferece uma grande contribui\u00e7\u00e3o ao entregar \u00e0 Mesa de Di\u00e1logos e ao pa\u00eds inteiro, um documento amplo e profundo sobre as causas que originaram o conflito e permitiram seu prolongamento, assim como o reconhecimento de v\u00edtimas e assassinos [3]. N\u00e3o \u00e9 necess\u00e1rio ser um grande analista pol\u00edtico para entender que tal documento deixou em apuros o bloco hegem\u00f4nico de poder (Estado, paramilitarismo e grupos de poder conservador), apontado como o principal respons\u00e1vel pela guerra e suas consequ\u00eancias. Aparentemente, a verdade pura e simples assustou n\u00e3o s\u00f3 o governo (sempre acompanhado pela grande imprensa hegem\u00f4nica), mas tamb\u00e9m setores acad\u00eamicos e pol\u00edticos que se negavam a baixar o dedo inquisidor com o qual durante tanto tempo apontaram a insurg\u00eancia.<\/p>\n<p>Outros tipos de express\u00f5es foram abrindo o caminho da reconcilia\u00e7\u00e3o. Uma mostra cristalina de acompanhamento popular em favor da paz se apresentou na massiva mobiliza\u00e7\u00e3o de 9 de abril, que encheu como um rio de esperan\u00e7a as principais ruas de Bogot\u00e1 e algumas cidades capitais. A esta clara mensagem lan\u00e7ada em t\u00e3o emblem\u00e1tica data, se soma a partida de futebol \u201cUm gol pela paz\u201d, organizada pela lideran\u00e7a de Diego Armando Maradona, da qual participaram jogadores nacionais e estrangeiros, que demonstraram condi\u00e7\u00f5es e compromisso ao suar a camisa pela unidade de nosso povo.<\/p>\n<p>No entanto, as constantes provoca\u00e7\u00f5es por parte dos inimigos da paz e as posi\u00e7\u00f5es amb\u00edguas do presidente Santos, geraram outro forte tremor na Mesa (t\u00e3o ou mais forte que o do general Alzate), desdobrando em v\u00e1rios acontecimentos de car\u00e1ter pol\u00edtico e militar durante os meses de abril e maio. Produto de hostilidades e avan\u00e7os terrestres por parte das For\u00e7as Militares contra as FARC, em 14 de abril se apresenta um enfrentamento militar no departamento do Cauca, onde se tem como lament\u00e1vel resultado 11 soldados mortos e outros 17 feridos. A resposta governamental n\u00e3o se fez esperar e decretou uma nova arremetida de bombardeios a\u00e9reos contra acampamentos insurgentes, que h\u00e1 pouco mais de um m\u00eas tinham sido suspensos, como medidas para a diminui\u00e7\u00e3o do conflito. As opera\u00e7\u00f5es conjuntas da pol\u00edcia, do ex\u00e9rcito e da for\u00e7a a\u00e9rea, em 21 de maio, causaram a morte de 27 guerrilheiros, fato que pressionou o fim do cessar-fogo unilateral sustentado pelas FARC desde dezembro do ano anterior. E como se fosse pouco, o presidente Santos, atrav\u00e9s de seu ministro da guerra, Juan Carlos Pinz\u00f3n, ordenou a intensifica\u00e7\u00e3o dos ataques, causando a morte de 10 guerrilheiros em Antioquia, em 23 de maio, e outros 4 em Choc\u00f3 (inclusive de um integrante do Estado Maior Central das FARC), no dia 25 do mesmo m\u00eas.<\/p>\n<p>O que parecia ser um amanhecer entusiasta para um futuro de paz, em poucas semanas se converteu na penumbra mais escura de uma longa noite de guerra.<\/p>\n<p>Ao recrudescimento do enfrentamento militar se agregava uma forte contradi\u00e7\u00e3o pol\u00edtica. Algumas vis\u00f5es encontradas frente ao tema de V\u00edtimas e Justi\u00e7a pareciam esconder o bom ritmo que durante os dois anos anteriores tiveram os di\u00e1logos, pois enquanto o governo pretendia focar seus esfor\u00e7os no debate jur\u00eddico que levou ao encarceramento dos insurgentes; por sua parte, as FARC priorizavam uma leitura pol\u00edtica na qual se colocava em primeira ordem a verdade e a justi\u00e7a. Somado a isso, no territ\u00f3rio colombiano se apresentava um evidente crescimento do paramilitarismo e um enfrentamento cada vez mais intenso entre algumas organiza\u00e7\u00f5es rurais e o ex\u00e9rcito governamental (tal e como aconteceu em El Mango e Inz\u00e1 \u2013 Cauca, onde o campesinato desalojou os militares das bases que tinham sido instaladas em meio \u00e0 popula\u00e7\u00e3o civil) [4].<\/p>\n<p>Entrado o terceiro trimestre, as partes conseguiram direcionar a convulsionada Mesa. Analisando de forma objetiva e com a necessidade de atuar de forma consequente (ainda que essa n\u00e3o fa\u00e7a parte de suas caracter\u00edsticas), o governo reorientou sua a\u00e7\u00e3o militar e acordou com a guerrilha algumas medidas para baixar a intensidade do confronto, tornando p\u00fablico um documento intitulado \u201cAgilizar em Havana e diminuir na Col\u00f4mbia\u201d. A partir deste acordo, as partes tomaram medidas eficazes para melhorar o ambiente de di\u00e1logo e alcan\u00e7ar no menor tempo poss\u00edvel um acordo sobre os pontos restantes da agenda. As medidas das FARC foram implementadas, quase que de forma imediata, ao decretar (pela sexta vez) um cessar fogo unilateral (que se estendeu at\u00e9 os dias atuais). No entanto, as a\u00e7\u00f5es governamentais n\u00e3o estiveram orientadas para o mesmo caminho, pois tal e como feito historicamente, ativou seu aparato repressor contra os movimentos sociais, primeiro contra o Congresso dos Povos, que sofreu a deten\u00e7\u00e3o de v\u00e1rios de seus integrantes atrav\u00e9s das j\u00e1 conhecidas montagens judiciais, e posteriormente contra a Marcha Patri\u00f3tica. Na figura do professor Miguel \u00c1ngel Beltr\u00e1n e do l\u00edder ind\u00edgena Feliciano Valencia, a repress\u00e3o exercida por parte do Estado contra o pensamento cr\u00edtico e as organiza\u00e7\u00f5es sociais de car\u00e1ter progressista e revolucion\u00e1rio se refletiam. Tamb\u00e9m neles se mostrava o esp\u00edrito daqueles que n\u00e3o param, nem sequer nas circunst\u00e2ncias mais adversas, quando se trata de obter a paz.<\/p>\n<p><a name=\"1520e1a50361a383_151d1d680cf29ad8__ftnre\"><\/a> O \u00faltimo trimestre veio carregado de tens\u00f5es e esperan\u00e7as. Um ator pol\u00edtico cobrava reconhecimento adotando as express\u00f5es mais desesperadas para chamar a aten\u00e7\u00e3o da Mesa de Di\u00e1logos e do povo colombiano. Centenas de presos pol\u00edticos de diferentes c\u00e1rceres (que j\u00e1 alcan\u00e7am o preocupante n\u00famero de 10 mil) arriscavam sua integridade f\u00edsica mais uma vez durante uma greve de fome, em que exigiam m\u00ednimas condi\u00e7\u00f5es de assist\u00eancia m\u00e9dica e tratamento digno dentro dos centros penitenci\u00e1rios. Corpos dilacerados \u00e0 beira da morte e bocas costuradas como express\u00e3o de protesto, foram imagens escandalosas que circularam em diferentes redes sociais, tanto na Col\u00f4mbia como no exterior. N\u00e3o existia escapat\u00f3ria: ou o Estado tomava as r\u00e9deas no assunto, ou as press\u00f5es exercidas pelos presos aumentaria at\u00e9 adquirir a magnitude de um esc\u00e2ndalo internacional\u2026 Como os povos do mundo poder\u00e3o entender que na suposta democracia mais antiga da regi\u00e3o se prende aos milhares os dirigentes sociais, que s\u00e3o submetidos a cru\u00e9is torturas no interior dos c\u00e1rceres? [5]<\/p>\n<p>O que para alguns era um gesto de paz, para outros era uma medida calculada com o objetivo de acalmar os \u00e2nimos em um ponto espec\u00edfico do debate pol\u00edtico. O caso \u00e9 que um de seus resultados foi o compromisso governamental de indultar 30 guerrilheiros das FARC, declara\u00e7\u00e3o que causou todo tipo de opini\u00e3o na grande imprensa.<\/p>\n<p>E ainda que parecesse surgir outro n\u00f3 g\u00f3rdio em torno da proposta insurgente dos Territ\u00f3rios pela Paz (TERREPAZ), rapidamente apareceram sinais indicando que os esfor\u00e7os realizados durante quase um ano e meio, apontavam resultados concretos em mat\u00e9ria de V\u00edtimas e Justi\u00e7a. A imagem de Santos e Timochenko apertando a m\u00e3o sob o apadrinhamento de Ra\u00fal Castro, rapidamente deu a volta ao mundo, sendo expressivo o apoio ao processo de paz pelas diferentes latitudes.<\/p>\n<p>N\u00e3o obstante, a alegria da imagem de Santos e Timochenko parecia se diluir poucas horas depois. Tens\u00f5es, contradi\u00e7\u00f5es e mal entendidos se apoderaram do comunicado conjunto da Jurisdi\u00e7\u00e3o Especial pela Paz, e foram necess\u00e1rios quase dois meses de discuss\u00e3o entre as partes e suas comiss\u00f5es de assessores jur\u00eddicos para destravar o ponto que tanta expectativa tinha criado. Enquanto o governo expressava que o documento assinado pelo presidente Santos em 23 de setembro em Havana era um documento em desenvolvimento, as FARC insistiam que o citado documento j\u00e1 tinha sido acordado e, inclusive, legitimado pelos pa\u00edses garantidores e acompanhantes.<\/p>\n<p>Finalmente, o ano de 2015 se encerra com a t\u00e3o ansiada not\u00edcia apresentada em 15 de dezembro pelos chefes das duas delega\u00e7\u00f5es de paz, que apresentaram ao mundo o pr\u00e9-acordo sobre V\u00edtimas e a jurisdi\u00e7\u00e3o especial para a paz. <span lang=\"es-ES\">N\u00e3o poderia ser de outra forma. <\/span>As partes se comprometem a esclarecer todos os acontecimentos que originaram e prolongaram o conflito, a garantir os direitos das v\u00edtimas e a gerar as condi\u00e7\u00f5es sociojur\u00eddicas para uma efetiva participa\u00e7\u00e3o da insurg\u00eancia na atividade pol\u00edtica legal. E ainda que n\u00e3o faltassem vozes dissidentes, como as do Centro e do conhecid\u00edssimo procurador Ordo\u00f1ez, o pr\u00e9-acordo novamente acende os \u00e2nimos do povo colombiano, ambientando um final de ano protagonizado pela paz e fraternidade.<\/p>\n<p>Se 2015 se encarregou de mostrar mais pr\u00f3xima a possibilidade de paz, esperamos que o ano de 2016 seja o momento real em que o futuro de nosso povo se direcione por um novo caminho. Nesta nova rota a justi\u00e7a social deve funcionar como b\u00fassola, sendo nosso horizonte uma nova Col\u00f4mbia, que procure superar as condi\u00e7\u00f5es do capital.<\/p>\n<p>Rio de Janeiro, 23 de dezembro de 2015.<\/p>\n<p>OBS: Na presente data, s\u00e3o de conhecimento os avan\u00e7os sobre o ponto Fim do Conflito, pois, h\u00e1 v\u00e1rios meses, uma comiss\u00e3o t\u00e9cnica vem trabalhando no assunto, obtendo alguns acordos pr\u00e9vios e, inclusive, iniciando a implementa\u00e7\u00e3o de importantes medidas. Restaria o pol\u00eamico ponto de Referendo e Implementa\u00e7\u00e3o, que parece, reflete as posi\u00e7\u00f5es controversas na Mesa de Havana. Enquanto o governo joga sua \u00faltima carta em mat\u00e9ria de referendo atrav\u00e9s de um Plebiscito, as FARC consideram que a melhor sa\u00edda \u00e9 uma Assembleia Nacional Constituinte&#8230; Amanhecer\u00e1 e veremos.<\/p>\n<p>*Militante da Marcha Patri\u00f3tica.<\/p>\n<p>[1] Na \u00e9poca, tive a oportunidade de expressar algumas ideias que ainda hoje se encontram vigentes. Ver <a href=\"http:\/\/pcb.org.br\/portal2\/7267\" target=\"_blank\"><u>http:\/\/pcb.org.br\/portal2\/7267<\/u><\/a><\/p>\n<p>[2] Os documentos de pr\u00e9-acordos podem se consultados na p\u00e1gina da Mesa de Di\u00e1logos. <a href=\"https:\/\/www.mesadeconversaciones.com.co\/documentos-y-comunicados\" target=\"_blank\"><u>https:\/\/www.mesadeconversaciones.com.co\/documentos-y-comunicados<\/u><\/a><\/p>\n<p>[3] Na Col\u00f4mbia, pelo menos dois editoriais se encarregaram de difundir o documento (Gentes del Com\u00fan o fez de maneira parcial e Desde Debajo de maneira integral). Para uma consulta na internet, ver <a href=\"http:\/\/www.altocomisionadoparalapaz.gov.co\/oacp\/Pages\/informes-especiales\/resumen-informe-comision-historica-conflicto-victimas\/el-conflicto-y-sus-victimas.aspx\" target=\"_blank\"><u>http:\/\/www.altocomisionadoparalapaz.gov.co\/oacp\/Pages\/informes-especiales\/resumen-informe-comision-historica-conflicto-victimas\/el-conflicto-y-sus-victimas.aspx<\/u><\/a><\/p>\n<p>Tamb\u00e9m pode ser consultado o v\u00eddeo publicado pelas FARC-EP <a href=\"https:\/\/www.youtube.com\/watch?v=GxjBAULRJKQ\" target=\"_blank\"><u>https:\/\/www.youtube.com\/watch?v=GxjBAULRJKQ<\/u><\/a><\/p>\n<p>[4] Um pouco antes de acabar o segundo trimestre, e em meio ao ambiente mais complexo, em uma entrevista realizada na Universidade de Santa Catarina (Brasil), tentei explicar alguns pontos de an\u00e1lise sobre o avan\u00e7o do processo de paz e da conjuntura. Ver <a href=\"https:\/\/www.youtube.com\/watch?v=wQEpfMDLyc8\" target=\"_blank\"><u>https:\/\/www.youtube.com\/watch?v=wQEpfMDLyc8<\/u><\/a><\/p>\n<p>[5] Na \u00e9poca, a Delega\u00e7\u00e3o de Paz da FARC-EP tornou p\u00fablico um document\u00e1rio onde chamam a aten\u00e7\u00e3o sobre os presos pol\u00edticos e, especialmente, sobre os prisioneiros de guerra. Ver <a href=\"https:\/\/www.youtube.com\/watch?v=h2vJTNXLSy0\" target=\"_blank\"><u>https:\/\/www.youtube.com\/watch?v=h2vJTNXLSy0<\/u><\/a><\/p>\n<p><i><b>Tradu\u00e7\u00e3o: Partido Comunista Brasileiro (PCB)<\/b><\/i><\/p>\n","protected":false},"excerpt":{"rendered":"por Sergio Quintero Londo\u00f1o* No fim do ano de 2014, o ambiente pol\u00edtico da paz na Col\u00f4mbia se agitava ap\u00f3s o desfecho satisfat\u00f3rio \n<a class=\"moretag\" href=\"https:\/\/pcb.org.br\/portal2\/10228\"> <\/a>","protected":false},"author":1,"featured_media":0,"comment_status":"closed","ping_status":"closed","sticky":false,"template":"","format":"standard","meta":{"jetpack_post_was_ever_published":false,"_jetpack_newsletter_access":"","_jetpack_dont_email_post_to_subs":false,"_jetpack_newsletter_tier_id":0,"_jetpack_memberships_contains_paywalled_content":false,"_jetpack_memberships_contains_paid_content":false,"footnotes":"","jetpack_publicize_message":"","jetpack_publicize_feature_enabled":true,"jetpack_social_post_already_shared":true,"jetpack_social_options":{"image_generator_settings":{"template":"highway","default_image_id":0,"font":"","enabled":false},"version":2}},"categories":[34],"tags":[],"class_list":["post-10228","post","type-post","status-publish","format-standard","hentry","category-c39-colombia"],"jetpack_publicize_connections":[],"jetpack_featured_media_url":"","jetpack_shortlink":"https:\/\/wp.me\/p659gw-2EY","jetpack-related-posts":[],"jetpack_likes_enabled":true,"jetpack_sharing_enabled":true,"_links":{"self":[{"href":"https:\/\/pcb.org.br\/portal2\/wp-json\/wp\/v2\/posts\/10228","targetHints":{"allow":["GET"]}}],"collection":[{"href":"https:\/\/pcb.org.br\/portal2\/wp-json\/wp\/v2\/posts"}],"about":[{"href":"https:\/\/pcb.org.br\/portal2\/wp-json\/wp\/v2\/types\/post"}],"author":[{"embeddable":true,"href":"https:\/\/pcb.org.br\/portal2\/wp-json\/wp\/v2\/users\/1"}],"replies":[{"embeddable":true,"href":"https:\/\/pcb.org.br\/portal2\/wp-json\/wp\/v2\/comments?post=10228"}],"version-history":[{"count":0,"href":"https:\/\/pcb.org.br\/portal2\/wp-json\/wp\/v2\/posts\/10228\/revisions"}],"wp:attachment":[{"href":"https:\/\/pcb.org.br\/portal2\/wp-json\/wp\/v2\/media?parent=10228"}],"wp:term":[{"taxonomy":"category","embeddable":true,"href":"https:\/\/pcb.org.br\/portal2\/wp-json\/wp\/v2\/categories?post=10228"},{"taxonomy":"post_tag","embeddable":true,"href":"https:\/\/pcb.org.br\/portal2\/wp-json\/wp\/v2\/tags?post=10228"}],"curies":[{"name":"wp","href":"https:\/\/api.w.org\/{rel}","templated":true}]}}