{"id":10236,"date":"2016-01-09T19:30:53","date_gmt":"2016-01-09T22:30:53","guid":{"rendered":"http:\/\/pcb.org.br\/portal2\/?p=10236"},"modified":"2016-02-02T18:18:19","modified_gmt":"2016-02-02T21:18:19","slug":"alarme-na-venezuela","status":"publish","type":"post","link":"https:\/\/pcb.org.br\/portal2\/10236","title":{"rendered":"Alarme na Venezuela"},"content":{"rendered":"<p><img data-recalc-dims=\"1\" decoding=\"async\" class=\"imagem\" title=\"imagem\" src=\"https:\/\/i0.wp.com\/www.cartamaior.com.br\/arquivosCartaMaior\/FOTO\/170\/71841850C3E2A2953B42D0A4343563EB7CA6EA9197BBEF31AD3B65EA59C96614.jpg?w=747\" alt=\"imagem\" \/>A Am\u00e9rica Latina n\u00e3o merece ver uma S\u00edria ser criada no seu territ\u00f3rio &#8211; isso seria o pior dos mundos.<\/p>\n<p>Jeferson Miola<!--more--><\/p>\n<p>A Nota Oficial das For\u00e7as Armadas da Venezuela, que adiante publicamos traduzida para o portugu\u00eas, pode assumir uma dimens\u00e3o hist\u00f3rico -jornal\u00edstica de grande alcance. N\u00e3o se pode desprezar que a evolu\u00e7\u00e3o dos acontecimentos na na\u00e7\u00e3o bolivariana poder\u00e1 trazer desfechos indesej\u00e1veis.<\/p>\n<p>A Nota tem a linguagem e o tom que s\u00e3o pr\u00f3prios do apaixonado debate pol\u00edtico-ideol\u00f3gico na Venezuela, com chavistas e oposi\u00e7\u00e3o [da moderada \u00e0 fascista] duelando em elevados decib\u00e9is.<\/p>\n<p>O texto, dur\u00edssimo na mensagem, \u00e9 escrito por um ator cujo poder est\u00e1 gravado na Constitui\u00e7\u00e3o Bolivariana e nas Leis do pa\u00eds. O poder da Rep\u00fablica Bolivariana, \u00e9 bom lembrar, \u00e9 sustentado pela \u201ccoaliz\u00e3o c\u00edvico-militar\u201d bolivariana.<\/p>\n<p>A oposi\u00e7\u00e3o rec\u00e9m empossada para dirigir a Assembl\u00e9ia Nacional do pa\u00eds pretende converter o Parlamento no contra-poder \u00e0 Revolu\u00e7\u00e3o Bolivariana; na pr\u00f3pria Contra-Revolu\u00e7\u00e3o. Nos primeiros gestos, agride os valores, s\u00edmbolos e imagens que, goste-se ou n\u00e3o, est\u00e3o escritos na Constitui\u00e7\u00e3o promulgada em 1999.<\/p>\n<p>Aparentemente, por essa raz\u00e3o os militares venezuelanos se manifestaram com indisfar\u00e7\u00e1vel gravidade. O texto pode ser tomado como o prel\u00fadio de escaramu\u00e7as no pa\u00eds vizinho. Melhor seria a oposi\u00e7\u00e3o exercer sua legitimidade na plenitude, por\u00e9m no marco da mais absoluta constitucionalidade e legalidade.<\/p>\n<p>Do contr\u00e1rio, a temperatura pol\u00edtica e a conflitividade social poder\u00e3o aumentar, assumindo padr\u00f5es preocupantes. No curso da hist\u00f3ria, quando o embate evolui para a viol\u00eancia, o impasse pode desembocar em situa\u00e7\u00f5es de guerra civil.<\/p>\n<p>Oxal\u00e1 n\u00e3o seja esta a evolu\u00e7\u00e3o dos acontecimentos na Venezuela, porque de outro modo estar\u00edamos ingressando numa etapa perturbadora da geopol\u00edtica regional e tamb\u00e9m mundial. Os Estados Unidos, como a hist\u00f3ria ensina, n\u00e3o ficariam indiferentes \u00e0 crise na Venezuela, assim como n\u00e3o s\u00e3o indiferentes hoje \u2013 vide as intromiss\u00f5es e desestabiliza\u00e7\u00f5es diretas ou apoiadas\/financiadas que promove no pa\u00eds petro-caribenho.<\/p>\n<p>A Am\u00e9rica Latina n\u00e3o merece ver uma S\u00edria ser criada no seu territ\u00f3rio \u2013 isso seria o pior dos mundos.<\/p>\n<p><b><i>Comunicado da For\u00e7a Armada Nacional Bolivariana em desagravo ao ultraje da mem\u00f3ria do libertador Sim\u00f3n Bolivar, \u00e0 mem\u00f3ria do comandante supremo Hugo Ch\u00e1vez, ao presidente constitucional da Rep\u00fablica como personifica\u00e7\u00e3o do Estado e Comandante da For\u00e7a Armada Nacional Bolivariana e \u00e0 honra militar<\/i><\/b><\/p>\n<p>A For\u00e7a Armada Nacional Bolivariana, em inquebrant\u00e1vel unidade, e consciente do momento hist\u00f3rico que vive nosso pa\u00eds, expressa a todo o povo venezuelano sua profunda indigna\u00e7\u00e3o pela forma desrespeitosa, carregada de desprezo e soberba, onde se ordenou a retirada das imagens de nosso libertador Sim\u00f3n Bolivar, do comandante supremo da revolu\u00e7\u00e3o bolivariana Hugo Ch\u00e1vez e do cidad\u00e3o Nicol\u00e1s Maduro Moros, Presidente Constitucional da Rep\u00fablica Bolivariana da Venezuela, das instala\u00e7\u00f5es do Pal\u00e1cio Federal Legislativo, onde ocorreu a rec\u00e9m instalada Assembleia Nacional.<\/p>\n<p>Sim\u00f3n Bol\u00edvar \u00e9 o pai da p\u00e1tria, homem de alt\u00edssima honra, um s\u00edmbolo sagrado para todos n\u00f3s e de especial\u00edssimo valor para a Am\u00e9rica Latina. Sua gigantesca obra emancipat\u00f3ria deu a independ\u00eancia a cinco na\u00e7\u00f5es e permitiu a funda\u00e7\u00e3o de outra, epop\u00e9ia her\u00f3ica reconhecida no mundo inteiro que permanece inc\u00f3lume na consci\u00eancia coletiva de todos os seres humanos amantes da liberdade, por tal raz\u00e3o, as representa\u00e7\u00f5es materiais que dele foram feitas, de qualquer natureza e origem, ser\u00e3o sempre objeto de admira\u00e7\u00e3o e respeito de quem orgulhosamente somos herdeiros de suas gl\u00f3rias. A nova imagem de seu rosto sendo usada oficialmente nas depend\u00eancias p\u00fablicas, \u00e9 o produto de uma investiga\u00e7\u00e3o cient\u00edfica com com participa\u00e7\u00e3o de atores nacionais e internacionais, cujo objetivo n\u00e3o foi outro al\u00e9m de exaltar sua mem\u00f3ria<br \/>\n<b><br \/>\n<\/b><br \/>\nA hist\u00f3ria de Bol\u00edvar \u00e9 a hist\u00f3ria da Venezuela, e a hist\u00f3ria da Venezuela \u00e9 a hist\u00f3ria da Am\u00e9rica!<\/p>\n<p>Nossa Carta Magna, que nasceu de um processo constituinte sem precedentes, invoca o exemplo hist\u00f3rico do libertador e por tal motivo, neste mesmo processo, a Rep\u00fablica adquiriu ser car\u00e1ter bolivariano; continua sendo hoje a Rep\u00fablica Bolivariana da Venezuela, a transforma\u00e7\u00e3o pol\u00edtica, social e econ\u00f4mica que ocorre na Venezuela surge destas ra\u00edzes, desta mesma doutrina institu\u00edda pelo pr\u00f3prio libertador; \u00e9 indefectivelmente a Revolu\u00e7\u00e3o Bolivariana. Como consequ\u00eancia, os soldados e soldadas da P\u00e1tria estamos orgulhosos de ser, de sentirmo-nos e de nos chamarmos bolivarianos, e agora sermos a For\u00e7a Armada Nacional Bolivariana.<\/p>\n<p>De outro lado, o Comandante Supremo Hugo Rafael Ch\u00e1vez Fr\u00edas \u00e9 um filho desta na\u00e7\u00e3o, forjado no calor de nossas academias militares.<\/p>\n<p>Em sua Carreira militar, desde onde, sempre embasado no ide\u00e1rio e a\u00e7\u00e3o de Bol\u00edvar, empreendeu a colossal transforma\u00e7\u00e3o dos destinos do Pa\u00eds, para resgatar um povo oprimido pela oligarquia que promovia o sistema de capitalista de explora\u00e7\u00e3o, para colocar sua vis\u00e3o de um mundo multipolar, da necess\u00e1ria integra\u00e7\u00e3o latinoamericana, socialista, anti-imperialista e profundamente humanista, transcendeu nossas fronteiras para levar benef\u00edcios aos mais despossu\u00eddos e vulner\u00e1veis em distintas latitudes, colocando os pobres em um altar, suas conquistas do ponto de vista social s\u00e3o inumer\u00e1veis: milh\u00f5es de compatriotas foram beneficiados, orientados sempre a garantir a maior soma de felicidade poss\u00edvel. Tal como fez Bol\u00edvar, dedicou e ofereceu sua vida a servi\u00e7o de sua na\u00e7\u00e3o, \u00e0 sua defesa e desenvolvimento, despertando a consci\u00eancia nacionalista de todos os venezuelanos e venezuelanas que habitam esta terra graciosa.<\/p>\n<p>Da mesma maneira, o presidente constitucional da Rep\u00fablica Bolivariana da Venezuela, Comandante da For\u00e7a Armada Nacional Bolivariana, Nicol\u00e1s Maduro Moros \u00e9 a m\u00e1xima autoridade do Estado, eleito pelo voto popular, enfrentou complexos obst\u00e1culos, adversidades de todo tipo e seguindo os passos de Bol\u00edvar, hoje defende o interesse nacional, pelo qual reiteramos nossa absoluta lealdade e irrestrito apoio.<\/p>\n<p>Agredir a mem\u00f3ria eterna daqueles que j\u00e1 n\u00e3o est\u00e3o mais fisicamente entre n\u00f3s \u00e9 um ato decadente e nojento que acaba com o princ\u00edpio da honra militar, que se materializa diante da tomada de consci\u00eancia no contexto de uma sociedade que se rege por princ\u00edpios cidad\u00e3os. Ultrajaram a honra militar! Por tudo isso, a For\u00e7a Armada Nacional Bolivariana, cujos integrantes somos de irredut\u00edvel voca\u00e7\u00e3o bolivariana e consequentemente chavista, recha\u00e7amos categoricamente qualquer ato no qual se desrespeite e se manche a mem\u00f3ria de homens t\u00e3o destacados, defensores da justi\u00e7a e da igualdade, pois ao faz\u00ea-lo se ofende tamb\u00e9m a dignidade e as mais puras tradi\u00e7\u00f5es venezuelanas e de toda Am\u00e9rica. Exigimos que acabem imediatamente com atos desta natureza, que em nada contribuem com a harmonia, e entendimento e a paz entre nossos conterr\u00e2neos.<\/p>\n<p><i>\u201cCh\u00e1vez vive, a P\u00e1tria segue\u201d<\/i><br \/>\n<i>\u201cIndepend\u00eancia e P\u00e1tria Socialista\u2026\u201d<\/i><br \/>\n<i>\u201cViveremos e venceremos\u201d<\/i><\/p>\n<p>Vladimir Padrino L\u00f3pes<br \/>\nGeneral<\/p>\n<p>Ministro do Poder Popular para a defesa e comandante estrat\u00e9gico operacional<\/p>\n<p>http:\/\/www.cartamaior.com.br\/?\/Editoria\/Internacional\/Alarme-na-Venezuela\/6\/35288<\/p>\n","protected":false},"excerpt":{"rendered":"A Am\u00e9rica Latina n\u00e3o merece ver uma S\u00edria ser criada no seu territ\u00f3rio &#8211; isso seria o pior dos mundos. Jeferson Miola\n<a class=\"moretag\" href=\"https:\/\/pcb.org.br\/portal2\/10236\"> <\/a>","protected":false},"author":1,"featured_media":0,"comment_status":"closed","ping_status":"closed","sticky":false,"template":"","format":"standard","meta":{"jetpack_post_was_ever_published":false,"_jetpack_newsletter_access":"","_jetpack_dont_email_post_to_subs":false,"_jetpack_newsletter_tier_id":0,"_jetpack_memberships_contains_paywalled_content":false,"_jetpack_memberships_contains_paid_content":false,"footnotes":"","jetpack_publicize_message":"","jetpack_publicize_feature_enabled":true,"jetpack_social_post_already_shared":true,"jetpack_social_options":{"image_generator_settings":{"template":"highway","default_image_id":0,"font":"","enabled":false},"version":2}},"categories":[45],"tags":[],"class_list":["post-10236","post","type-post","status-publish","format-standard","hentry","category-c54-venezuela"],"jetpack_publicize_connections":[],"jetpack_featured_media_url":"","jetpack_shortlink":"https:\/\/wp.me\/p659gw-2F6","jetpack-related-posts":[],"jetpack_likes_enabled":true,"jetpack_sharing_enabled":true,"_links":{"self":[{"href":"https:\/\/pcb.org.br\/portal2\/wp-json\/wp\/v2\/posts\/10236","targetHints":{"allow":["GET"]}}],"collection":[{"href":"https:\/\/pcb.org.br\/portal2\/wp-json\/wp\/v2\/posts"}],"about":[{"href":"https:\/\/pcb.org.br\/portal2\/wp-json\/wp\/v2\/types\/post"}],"author":[{"embeddable":true,"href":"https:\/\/pcb.org.br\/portal2\/wp-json\/wp\/v2\/users\/1"}],"replies":[{"embeddable":true,"href":"https:\/\/pcb.org.br\/portal2\/wp-json\/wp\/v2\/comments?post=10236"}],"version-history":[{"count":0,"href":"https:\/\/pcb.org.br\/portal2\/wp-json\/wp\/v2\/posts\/10236\/revisions"}],"wp:attachment":[{"href":"https:\/\/pcb.org.br\/portal2\/wp-json\/wp\/v2\/media?parent=10236"}],"wp:term":[{"taxonomy":"category","embeddable":true,"href":"https:\/\/pcb.org.br\/portal2\/wp-json\/wp\/v2\/categories?post=10236"},{"taxonomy":"post_tag","embeddable":true,"href":"https:\/\/pcb.org.br\/portal2\/wp-json\/wp\/v2\/tags?post=10236"}],"curies":[{"name":"wp","href":"https:\/\/api.w.org\/{rel}","templated":true}]}}