{"id":10262,"date":"2016-01-16T22:16:09","date_gmt":"2016-01-17T01:16:09","guid":{"rendered":"http:\/\/pcb.org.br\/portal2\/?p=10262"},"modified":"2016-02-11T22:38:18","modified_gmt":"2016-02-12T01:38:18","slug":"o-ano-da-paz-tambem-deve-ser-o-ano-do-respeito-aos-direitos-humanos-nas-prisoes","status":"publish","type":"post","link":"https:\/\/pcb.org.br\/portal2\/10262","title":{"rendered":"O Ano da Paz tamb\u00e9m deve ser o ano do respeito aos direitos humanos nas pris\u00f5es"},"content":{"rendered":"<p><img data-recalc-dims=\"1\" decoding=\"async\" class=\"imagem\" title=\"imagem\" src=\"https:\/\/i0.wp.com\/www.pazfarc-ep.org\/modules\/mod_news_pro_gk5\/cache\/k2.items.cache.df95c3d9029788dcdb6f520e9151056c_XLnsp-545.jpg?w=747\" alt=\"imagem\" \/><br \/>\nHavana, Cuba, sede dos di\u00e1logos de paz, 15 de janeiro de 2016<\/p>\n<p>Convocamos todos os colombianos a se perguntarem como \u00e9 poss\u00edvel que em meio a um processo de paz que avan\u00e7a para a possibilidade de concluir-se com um acordo definitivo e que se entende deve basear-se no respeito aos direitos humanos de todos os colombianos, continuem as agress\u00f5es aos prisioneiros pol\u00edticos e de guerra nos c\u00e1rceres e pris\u00f5es da Col\u00f4mbia.<!--more--><\/p>\n<p>A situa\u00e7\u00e3o n\u00e3o s\u00f3 n\u00e3o melhora como, pelo contr\u00e1rio, se torna, dia ap\u00f3s dia, mais dram\u00e1tica. Em pris\u00f5es como ERON Picota e El Buen Pastor, o comportamento e a atitude n\u00e3o s\u00f3 dos guardas do INPEC como das pr\u00f3prias normativas carcer\u00e1rias, \u00e9 mais pr\u00f3prio de uma ditadura criminosa que de um Estado de Direito. Pisoteando as mais elementares normas humanit\u00e1rias, pretende-se subjugar os integrantes das FARC-EP e demais prisioneiros de guerra e pol\u00edticos.<\/p>\n<p>Com base nos acordos j\u00e1 obtidos e em aplica\u00e7\u00e3o dos distintos tratados internacionais dos quais o Estado colombiano \u00e9 signat\u00e1rio, \u00e9 poss\u00edvel a solu\u00e7\u00e3o desta situa\u00e7\u00e3o que a todas as luzes se contrap\u00f5e aos anseios de paz e reconcilia\u00e7\u00e3o das imensas maiorias de nosso pa\u00eds.<\/p>\n<p>No entanto, nossas companheiras e companheiros prisioneiros est\u00e3o sendo v\u00edtimas n\u00e3o apenas das habituais arbitrariedades das autoridades carcer\u00e1rias, que como no caso do Buen Pastor, se caracterizam por obrigar as prisioneiras a ficarem nuas para serem revistadas at\u00e9 ferir suas zonas genitais cada vez que a guarda desse centro almeja. Enquanto isso, nos p\u00e1tios 5 e 6 do ERON Picota, alguns grupos de presos sociais e paramilitares em conluio com a guarda do INPEC pretendem abusar e extorquir os prisioneiros pol\u00edticos e de guerra.<\/p>\n<p>Se faz necess\u00e1ria, como medida imediata que ponha fim a estas arbitrariedades e abusos, a localiza\u00e7\u00e3o de todos os prisioneiros pol\u00edticos e de guerra em c\u00e1rceres e p\u00e1tios separados dos demais prisioneiros, antes que se apresente um desfecho indesejado e ainda a realiza\u00e7\u00e3o de brigadas de sa\u00fade e a agiliza\u00e7\u00e3o do indulto. O Estado colombiano e o Governo do Presidente Santos n\u00e3o podem continuar fugindo de sua responsabilidade frente ao cumprimento de seus compromissos internacionais com os direitos humanos e o DIH.<\/p>\n<p>Todo o sistema penitenci\u00e1rio e carcer\u00e1rio est\u00e1 podre. A pol\u00edtica criminosa e penitenci\u00e1ria deve ser transformada. Essa \u00e9 uma realidade inquestion\u00e1vel.<\/p>\n<p>Chamamos a aten\u00e7\u00e3o das ag\u00eancias humanit\u00e1rias das Na\u00e7\u00f5es Unidas, do CICV, da Procuradoria, da Defensoria P\u00fablica e do conjunto de organiza\u00e7\u00f5es sociais e partidos pol\u00edticos para que se pronunciem em torno desta problem\u00e1tica, que choca com a realidade do processo de paz que se desenvolve na cidade de Havana.<\/p>\n<p>Assinamos embaixo das palavras de nossos camaradas que clamam por justi\u00e7a de seus confinamentos desnecess\u00e1rios: Se este \u00e9 o ano da paz, que esta chegue tamb\u00e9m com a mais ampla anistia poss\u00edvel para os seres humanos feitos de carne em degrada\u00e7\u00e3o nos c\u00e1rceres e penitenci\u00e1rias do Pa\u00eds.<\/p>\n<p>DELEGA\u00c7\u00c3O DE PAZ DAS FARC-EP<\/p>\n<p>Fonte: http:\/\/www.pazfarc-ep.org\/noticias-comunicados-documentos-farc-ep\/delegacion-de-paz-farc-ep\/3284<\/p>\n<p>Tradu\u00e7\u00e3o: Partido Comunista Brasileiro (PCB)<\/p>\n","protected":false},"excerpt":{"rendered":"Havana, Cuba, sede dos di\u00e1logos de paz, 15 de janeiro de 2016 Convocamos todos os colombianos a se perguntarem como \u00e9 poss\u00edvel que \n<a class=\"moretag\" href=\"https:\/\/pcb.org.br\/portal2\/10262\"> <\/a>","protected":false},"author":1,"featured_media":0,"comment_status":"closed","ping_status":"closed","sticky":false,"template":"","format":"standard","meta":{"jetpack_post_was_ever_published":false,"_jetpack_newsletter_access":"","_jetpack_dont_email_post_to_subs":false,"_jetpack_newsletter_tier_id":0,"_jetpack_memberships_contains_paywalled_content":false,"_jetpack_memberships_contains_paid_content":false,"footnotes":"","jetpack_publicize_message":"","jetpack_publicize_feature_enabled":true,"jetpack_social_post_already_shared":true,"jetpack_social_options":{"image_generator_settings":{"template":"highway","default_image_id":0,"font":"","enabled":false},"version":2}},"categories":[34],"tags":[],"class_list":["post-10262","post","type-post","status-publish","format-standard","hentry","category-c39-colombia"],"jetpack_publicize_connections":[],"jetpack_featured_media_url":"","jetpack_shortlink":"https:\/\/wp.me\/p659gw-2Fw","jetpack-related-posts":[],"jetpack_likes_enabled":true,"jetpack_sharing_enabled":true,"_links":{"self":[{"href":"https:\/\/pcb.org.br\/portal2\/wp-json\/wp\/v2\/posts\/10262","targetHints":{"allow":["GET"]}}],"collection":[{"href":"https:\/\/pcb.org.br\/portal2\/wp-json\/wp\/v2\/posts"}],"about":[{"href":"https:\/\/pcb.org.br\/portal2\/wp-json\/wp\/v2\/types\/post"}],"author":[{"embeddable":true,"href":"https:\/\/pcb.org.br\/portal2\/wp-json\/wp\/v2\/users\/1"}],"replies":[{"embeddable":true,"href":"https:\/\/pcb.org.br\/portal2\/wp-json\/wp\/v2\/comments?post=10262"}],"version-history":[{"count":0,"href":"https:\/\/pcb.org.br\/portal2\/wp-json\/wp\/v2\/posts\/10262\/revisions"}],"wp:attachment":[{"href":"https:\/\/pcb.org.br\/portal2\/wp-json\/wp\/v2\/media?parent=10262"}],"wp:term":[{"taxonomy":"category","embeddable":true,"href":"https:\/\/pcb.org.br\/portal2\/wp-json\/wp\/v2\/categories?post=10262"},{"taxonomy":"post_tag","embeddable":true,"href":"https:\/\/pcb.org.br\/portal2\/wp-json\/wp\/v2\/tags?post=10262"}],"curies":[{"name":"wp","href":"https:\/\/api.w.org\/{rel}","templated":true}]}}