{"id":10279,"date":"2016-01-19T21:14:15","date_gmt":"2016-01-20T00:14:15","guid":{"rendered":"http:\/\/pcb.org.br\/portal2\/?p=10279"},"modified":"2016-02-11T22:39:50","modified_gmt":"2016-02-12T01:39:50","slug":"joao-batista-damasceno-impeachment-e-dilma-coisas-indefensaveis","status":"publish","type":"post","link":"https:\/\/pcb.org.br\/portal2\/10279","title":{"rendered":"Jo\u00e3o Batista Damasceno: Impeachment e Dilma: coisas indefens\u00e1veis"},"content":{"rendered":"<p><img data-recalc-dims=\"1\" decoding=\"async\" class=\"imagem\" title=\"imagem\" src=\"https:\/\/i0.wp.com\/2.bp.blogspot.com\/-mwS-aaBF5Ek\/VNLcNZRXcmI\/AAAAAAAASLs\/QnLbb2IxO_k\/s1600\/damasceno.jpg?w=747\" alt=\"imagem\" \/>Al\u00e9m da falta de regulamenta\u00e7\u00e3o das concess\u00f5es p\u00fablicas de comunica\u00e7\u00e3o, desde a redemocratiza\u00e7\u00e3o n\u00e3o se tem not\u00edcia de tamanha censura nos meios controlados pelo governo<!--more--><\/p>\n<p><img data-recalc-dims=\"1\" decoding=\"async\" class=\"alignright\" src=\"https:\/\/i0.wp.com\/pcb.org.br\/portal\/images\/stories\/outras-opinioes.png?w=747\" alt=\"\" \/>O DIA<\/p>\n<p>Rio\u00a0&#8211; Depois da continuidade da pol\u00edtica neoliberal, dos benef\u00edcios aos banqueiros, da supress\u00e3o de direitos de trabalhadores, do atolamento no esquema institu\u00eddo em governos anteriores para apropria\u00e7\u00e3o de dinheiro p\u00fablico, de apoio a governos locais contr\u00e1rios aos interesses da sociedade, do patroc\u00ednio da cartolagem do desporto de competi\u00e7\u00e3o, do apoio a remo\u00e7\u00f5es de pobres em benef\u00edcio da especula\u00e7\u00e3o imobili\u00e1ria, o impeachment da presidente Dilma somente n\u00e3o \u00e9 defens\u00e1vel porque da sucess\u00e3o podem resultar maiores preju\u00edzos. Tanto a presidente Dilma quanto o seu antecessor, ex-presidente Lula, frustraram as expectativas dos depositantes de esperan\u00e7a, de primeira hora, num governo comprometido com a \u00e9tica republicana e com os interesses das camadas populares.<\/p>\n<p>Al\u00e9m da falta de regulamenta\u00e7\u00e3o das concess\u00f5es\u00a0p\u00fablicas\u00a0de comunica\u00e7\u00e3o, desde a redemocratiza\u00e7\u00e3o n\u00e3o se tem not\u00edcia de tamanha censura nos meios controlados pelo governo. O programa de debate \u2018Espa\u00e7o P\u00fablico\u2019, que era exibido pela TVE, com a apresenta\u00e7\u00e3o da jornalista Lucia Leme, por suscitar debates, foi censurado, eliminado da grade e em seu lugar reprisado, ironicamente, o \u2018Sem Censura\u2019. At\u00e9 a R\u00e1dio Pulga, criada pelos alunos do IFCS\/UFRJ em meados dos anos 80, como meio de aprendizagem e exerc\u00edcio de comunica\u00e7\u00e3o social, foi fechada no governo Dilma, pela Pol\u00edcia Federal, a exemplo de outras.<\/p>\n<p>Na semana passada um ato de censura na TV\u00a0Brasil\u00a0foi estarrecedor. Alberto Dinis, o decano do jornalismo brasileiro, foi surpreendido pela interven\u00e7\u00e3o da dire\u00e7\u00e3o da Empresa Brasileira de Comunica\u00e7\u00e3o, a EBC, no \u2018Observat\u00f3rio da Imprensa\u2019, suspendendo a exibi\u00e7\u00e3o de entrevista com a historiadora Anita Prestes, no dia 7. Foi a primeira interven\u00e7\u00e3o no programa \u2018Observat\u00f3rio da Imprensa\u2019 em 18 anos, sob o pretexto de que outro programa da emissora j\u00e1 apresentara uma entrevista com a professora. Se a censura tivesse sido antes da grava\u00e7\u00e3o do programa teria sido \u00e0 professora. Foi depois e certamente decorreu do conte\u00fado por ela exposto.<\/p>\n<p>Trata-se de cerceamento extremamente preocupante em momento no qual se anseia por diversidade e pluralidade de conte\u00fado nos meios de\u00a0comunica\u00e7\u00e3o. O impeachment \u00e9 indefens\u00e1vel. Mas um governo que censura a liberdade de express\u00e3o tamb\u00e9m n\u00e3o merece defesa.<\/p>\n<p>Jo\u00e3o Batista Damasceno \u00e9\u00a0Doutor em Ci\u00eancia Pol\u00edtica e juiz de Direito<\/p>\n<p>http:\/\/odia.ig.com.br\/noticia\/opiniao\/2016-01-16\/joao-batista-damasceno-impeachment-e-dilma-coisas-indefensaveis.html<\/p>\n","protected":false},"excerpt":{"rendered":"Al\u00e9m da falta de regulamenta\u00e7\u00e3o das concess\u00f5es p\u00fablicas de comunica\u00e7\u00e3o, desde a redemocratiza\u00e7\u00e3o n\u00e3o se tem not\u00edcia de tamanha censura nos meios controlados \n<a class=\"moretag\" href=\"https:\/\/pcb.org.br\/portal2\/10279\"> <\/a>","protected":false},"author":1,"featured_media":0,"comment_status":"closed","ping_status":"closed","sticky":false,"template":"","format":"standard","meta":{"jetpack_post_was_ever_published":false,"_jetpack_newsletter_access":"","_jetpack_dont_email_post_to_subs":false,"_jetpack_newsletter_tier_id":0,"_jetpack_memberships_contains_paywalled_content":false,"_jetpack_memberships_contains_paid_content":false,"footnotes":"","jetpack_publicize_message":"","jetpack_publicize_feature_enabled":true,"jetpack_social_post_already_shared":true,"jetpack_social_options":{"image_generator_settings":{"template":"highway","default_image_id":0,"font":"","enabled":false},"version":2}},"categories":[7],"tags":[],"class_list":["post-10279","post","type-post","status-publish","format-standard","hentry","category-s8-brasil"],"jetpack_publicize_connections":[],"jetpack_featured_media_url":"","jetpack_shortlink":"https:\/\/wp.me\/p659gw-2FN","jetpack-related-posts":[],"jetpack_likes_enabled":true,"jetpack_sharing_enabled":true,"_links":{"self":[{"href":"https:\/\/pcb.org.br\/portal2\/wp-json\/wp\/v2\/posts\/10279","targetHints":{"allow":["GET"]}}],"collection":[{"href":"https:\/\/pcb.org.br\/portal2\/wp-json\/wp\/v2\/posts"}],"about":[{"href":"https:\/\/pcb.org.br\/portal2\/wp-json\/wp\/v2\/types\/post"}],"author":[{"embeddable":true,"href":"https:\/\/pcb.org.br\/portal2\/wp-json\/wp\/v2\/users\/1"}],"replies":[{"embeddable":true,"href":"https:\/\/pcb.org.br\/portal2\/wp-json\/wp\/v2\/comments?post=10279"}],"version-history":[{"count":0,"href":"https:\/\/pcb.org.br\/portal2\/wp-json\/wp\/v2\/posts\/10279\/revisions"}],"wp:attachment":[{"href":"https:\/\/pcb.org.br\/portal2\/wp-json\/wp\/v2\/media?parent=10279"}],"wp:term":[{"taxonomy":"category","embeddable":true,"href":"https:\/\/pcb.org.br\/portal2\/wp-json\/wp\/v2\/categories?post=10279"},{"taxonomy":"post_tag","embeddable":true,"href":"https:\/\/pcb.org.br\/portal2\/wp-json\/wp\/v2\/tags?post=10279"}],"curies":[{"name":"wp","href":"https:\/\/api.w.org\/{rel}","templated":true}]}}