{"id":10293,"date":"2016-01-21T20:23:41","date_gmt":"2016-01-21T23:23:41","guid":{"rendered":"http:\/\/pcb.org.br\/portal2\/?p=10293"},"modified":"2016-02-11T22:40:51","modified_gmt":"2016-02-12T01:40:51","slug":"e-hora-de-lutar","status":"publish","type":"post","link":"https:\/\/pcb.org.br\/portal2\/10293","title":{"rendered":"\u00c9 hora de lutar"},"content":{"rendered":"<p><img data-recalc-dims=\"1\" decoding=\"async\" class=\"imagem\" title=\"imagem\" src=\"https:\/\/i0.wp.com\/pcb.org.br\/portal\/images\/stories\/outras-opinioes.png?w=747\" alt=\"imagem\" \/><b>Direita e extrema direita avan\u00e7am\u00a0sobre as conquistas dos trabalhadores<\/b><\/p>\n<p>Encerrado o ano de 2015 e iniciado 2016 o cen\u00e1rio pol\u00edtico e econ\u00f4mico brasileiro traz como marca principal o aprofundamento dos ataques \u00e0 classe trabalhadora na exata propor\u00e7\u00e3o em que se aprofunda a crise capitalista<!--more--> mundial. Conforme j\u00e1 apontamos em artigo no ano passado (Reforma trabalhista: Na trilha da trai\u00e7\u00e3o), o projeto de governo petista n\u00e3o deve trazer nenhuma expectativa positiva para a classe trabalhadora brasileira.<\/p>\n<p>J\u00e1 no ano de 2002, ao alvorecer do governo de Lula, a Carta ao Povo Brasileiro apresentava-se como uma proposta de acalmar os \u00e2nimos do mercado financeiro que se alvoro\u00e7ava com a possibilidade de um trabalhador ex-sindicalista subir ao Pal\u00e1cio do Planalto. De fato, o que se tinha como objetivo era garantir \u00e0s burguesias nacional e internacional que o projeto petista de governo estava compromissado em manter os ganhos do capital. E como se sabe muito bem, na sociedade capitalista os esses ganhos do capital s\u00e3o sempre arrancados dos trabalhadores.<\/p>\n<p>Continue lendo\u00a0em:\u00a0<b><a href=\"http:\/\/www.mmarxista5.org\/\" target=\"_blank\">www.mmarxista5.org<\/a><\/b><\/p>\n<p><b>Movimento Marxista 5 de Maio<\/b><\/p>\n<p><a href=\"http:\/\/www.facebook.com\/mmarxista5\" target=\"_blank\">www.facebook.com\/mmarxista5<\/a><br \/>\n<a href=\"http:\/\/www.twitter.com\/mmarxista5\" target=\"_blank\">www.twitter.com\/mmarxista5<\/a><\/p>\n","protected":false},"excerpt":{"rendered":"Direita e extrema direita avan\u00e7am\u00a0sobre as conquistas dos trabalhadores Encerrado o ano de 2015 e iniciado 2016 o cen\u00e1rio pol\u00edtico e econ\u00f4mico brasileiro \n<a class=\"moretag\" href=\"https:\/\/pcb.org.br\/portal2\/10293\"> <\/a>","protected":false},"author":1,"featured_media":0,"comment_status":"closed","ping_status":"closed","sticky":false,"template":"","format":"standard","meta":{"jetpack_post_was_ever_published":false,"_jetpack_newsletter_access":"","_jetpack_dont_email_post_to_subs":false,"_jetpack_newsletter_tier_id":0,"_jetpack_memberships_contains_paywalled_content":false,"_jetpack_memberships_contains_paid_content":false,"footnotes":"","jetpack_publicize_message":"","jetpack_publicize_feature_enabled":true,"jetpack_social_post_already_shared":true,"jetpack_social_options":{"image_generator_settings":{"template":"highway","default_image_id":0,"font":"","enabled":false},"version":2}},"categories":[104],"tags":[],"class_list":["post-10293","post","type-post","status-publish","format-standard","hentry","category-c117-outras-opinioes"],"jetpack_publicize_connections":[],"jetpack_featured_media_url":"","jetpack_shortlink":"https:\/\/wp.me\/p659gw-2G1","jetpack-related-posts":[],"jetpack_likes_enabled":true,"jetpack_sharing_enabled":true,"_links":{"self":[{"href":"https:\/\/pcb.org.br\/portal2\/wp-json\/wp\/v2\/posts\/10293","targetHints":{"allow":["GET"]}}],"collection":[{"href":"https:\/\/pcb.org.br\/portal2\/wp-json\/wp\/v2\/posts"}],"about":[{"href":"https:\/\/pcb.org.br\/portal2\/wp-json\/wp\/v2\/types\/post"}],"author":[{"embeddable":true,"href":"https:\/\/pcb.org.br\/portal2\/wp-json\/wp\/v2\/users\/1"}],"replies":[{"embeddable":true,"href":"https:\/\/pcb.org.br\/portal2\/wp-json\/wp\/v2\/comments?post=10293"}],"version-history":[{"count":0,"href":"https:\/\/pcb.org.br\/portal2\/wp-json\/wp\/v2\/posts\/10293\/revisions"}],"wp:attachment":[{"href":"https:\/\/pcb.org.br\/portal2\/wp-json\/wp\/v2\/media?parent=10293"}],"wp:term":[{"taxonomy":"category","embeddable":true,"href":"https:\/\/pcb.org.br\/portal2\/wp-json\/wp\/v2\/categories?post=10293"},{"taxonomy":"post_tag","embeddable":true,"href":"https:\/\/pcb.org.br\/portal2\/wp-json\/wp\/v2\/tags?post=10293"}],"curies":[{"name":"wp","href":"https:\/\/api.w.org\/{rel}","templated":true}]}}