{"id":103,"date":"2009-09-03T02:42:47","date_gmt":"2009-09-03T02:42:47","guid":{"rendered":"http:\/\/pcb.org.br\/portal2\/?p=103"},"modified":"2009-09-03T02:42:47","modified_gmt":"2009-09-03T02:42:47","slug":"informe-aos-amigos-sobre-a-ofensiva-da-imprensa-burguesa-contra-o-mst","status":"publish","type":"post","link":"https:\/\/pcb.org.br\/portal2\/103","title":{"rendered":"Informe aos amigos sobre a ofensiva da imprensa burguesa contra o MST"},"content":{"rendered":"\n<p>Essas conquistas deixaram revoltados aqueles que defendem apenas seus interesses, patrim\u00f4nio e lucro, buscando aumentar a explora\u00e7\u00e3o dos trabalhadores, da natureza e dos recursos p\u00fablicos. Nesse contexto, diversos \u00f3rg\u00e3os da imprensa burguesa &#8211; os verdadeiros porta-vozes dos interesses dos capitalistas no campo &#8211; como Revista Veja, Estado de S. Paulo, Correio Braziliense, Zero Hora e a TV Bandeirantes, passaram a atacar o Movimento para inviabilizar medidas progressistas conquistadas com a luta.<\/p>\n<p>N\u00e3o h\u00e1 nenhuma novidade na postura pol\u00edtica e ideol\u00f3gica desses ve\u00edculos, que fazem parte da classe dominante e defendem os interesses do capital financeiro, dos bancos, do agroneg\u00f3cio e do latif\u00fandio, virando de costas para os problemas estruturais da sociedade e para as dificuldades do povo brasileiro. Desesperados, tentam requentar velhas teses de que o movimento vive \u00e0s custas de dinheiro p\u00fablico. Ali\u00e1s, esses ataques v\u00eam justamente de empresas que vivem de propaganda e recursos p\u00fablicos ou que s\u00e3o suspeitas de benef\u00edcios em licita\u00e7\u00f5es do governo de S\u00e3o Paulo, como a Editora Abril.<\/p>\n<p>Diante disso, gostar\u00edamos de esclarecer a nossos amigos e amigas, que sempre nos ap\u00f3iam e ajudam, que nunca recebemos nem utilizamos dinheiro p\u00fablico para fazer qualquer ocupa\u00e7\u00e3o de terra, protesto ou marcha. Todas as nossas manifesta\u00e7\u00f5es s\u00e3o realizadas com a contribui\u00e7\u00e3o das fam\u00edlias acampadas e assentadas e com a solidariedade de cidad\u00e3os e entidades da sociedade civil. Temos tamb\u00e9m muito orgulho do apoio de entidades internacionais, que nos ajudam em projetos espec\u00edficos e para as quais prestamos conta dos resultados em detalhes. Todos os recursos de origem do exterior passam pelo Banco Central. N\u00e3o temos nada a esconder.<\/p>\n<p>Em rela\u00e7\u00e3o \u00e0s entidades que atuam nos assentamentos de Reforma Agr\u00e1ria, que s\u00e3o centenas trabalhando em todo o pa\u00eds, defendemos a legitimidade dos conv\u00eanios com os governos federal e estaduais e acreditamos na lisura do trabalho realizado. Essas entidades est\u00e3o devidamente habilitadas nos \u00f3rg\u00e3os p\u00fablicos, s\u00e3o fiscalizadas e, inclusive, sofrem com persegui\u00e7\u00f5es pol\u00edticas do TCU (Tribunal de Contas da Uni\u00e3o), controlado atualmente por filiados ao PSDB e DEM. Desenvolvem projetos de assist\u00eancia t\u00e9cnica, alfabetiza\u00e7\u00e3o de adultos, capacita\u00e7\u00e3o, educa\u00e7\u00e3o e sa\u00fade em assentamentos rurais, que s\u00e3o um direito dos assentados e um dever do Estado, de acordo com a Constitui\u00e7\u00e3o.<\/p>\n<p>N\u00e3o esper\u00e1vamos outro procedimento desses meios de comunica\u00e7\u00e3o. Os ataques contra o Movimento s\u00e3o antigos e nunca passaram da mais pura manifesta\u00e7\u00e3o de \u00f3dio dos setores mais reacion\u00e1rios da classe dominante contra trabalhadores rurais que se organizaram e lutam por seus direitos. Vamos continuar com as nossas mobiliza\u00e7\u00f5es porque apenas a press\u00e3o popular pode garantir o avan\u00e7o da Reforma Agr\u00e1ria e dos direitos dos trabalhadores, independente da vontade da classe dominante e dos seus meios de comunica\u00e7\u00e3o.<\/p>\n<p>Secretaria Nacional do MST<\/p>\n","protected":false},"excerpt":{"rendered":"Fizemos uma mobiliza\u00e7\u00e3o em todo o pa\u00eds e um acampamento em Bras\u00edlia em defesa da Reforma Agr\u00e1ria e obtivemos vit\u00f3rias importantes, relacionadas \u00e0 solu\u00e7\u00e3o dos problemas dos trabalhadores do campo. A jornada de lutas conquistou do governo federal medidas fundamentais, embora estejamos longe da realiza\u00e7\u00e3o da Reforma Agr\u00e1ria e da consolida\u00e7\u00e3o de um novo modelo agr\u00edcola. Al\u00e9m disso, demonstrou \u00e0 sociedade e \u00e0 popula\u00e7\u00e3o em geral, que apenas a organiza\u00e7\u00e3o do povo e a luta social podem garantir conquistas para os trabalhadores e trabalhadoras.\nA principal medida do governo, anunciada durante a jornada, \u00e9 a atualiza\u00e7\u00e3o dos \u00edndices de produtividade, que s\u00e3o utilizados como par\u00e2metros legais para a desapropria\u00e7\u00e3o de terras para a Reforma Agr\u00e1ria. Os ruralistas, o agroneg\u00f3cio e a classe dominante brasileira fecharam posi\u00e7\u00e3o contra a revis\u00e3o dos \u00edndices e passaram a utilizar os meios de comunica\u00e7\u00e3o para pressionar o governo a voltar atr\u00e1s. Estamos atentos. Se no dia 03, data prevista para a publica\u00e7\u00e3o da portaria, o governo descumprir o acordo, n\u00e3o vamos aceitar calados.\n<a class=\"moretag\" href=\"https:\/\/pcb.org.br\/portal2\/103\"> <\/a>","protected":false},"author":1,"featured_media":0,"comment_status":"open","ping_status":"open","sticky":false,"template":"","format":"standard","meta":{"jetpack_post_was_ever_published":false,"_jetpack_newsletter_access":"","_jetpack_dont_email_post_to_subs":false,"_jetpack_newsletter_tier_id":0,"_jetpack_memberships_contains_paywalled_content":false,"_jetpack_memberships_contains_paid_content":false,"footnotes":"","jetpack_publicize_message":"","jetpack_publicize_feature_enabled":true,"jetpack_social_post_already_shared":false,"jetpack_social_options":{"image_generator_settings":{"template":"highway","default_image_id":0,"font":"","enabled":false},"version":2}},"categories":[20],"tags":[],"class_list":["post-103","post","type-post","status-publish","format-standard","hentry","category-c1-popular"],"jetpack_publicize_connections":[],"jetpack_featured_media_url":"","jetpack_shortlink":"https:\/\/wp.me\/p659gw-1F","jetpack-related-posts":[],"jetpack_likes_enabled":true,"jetpack_sharing_enabled":true,"_links":{"self":[{"href":"https:\/\/pcb.org.br\/portal2\/wp-json\/wp\/v2\/posts\/103","targetHints":{"allow":["GET"]}}],"collection":[{"href":"https:\/\/pcb.org.br\/portal2\/wp-json\/wp\/v2\/posts"}],"about":[{"href":"https:\/\/pcb.org.br\/portal2\/wp-json\/wp\/v2\/types\/post"}],"author":[{"embeddable":true,"href":"https:\/\/pcb.org.br\/portal2\/wp-json\/wp\/v2\/users\/1"}],"replies":[{"embeddable":true,"href":"https:\/\/pcb.org.br\/portal2\/wp-json\/wp\/v2\/comments?post=103"}],"version-history":[{"count":0,"href":"https:\/\/pcb.org.br\/portal2\/wp-json\/wp\/v2\/posts\/103\/revisions"}],"wp:attachment":[{"href":"https:\/\/pcb.org.br\/portal2\/wp-json\/wp\/v2\/media?parent=103"}],"wp:term":[{"taxonomy":"category","embeddable":true,"href":"https:\/\/pcb.org.br\/portal2\/wp-json\/wp\/v2\/categories?post=103"},{"taxonomy":"post_tag","embeddable":true,"href":"https:\/\/pcb.org.br\/portal2\/wp-json\/wp\/v2\/tags?post=103"}],"curies":[{"name":"wp","href":"https:\/\/api.w.org\/{rel}","templated":true}]}}