{"id":10442,"date":"2016-02-14T14:26:04","date_gmt":"2016-02-14T17:26:04","guid":{"rendered":"http:\/\/pcb.org.br\/portal2\/?p=10442"},"modified":"2016-03-03T13:33:27","modified_gmt":"2016-03-03T16:33:27","slug":"stf-publica-acordao-que-libera-privatizacao-de-servicos-publicos","status":"publish","type":"post","link":"https:\/\/pcb.org.br\/portal2\/10442","title":{"rendered":"STF publica ac\u00f3rd\u00e3o que libera privatiza\u00e7\u00e3o de servi\u00e7os p\u00fablicos"},"content":{"rendered":"<p><img data-recalc-dims=\"1\" decoding=\"async\" class=\"imagem\" title=\"imagem\" src=\"https:\/\/i0.wp.com\/yt3.ggpht.com\/-Yu9cA2VOdxU\/AAAAAAAAAAI\/AAAAAAAAAAA\/aR-g_e_xt7M\/s900-c-k-no\/photo.jpg?w=747&#038;ssl=1\" alt=\"imagem\" \/>Foi publicada no Di\u00e1rio Oficial da Uni\u00e3o desta quinta-feira, 11 de fevereiro\u200b, decis\u00e3o do Supremo Tribunal Federal (STF) que permite a contrata\u00e7\u00e3o pelo Poder P\u00fablico de organiza\u00e7\u00f5es privadas, sem licita\u00e7\u00e3o, para servi\u00e7os de ensino, pesquisa cient\u00edfica, sa\u00fade, cultura, desenvolvimento tecnol\u00f3gico e prote\u00e7\u00e3o e preserva\u00e7\u00e3o de meio ambiente. A publica\u00e7\u00e3o da decis\u00e3o, proferida em abril de 2015, \u00e9 mais um facilitador do desmonte do servi\u00e7o p\u00fablico, que prejudica usu\u00e1rios e trabalhadores.<!--more--><\/p>\n<p>Na decis\u00e3o, por 7 votos a 2, os ministros reconheceram a validade da lei 9.637\/1998, norma que havia sido questionada ape nas pelo PT e pelo PDT, quando ainda faziam oposi\u00e7\u00e3o ao governo de Fernando Henrique Cardoso, autor da lei. Os votos contr\u00e1rios \u00e0 norma foram dos ministros Marco Aur\u00e9lio e Rosa Weber.<\/p>\n<p>Marco Aur\u00e9lio considerou que a medida consiste em \u201cprivatiza\u00e7\u00e3o indevida\u201d. \u201cO Estado n\u00e3o pode simplesmente se eximir da execu\u00e7\u00e3o direta de atividades relacionadas \u00e0 sa\u00fade, educa\u00e7\u00e3o, pesquisa, cultura, prote\u00e7\u00e3o e defesa do meio ambiente por meio da celebra\u00e7\u00e3o de \u2018parcerias\u2019 com o setor privado\u201d, escreveu o ministro.<\/p>\n<p>A decis\u00e3o trata-se de mais um passo na precariza\u00e7\u00e3o do Estado, o que enfraquece o servi\u00e7o p\u00fablico, prejudica os usu\u00e1rios e entrega a estrutura do pa\u00eds e os direitos constitucionais da popula\u00e7\u00e3o aos interesses da iniciativa privada. \u00c9 sabido, ainda, que os processos de privatiza\u00e7\u00e3o s\u00e3o, muitas vezes, marcados por pr\u00e1ticas de corrup\u00e7\u00e3o direta ou indireta, com &#8220;troca de favores&#8221;. Dessa forma, estimular as privatiza\u00e7\u00f5es abre novos caminhos \u00e0s pr\u00e1ticas de corrup\u00e7\u00e3o, um dos temas que mais v\u00eam sendo debatidos atualmente no pa\u00eds. A medida vai ainda na contram\u00e3o da luta dos trabalhadores por mais direitos, que exige, por outro lado, a amplia\u00e7\u00e3o dos quadros funcionais e a valoriza\u00e7\u00e3o dos servidores, n\u00e3o o esvaziamento do Estado e sua entrega \u00e0 iniciativa privada.<\/p>\n<p>Fonte: Sintrajuf\/RS<\/p>\n<p>(Sindicato dos Trabalhadores no Judici\u00e1rio Federal &#8211; RS)<\/p>\n","protected":false},"excerpt":{"rendered":"Foi publicada no Di\u00e1rio Oficial da Uni\u00e3o desta quinta-feira, 11 de fevereiro\u200b, decis\u00e3o do Supremo Tribunal Federal (STF) que permite a contrata\u00e7\u00e3o pelo \n<a class=\"moretag\" href=\"https:\/\/pcb.org.br\/portal2\/10442\"> <\/a>","protected":false},"author":1,"featured_media":0,"comment_status":"closed","ping_status":"closed","sticky":false,"template":"","format":"standard","meta":{"jetpack_post_was_ever_published":false,"_jetpack_newsletter_access":"","_jetpack_dont_email_post_to_subs":false,"_jetpack_newsletter_tier_id":0,"_jetpack_memberships_contains_paywalled_content":false,"_jetpack_memberships_contains_paid_content":false,"footnotes":"","jetpack_publicize_message":"","jetpack_publicize_feature_enabled":true,"jetpack_social_post_already_shared":true,"jetpack_social_options":{"image_generator_settings":{"template":"highway","default_image_id":0,"font":"","enabled":false},"version":2}},"categories":[7],"tags":[],"class_list":["post-10442","post","type-post","status-publish","format-standard","hentry","category-s8-brasil"],"jetpack_publicize_connections":[],"jetpack_featured_media_url":"","jetpack_shortlink":"https:\/\/wp.me\/p659gw-2Iq","jetpack-related-posts":[],"jetpack_likes_enabled":true,"jetpack_sharing_enabled":true,"_links":{"self":[{"href":"https:\/\/pcb.org.br\/portal2\/wp-json\/wp\/v2\/posts\/10442","targetHints":{"allow":["GET"]}}],"collection":[{"href":"https:\/\/pcb.org.br\/portal2\/wp-json\/wp\/v2\/posts"}],"about":[{"href":"https:\/\/pcb.org.br\/portal2\/wp-json\/wp\/v2\/types\/post"}],"author":[{"embeddable":true,"href":"https:\/\/pcb.org.br\/portal2\/wp-json\/wp\/v2\/users\/1"}],"replies":[{"embeddable":true,"href":"https:\/\/pcb.org.br\/portal2\/wp-json\/wp\/v2\/comments?post=10442"}],"version-history":[{"count":0,"href":"https:\/\/pcb.org.br\/portal2\/wp-json\/wp\/v2\/posts\/10442\/revisions"}],"wp:attachment":[{"href":"https:\/\/pcb.org.br\/portal2\/wp-json\/wp\/v2\/media?parent=10442"}],"wp:term":[{"taxonomy":"category","embeddable":true,"href":"https:\/\/pcb.org.br\/portal2\/wp-json\/wp\/v2\/categories?post=10442"},{"taxonomy":"post_tag","embeddable":true,"href":"https:\/\/pcb.org.br\/portal2\/wp-json\/wp\/v2\/tags?post=10442"}],"curies":[{"name":"wp","href":"https:\/\/api.w.org\/{rel}","templated":true}]}}