{"id":1055,"date":"2010-12-13T15:27:06","date_gmt":"2010-12-13T15:27:06","guid":{"rendered":"http:\/\/pcb.org.br\/portal2\/?p=1055"},"modified":"2010-12-13T15:27:06","modified_gmt":"2010-12-13T15:27:06","slug":"qcatastrofe-sem-importanciaq","status":"publish","type":"post","link":"https:\/\/pcb.org.br\/portal2\/1055","title":{"rendered":"&#8220;Cat\u00e1strofe sem import\u00e2ncia&#8221;"},"content":{"rendered":"\n<p><em>A frase \u00e9 de Zbigniew Brzezinski, o principal nome da Guerra Fria nos Estados Unidos, sobre os documentos da diplomacia norte-americana veiculados pelo site WikiLeaks.<\/em><\/p>\n<p>Durante toda a Guerra Fria, o polon\u00eas radicado nos Estados Unidos, Zbigniew Brzezinski, foi o principal assessor do governo americano no que se refere \u00e0s rela\u00e7\u00f5es com o bloco comunista. Uma pessoa perfeitamente qualificada para avaliar o impacto que as estrondosas revela\u00e7\u00f5es do WikiLeaks est\u00e3o tendo no cen\u00e1rio internacional. Pois bem, segundo revelou o jornalista Paulo Sotero em programa da GloboNews, Brzezinski assim comentou o caso WikiLeaks: \u201c\u00c9 uma cat\u00e1strofe, mas n\u00e3o \u00e9 importante\u201d.<\/p>\n<p>Percebo por que Brzezinski tem essa vis\u00e3o. De um lado, \u00e9 uma cat\u00e1strofe, pois p\u00f5e ao alcance de bilh\u00f5es de pessoas no mundo inteiro o que os meios mais bem informados sempre souberam: a onipresen\u00e7a da rede de informa\u00e7\u00f5es do Imp\u00e9rio norte-americano, a arrog\u00e2ncia de seus diplomatas, a subservi\u00eancia dos funcion\u00e1rios dos governos de outros pa\u00edses aos Estados Unidos.<\/p>\n<p>De outro lado, por enquanto n\u00e3o \u00e9 t\u00e3o importante quanto parece. A opini\u00e3o p\u00fablica em geral tende a imaginar que est\u00e3o ao alcance de qualquer pessoa 250 mil cabogramas de diplomatas americanos em todos os pa\u00edses enviados ao Departamento de Estado em Washington. Mas a verdade \u00e9 que s\u00f3 uma pequena parte disso est\u00e1 \u00e0 disposi\u00e7\u00e3o de qualquer pessoa na Internet. Da Embaixada dos Estados Unidos em Bras\u00edlia, por exemplo, na primeira semana s\u00f3 estavam dispon\u00edveis na primeira semana uns poucos cabogramas, menos de dez. E mais, nem sempre \u00e9 poss\u00edvel acessar o site, porque s\u00e3o frequentes as vezes em que ele n\u00e3o est\u00e1 no ar.<\/p>\n<p>Mesmo se estivesse tudo no ar, \u00e0 disposi\u00e7\u00e3o de toda e qualquer pessoa, a import\u00e2ncia ainda seria relativa. A revista \u201cCarta Capital\u201d informou que o WikiLeaks teve acesso \u00e0 rede intern\u00e9tica do Departamento de Estado, dispon\u00edvel normalmente para 2,5 milh\u00f5es de pessoas no mundo inteiro, e n\u00e3o \u00e0s redes dos \u00f3rg\u00e3os de seguran\u00e7a nacional dos EUA, dispon\u00edveis normalmente para 850 mil pessoas no mundo todo. As informa\u00e7\u00f5es cruciais, evidentemente, nunca entram no formato eletr\u00f4nico.<\/p>\n<p>Al\u00e9m dos cabogramas revelados no site, o WikiLeaks tamb\u00e9m disponibiliza pequenas cotas exclusivas a jornais, revistas e sites do mundo inteiro. A \u201cFolha de S. Paulo\u201d, por exemplo, recebeu uma cota de 53 cabogramas, que s\u00f3 ela pode divulgar, pelo menos no Brasil. Em suma, 53 dos alardeados 1.800 cabogramas emanados da Embaixada dos EUA em Bras\u00edlia.<\/p>\n<p>Se o grande p\u00fablico fica assustado com as revela\u00e7\u00f5es de que pa\u00edses \u00e1rabes apoiam o bombardeio contra as instala\u00e7\u00f5es nucleares do Ir\u00e3, ou de que o ministro Nelson Jobim acha que o embaixador Samuel Pinheiro Guimar\u00e3es \u201codeia\u201d os Estados Unidos, ou de que as minas de ni\u00f3bio em territ\u00f3rio brasileiro s\u00e3o consideradas vitais para a seguran\u00e7a dos EUA, a verdade \u00e9 que a m\u00eddia j\u00e1 tinha noticiado h\u00e1 meses que a Ar\u00e1bia Saudita havia aberto o seu espa\u00e7o a\u00e9reo para avi\u00f5es de guerra israelenses, no caso de bombardeio contra o Ir\u00e3; que todas as pessoas que acompanham o notici\u00e1rio sobre o Itamaraty sabem que o embaixador Samuel Pinheiro Guimar\u00e3es \u00e9 cr\u00edtico em rela\u00e7\u00e3o ao Imp\u00e9rio americano \u2013 e \u00e9 verdade tamb\u00e9m que os leitores de \u201cCaros Amigos\u201d em particular e os meios pol\u00edticos em geral j\u00e1 sabiam da import\u00e2ncia estrat\u00e9gica do ni\u00f3bio brasileiro, tema em que, como a revista publicou, o deputado Brizola Neto (PDT-RJ) \u00e9 especialista.<\/p>\n<p>Como o WikiLeaks informou que teve acesso a cabogramas desde 1966, eu estou particularmente interessado em saber o que a Embaixada americana informou a Washington sobre as torturas a presos pol\u00edticos durante o regime militar brasileiro e os assass\u00ednios e \u201cdesaparecimentos\u201d de oposicionistas. E estou tamb\u00e9m interessado em saber por que, depois de o WikiLeaks ter revelado que diplomatas americanos julgam que o Itamaraty era um foco de \u201cantiamericanismo\u201d, a presidente eleita Dilma Rousseff resolveu afastar o ministro Celso Amorim e manter o ministro Nelson Jobim. Mas n\u00e3o sei como ter acesso a essas informa\u00e7\u00f5es.<\/p>\n<p>Tamb\u00e9m eu gostaria que fosse mais divulgado que a acusa\u00e7\u00e3o da Justi\u00e7a sueca contra Julian Assange, que levou \u00e0 sua pris\u00e3o, \u00e9 de que, em meio a uma sess\u00e3o de sexo consensual com camisinha com uma mulher, durante o ato a camisinha foi retirada \u2013 o que no Brasil e no mundo em geral n\u00e3o d\u00e1 cadeia, mas na Su\u00e9cia \u00e9 equivalente ao estupro, e d\u00e1 dois anos de pris\u00e3o.<\/p>\n<p>Al\u00e9m disso, a denunciante, Ana Ardin, \u00e9 uma cubana anticastrista que trabalhou para a ONG Miscel\u00e1nia Cubana, financiada pela CIA. Mais uma arma\u00e7\u00e3o contra Assange, j\u00e1 que \u00e9 dif\u00edcil encontrar leis que ele tenha violado, e o seu cerceamento est\u00e1 sendo realizado por subterf\u00fagios, como os da Amazon, Marter Card, Visa e tantos outros.<\/p>\n<p>Renato Pompeu \u00e9 jornalista e escritor.<\/p>\n<p>Fonte: http:\/\/carosamigos.terra.com.br\/index\/index.php?option=com_content&amp;view=article&amp;id=1283<\/p>\n","protected":false},"excerpt":{"rendered":"\n\n\nCr\u00e9dito: Caros Amigos\n\n\n\n\n\n\n\n\nPor Renato Pompeu\n<a class=\"moretag\" href=\"https:\/\/pcb.org.br\/portal2\/1055\"> <\/a>","protected":false},"author":1,"featured_media":0,"comment_status":"open","ping_status":"open","sticky":false,"template":"","format":"standard","meta":{"jetpack_post_was_ever_published":false,"_jetpack_newsletter_access":"","_jetpack_dont_email_post_to_subs":false,"_jetpack_newsletter_tier_id":0,"_jetpack_memberships_contains_paywalled_content":false,"_jetpack_memberships_contains_paid_content":false,"footnotes":"","jetpack_publicize_message":"","jetpack_publicize_feature_enabled":true,"jetpack_social_post_already_shared":false,"jetpack_social_options":{"image_generator_settings":{"template":"highway","default_image_id":0,"font":"","enabled":false},"version":2}},"categories":[38],"tags":[],"class_list":["post-1055","post","type-post","status-publish","format-standard","hentry","category-c43-imperialismo"],"jetpack_publicize_connections":[],"jetpack_featured_media_url":"","jetpack_shortlink":"https:\/\/wp.me\/p659gw-h1","jetpack-related-posts":[],"jetpack_likes_enabled":true,"jetpack_sharing_enabled":true,"_links":{"self":[{"href":"https:\/\/pcb.org.br\/portal2\/wp-json\/wp\/v2\/posts\/1055","targetHints":{"allow":["GET"]}}],"collection":[{"href":"https:\/\/pcb.org.br\/portal2\/wp-json\/wp\/v2\/posts"}],"about":[{"href":"https:\/\/pcb.org.br\/portal2\/wp-json\/wp\/v2\/types\/post"}],"author":[{"embeddable":true,"href":"https:\/\/pcb.org.br\/portal2\/wp-json\/wp\/v2\/users\/1"}],"replies":[{"embeddable":true,"href":"https:\/\/pcb.org.br\/portal2\/wp-json\/wp\/v2\/comments?post=1055"}],"version-history":[{"count":0,"href":"https:\/\/pcb.org.br\/portal2\/wp-json\/wp\/v2\/posts\/1055\/revisions"}],"wp:attachment":[{"href":"https:\/\/pcb.org.br\/portal2\/wp-json\/wp\/v2\/media?parent=1055"}],"wp:term":[{"taxonomy":"category","embeddable":true,"href":"https:\/\/pcb.org.br\/portal2\/wp-json\/wp\/v2\/categories?post=1055"},{"taxonomy":"post_tag","embeddable":true,"href":"https:\/\/pcb.org.br\/portal2\/wp-json\/wp\/v2\/tags?post=1055"}],"curies":[{"name":"wp","href":"https:\/\/api.w.org\/{rel}","templated":true}]}}