{"id":10565,"date":"2016-03-03T12:48:56","date_gmt":"2016-03-03T15:48:56","guid":{"rendered":"http:\/\/pcb.org.br\/portal2\/?p=10565"},"modified":"2016-04-16T12:09:34","modified_gmt":"2016-04-16T15:09:34","slug":"aves-de-rapina","status":"publish","type":"post","link":"https:\/\/pcb.org.br\/portal2\/10565","title":{"rendered":"Aves de rapina"},"content":{"rendered":"<p><img data-recalc-dims=\"1\" decoding=\"async\" class=\"imagem\" title=\"imagem\" src=\"https:\/\/i0.wp.com\/www.iscagz.org\/wp-content\/uploads\/2009\/03\/stop-otan.jpg?w=747\" alt=\"imagem\" \/>Julio Minguez<\/p>\n<p>Todos sabemos que a chamada crise de sobreacumula\u00e7\u00e3o do capital, que se descarrega sobre as nossas doridas e inquietas costas, se centra no insuficiente aumento de trabalho gratuito extra\u00eddo \u00e0 classe trabalhadora (mais-valia), o que impede remunerar da forma desejada e mais fartamente uma massa acrescida de dinheiro-capital. Cada nova tentativa de investir um determinado volume de <!--more-->dinheiro-capital necessariamente superior ao anterior investimento depara-se com o inconveniente de n\u00e3o alcan\u00e7ar uma quantidade maior de excedente (mais-valia). De facto, h\u00e1 um aumento; por\u00e9m, \u00e9 insuficiente, demasiado pequeno, para remunerar adequadamente o volume de dinheiro-capital investido, o que se manifesta numa redu\u00e7\u00e3o da taxa de lucro.<\/p>\n<p>H\u00e1 uma insuficiente produ\u00e7\u00e3o de mais-valia para proporcionar taxas de lucro adequadas, que permitam a acumula\u00e7\u00e3o e a reprodu\u00e7\u00e3o do capital. Atualmente, h\u00e1 grandes dificuldades para reinvestir uma parte do excedente alcan\u00e7ado, estimado em 2,16 bili\u00f5es de d\u00f3lares, enquanto que na chamada \u00e9poca dourada do capital o reinvestimento \u00e9 calculado em 150.000 milh\u00f5es de d\u00f3lares, em 1950, e 420.000 milh\u00f5es, em 1973.<\/p>\n<p>Essa situa\u00e7\u00e3o, atualmente de uma gravidade colossal, exige que o sistema do capital encontre, dentro da sua natureza e l\u00f3gica, v\u00e1rias solu\u00e7\u00f5es. A mais cl\u00e1ssica, na qual se manifesta a unidade indissol\u00favel da classe capitalista, consiste na busca incessante da sobre-explora\u00e7\u00e3o, procurando remunerar a for\u00e7a de trabalho abaixo do seu valor, atrav\u00e9s de mecanismos v\u00e1rios, como: a) a intensifica\u00e7\u00e3o do trabalho, b) o aumento da jornada de trabalho, c) a expropria\u00e7\u00e3o do trabalho necess\u00e1rio ao trabalhador. Sem renunciar ao aumento da pr\u00f3pria produtividade do trabalho.<\/p>\n<p>De ressaltar que nos tr\u00eas mecanismos identificados a carater\u00edstica fundamental consiste em retirar ao trabalhador algumas condi\u00e7\u00f5es que lhes permitem repor e reproduzir a sua for\u00e7a de trabalho. Nos dois primeiros casos, ao exigir uma maior deteriora\u00e7\u00e3o das suas capacidades, um esfor\u00e7o superior, que leva a um desgaste prematuro. E no terceiro mecanismo, por retirar parte do consumo indispens\u00e1vel \u00e0 conserva\u00e7\u00e3o normal da sua for\u00e7a de trabalho.<\/p>\n<p>Outra solu\u00e7\u00e3o do imperialismo persegue a m\u00e1xima implanta\u00e7\u00e3o dos inquietos monop\u00f3lios em todas as zonas do planeta. Trata-se de aceder \u00e0 distribui\u00e7\u00e3o da mais-valia criada. Exigem-na \u00e0 medida da sua escala, ao volume do seu capital, \u00e0 necessidade de que n\u00e3o se pode parar de acumular, de concentrar e centralizar o capital. E aqui come\u00e7a a desagrega\u00e7\u00e3o da unidade; \u00e9 o princ\u00edpio da disc\u00f3rdia irreconcili\u00e1vel. As aves de rapina digladiam-se pela presente divis\u00e3o dos despojos, e tamb\u00e9m pelo futuro. Comportam-se como bestas carn\u00edvoras que exigem o seu quinh\u00e3o de acordo com a respetiva dimens\u00e3o e, se poss\u00edvel, sem deixar restos para o mais esqu\u00e1lido. Na verdade, o que acontece \u00e9 que aquilo que uns comem outros deixam de comer. A reparti\u00e7\u00e3o da presa \u00e9 isso mesmo, reparti\u00e7\u00e3o.<\/p>\n<p>Tal representa um perigo para a humanidade e um aut\u00eantico desastre para os povos que sofrem o horror da interven\u00e7\u00e3o imperialista. E n\u00e3o se trata de um s\u00f3 pa\u00eds a que se pode chamar de imperialista. A natureza do desenvolvimento capitalista baseia-se na acumula\u00e7\u00e3o, na necessidade imperiosa de aumentar o capital, de modo a que em qualquer pa\u00eds, com um determinado est\u00e1dio de acumula\u00e7\u00e3o de capital, a oligarquia a\u00ed constitu\u00edda desencadeia a exporta\u00e7\u00e3o de capitais, a absor\u00e7\u00e3o de mat\u00e9rias-primas, prepara-se para o embate com outros imperialismos (hoje h\u00e1 uma guerra por petr\u00f3leo, divisas &#8230;. que arrasta na\u00e7\u00f5es para a mis\u00e9ria, &#8230;) &#8230; N\u00e3o h\u00e1 disparate, brutalidade, crueldade, horror e crime que n\u00e3o estejam dispostos a cometer; especialmente hoje, dada a crescente incapacidade para remunerar o capital j\u00e1 criado.<\/p>\n<p>Estamos j\u00e1 perante uma horr\u00edvel realidade e temos de estar alerta para as tentativas de confronto, as bravatas e os desafios de uns e de outros. Aos confrontos j\u00e1 existentes nuns quantos lugares pela inger\u00eancia e avidez imperialistas. Devemos com a maior insist\u00eancia e a maior urg\u00eancia propagar, organizar e mobilizar massas e massas pela frente anti-imperialista, contra os planos e preparativos de guerra, contra a guerra imperialista. \u00c9 a \u00fanica solu\u00e7\u00e3o poss\u00edvel para a trag\u00e9dia atual que temos de impedir.<\/p>\n<p>PELO INTERNACIONALISMO DE CLASSE<\/p>\n<p>OTAN N\u00c3O<\/p>\n<p>PELA FRENTE ANTI-IMPERIALISTA<\/p>\n<p>PELA SOCIEDADE SOCIALISTA<\/p>\n<p>Granada, janeiro 2016<\/p>\n<hr \/>\n<p><strong><em>Pelo Socialismo<\/em><\/strong><\/p>\n<p>http:\/\/www.pelosocialismo.net<\/p>\n<p>Publicado em 2016\/02\/22, em: http:\/\/www.unidadylucha.es\/index.php\/actualidad\/1737-aves-de-rapina<\/p>\n<p>Tradu\u00e7\u00e3o do castelhano de RG<\/p>\n","protected":false},"excerpt":{"rendered":"Julio Minguez Todos sabemos que a chamada crise de sobreacumula\u00e7\u00e3o do capital, que se descarrega sobre as nossas doridas e inquietas costas, se \n<a class=\"moretag\" href=\"https:\/\/pcb.org.br\/portal2\/10565\"> <\/a>","protected":false},"author":1,"featured_media":0,"comment_status":"closed","ping_status":"closed","sticky":false,"template":"","format":"standard","meta":{"jetpack_post_was_ever_published":false,"_jetpack_newsletter_access":"","_jetpack_dont_email_post_to_subs":false,"_jetpack_newsletter_tier_id":0,"_jetpack_memberships_contains_paywalled_content":false,"_jetpack_memberships_contains_paid_content":false,"footnotes":"","jetpack_publicize_message":"","jetpack_publicize_feature_enabled":true,"jetpack_social_post_already_shared":true,"jetpack_social_options":{"image_generator_settings":{"template":"highway","default_image_id":0,"font":"","enabled":false},"version":2}},"categories":[38],"tags":[],"class_list":["post-10565","post","type-post","status-publish","format-standard","hentry","category-c43-imperialismo"],"jetpack_publicize_connections":[],"jetpack_featured_media_url":"","jetpack_shortlink":"https:\/\/wp.me\/p659gw-2Kp","jetpack-related-posts":[],"jetpack_likes_enabled":true,"jetpack_sharing_enabled":true,"_links":{"self":[{"href":"https:\/\/pcb.org.br\/portal2\/wp-json\/wp\/v2\/posts\/10565","targetHints":{"allow":["GET"]}}],"collection":[{"href":"https:\/\/pcb.org.br\/portal2\/wp-json\/wp\/v2\/posts"}],"about":[{"href":"https:\/\/pcb.org.br\/portal2\/wp-json\/wp\/v2\/types\/post"}],"author":[{"embeddable":true,"href":"https:\/\/pcb.org.br\/portal2\/wp-json\/wp\/v2\/users\/1"}],"replies":[{"embeddable":true,"href":"https:\/\/pcb.org.br\/portal2\/wp-json\/wp\/v2\/comments?post=10565"}],"version-history":[{"count":0,"href":"https:\/\/pcb.org.br\/portal2\/wp-json\/wp\/v2\/posts\/10565\/revisions"}],"wp:attachment":[{"href":"https:\/\/pcb.org.br\/portal2\/wp-json\/wp\/v2\/media?parent=10565"}],"wp:term":[{"taxonomy":"category","embeddable":true,"href":"https:\/\/pcb.org.br\/portal2\/wp-json\/wp\/v2\/categories?post=10565"},{"taxonomy":"post_tag","embeddable":true,"href":"https:\/\/pcb.org.br\/portal2\/wp-json\/wp\/v2\/tags?post=10565"}],"curies":[{"name":"wp","href":"https:\/\/api.w.org\/{rel}","templated":true}]}}