{"id":10628,"date":"2016-03-12T16:25:57","date_gmt":"2016-03-12T19:25:57","guid":{"rendered":"http:\/\/pcb.org.br\/portal2\/?p=10628"},"modified":"2016-04-16T12:16:31","modified_gmt":"2016-04-16T15:16:31","slug":"nem-fica-nem-fora-dilma-fora-o-capitalismo","status":"publish","type":"post","link":"https:\/\/pcb.org.br\/portal2\/10628","title":{"rendered":"Nem fica, nem fora Dilma: fora o capitalismo!"},"content":{"rendered":"<p><img data-recalc-dims=\"1\" decoding=\"async\" class=\"imagem\" title=\"imagem\" src=\"https:\/\/i0.wp.com\/lh3.googleusercontent.com\/-hj4_W1BLM_w\/VthiWKviodI\/AAAAAAAALnc\/ivy5Y7uP97w\/s720-Ic42\/uc.png?w=747&#038;ssl=1\" alt=\"imagem\" \/><i><b>(Carta Aberta da Unidade Classista \u00e0 CSP Conlutas)<\/b><\/i><\/p>\n<p>A <b>Unidade Classista<\/b> vem, uma vez mais, lamentar que a CSP Conlutas insista em incluir a assinatura de nossa corrente sindical em declara\u00e7\u00f5es ou convocat\u00f3rias de cuja linha pol\u00edtica discordamos, sem qualquer consulta pr\u00e9via e, o que \u00e9 mais grave, ap\u00f3s reiteradamente informarmos \u00e0 dire\u00e7\u00e3o dessa entidade e inclusive nos expressarmos publicamente sobre a diverg\u00eancia.<!--more--><\/p>\n<p>Desta vez, denunciamos a desrespeitosa inclus\u00e3o do nome da <b>Unidade Classista<\/b> na convoca\u00e7\u00e3o de um ato p\u00fablico, para o dia 1\u00ba de abril pr\u00f3ximo, com palavras de ordem que consideramos inadequadas para a atual conjuntura.<\/p>\n<p>Nossa principal discord\u00e2ncia &#8211; a mesma que j\u00e1 t\u00ednhamos expressado em ocasi\u00f5es diferentes &#8211; \u00e9 em rela\u00e7\u00e3o \u00e0 palavra de ordem <i><b>\u201cBasta de Dilma\u201d<\/b><\/i>, que sugere uma forma envergonhada de, objetivamente, fazer o jogo da campanha da direita pelo impeachment da Presidente da Rep\u00fablica, ainda mais em meio a um clima de histeria antipetista e \u00e0s v\u00e9speras de manifesta\u00e7\u00f5es com esse objetivo.<\/p>\n<p>A <b>Unidade Classista<\/b> se insere num campo pol\u00edtico de oposi\u00e7\u00e3o de esquerda aos governos petistas, que serviram aplicadamente ao capital enquanto bem administravam seus fabulosos lucros e, ao mesmo tempo, cumpriam o papel de bombeiros da luta de classes. Portanto, n\u00e3o participamos de manifesta\u00e7\u00f5es de apoio a Dilma nem a Lula, que agora recorrem aos trabalhadores porque as classes dominantes resolveram acabar com a terceiriza\u00e7\u00e3o que haviam concedido ao PT. Mas, definitivamente, muito menos vamos nos somar a uma campanha da direita para derrubar o atual governo e substitu\u00ed-lo por um outro mais eficiente ao capital, para acelerar e aprofundar a pauta neoliberal.<\/p>\n<p>Infelizmente, a concilia\u00e7\u00e3o do PT criou uma correla\u00e7\u00e3o de for\u00e7as desfavor\u00e1vel para os trabalhadores. N\u00e3o h\u00e1 espa\u00e7o nesta quadra para ilus\u00f5es voluntaristas, como o <i><b>\u201cFora Todos\u201d<\/b><\/i>. Seja qual for o governo que resulte dessa crise pol\u00edtica do regime da democracia burguesa &#8211; em verdade uma ditadura das classes dominantes &#8211; ser\u00e1 contra os trabalhadores, seja ele alguma forma de parlamentarismo com Dilma (como uma caricatura de rainha da Inglaterra) ou a posse do vice-presidente para completar o mandato em nome da j\u00e1 selada coliga\u00e7\u00e3o PMDB\/PSDB.<\/p>\n<p>A <b>Unidade Classista<\/b> considera que o momento \u00e9 de concentrar esfor\u00e7os para a mobiliza\u00e7\u00e3o e a organiza\u00e7\u00e3o da classe trabalhadora em luta por suas demandas e para construirmos a unidade de a\u00e7\u00e3o das for\u00e7as anticapitalistas, como condi\u00e7\u00f5es para o enfrentamento da ofensiva contra os interesses do proletariado e dos setores populares.<\/p>\n<p><i><b>Coordena\u00e7\u00e3o Nacional da Unidade Classista (12\/03\/2016)<\/b><\/i><\/p>\n","protected":false},"excerpt":{"rendered":"(Carta Aberta da Unidade Classista \u00e0 CSP Conlutas) A Unidade Classista vem, uma vez mais, lamentar que a CSP Conlutas insista em incluir \n<a class=\"moretag\" href=\"https:\/\/pcb.org.br\/portal2\/10628\"> <\/a>","protected":false},"author":1,"featured_media":0,"comment_status":"closed","ping_status":"closed","sticky":false,"template":"","format":"standard","meta":{"jetpack_post_was_ever_published":false,"_jetpack_newsletter_access":"","_jetpack_dont_email_post_to_subs":false,"_jetpack_newsletter_tier_id":0,"_jetpack_memberships_contains_paywalled_content":false,"_jetpack_memberships_contains_paid_content":false,"footnotes":"","jetpack_publicize_message":"","jetpack_publicize_feature_enabled":true,"jetpack_social_post_already_shared":true,"jetpack_social_options":{"image_generator_settings":{"template":"highway","default_image_id":0,"font":"","enabled":false},"version":2}},"categories":[31],"tags":[],"class_list":["post-10628","post","type-post","status-publish","format-standard","hentry","category-c31-unidade-classista"],"jetpack_publicize_connections":[],"jetpack_featured_media_url":"","jetpack_shortlink":"https:\/\/wp.me\/p659gw-2Lq","jetpack-related-posts":[],"jetpack_likes_enabled":true,"jetpack_sharing_enabled":true,"_links":{"self":[{"href":"https:\/\/pcb.org.br\/portal2\/wp-json\/wp\/v2\/posts\/10628","targetHints":{"allow":["GET"]}}],"collection":[{"href":"https:\/\/pcb.org.br\/portal2\/wp-json\/wp\/v2\/posts"}],"about":[{"href":"https:\/\/pcb.org.br\/portal2\/wp-json\/wp\/v2\/types\/post"}],"author":[{"embeddable":true,"href":"https:\/\/pcb.org.br\/portal2\/wp-json\/wp\/v2\/users\/1"}],"replies":[{"embeddable":true,"href":"https:\/\/pcb.org.br\/portal2\/wp-json\/wp\/v2\/comments?post=10628"}],"version-history":[{"count":0,"href":"https:\/\/pcb.org.br\/portal2\/wp-json\/wp\/v2\/posts\/10628\/revisions"}],"wp:attachment":[{"href":"https:\/\/pcb.org.br\/portal2\/wp-json\/wp\/v2\/media?parent=10628"}],"wp:term":[{"taxonomy":"category","embeddable":true,"href":"https:\/\/pcb.org.br\/portal2\/wp-json\/wp\/v2\/categories?post=10628"},{"taxonomy":"post_tag","embeddable":true,"href":"https:\/\/pcb.org.br\/portal2\/wp-json\/wp\/v2\/tags?post=10628"}],"curies":[{"name":"wp","href":"https:\/\/api.w.org\/{rel}","templated":true}]}}