{"id":10674,"date":"2016-03-21T20:49:01","date_gmt":"2016-03-21T23:49:01","guid":{"rendered":"http:\/\/pcb.org.br\/portal2\/?p=10674"},"modified":"2016-04-16T12:21:28","modified_gmt":"2016-04-16T15:21:28","slug":"em-defesa-da-democracia","status":"publish","type":"post","link":"https:\/\/pcb.org.br\/portal2\/10674","title":{"rendered":"EM DEFESA DA DEMOCRACIA"},"content":{"rendered":"<p><img decoding=\"async\" class=\"imagem\" title=\"imagem\" src=\"http:\/\/www.redebrasilatual.com.br\/cidadania\/2015\/10\/frente-povo-sem-medo-ve-cunha-como-simbolo-do-retrocesso-7655.html\/povo\/image_large\" alt=\"imagem\" \/><strong>A sa\u00edda \u00e9 pela Esquerda<\/strong><\/p>\n<p><strong>(Frente Povo Sem Medo)<\/strong><\/p>\n<p>O momento \u00e9 grave. Nas \u00faltimas semanas, os setores que querem derrubar Dilma e prender Lula apostaram todas suas fichas, passando por cima inclusive de garantias constitucionais e das liberdades democr\u00e1ticas.<!--more--><\/p>\n<p>Insuflaram um clima macartista de intoler\u00e2ncia e \u00f3dio, que se traduziu nas ruas com intimida\u00e7\u00e3o e agress\u00f5es contra quem diverge. O ambiente criado \u00e9 de ca\u00e7a \u00e0s bruxas, de amea\u00e7a \u00e0 nossa j\u00e1 fr\u00e1gil e limitada democracia.<\/p>\n<p>Nunca \u00e9 demais lembrar que o impeachment que querem impor tem a marca corrupta, antidemocr\u00e1tica e chantagista de Eduardo Cunha, representante do que h\u00e1 de pior na pol\u00edtica brasileira.<\/p>\n<p>A Lava Jato, impulsionada pelo leg\u00edtimo anseio de combate \u00e0 corrup\u00e7\u00e3o, transformou-se num instrumento de abusos e de seletividade. O juiz S\u00e9rgio Moro, vestindo a roupa de salvador da p\u00e1tria, acredita poder passar por cima das garantias constitucionais mais elementares. Defendemos que a corrup\u00e7\u00e3o seja investigada at\u00e9 as \u00faltimas conseq\u00fc\u00eancias. Mas para todos e com as garantias previstas na lei.<\/p>\n<p>N\u00e3o \u00e9 de hoje que o Estado brasileiro \u00e9 seletivo. A ado\u00e7\u00e3o da \u201cjusti\u00e7a de exce\u00e7\u00e3o\u201d \u00e9 regra desde sempre nas periferias urbanas, contra os pobres e negros. Direito de defesa aqui nunca existiu. O procedimento usado pela pol\u00edcia e o judici\u00e1rio nos becos e vielas querem agora legitimar como regra sob os aplausos inflamados pela m\u00eddia.<\/p>\n<p>\u00c9 preciso tamb\u00e9m fazer uma diferencia\u00e7\u00e3o: uma coisa \u00e9 enfrentar esta ofensiva antidemocr\u00e1tica, outra \u00e9 defender este governo. Entendemos que as pol\u00edticas assumidas pelo Governo Dilma s\u00e3o indefens\u00e1veis. Adotou o programa derrotado nas urnas, iniciou um ajuste fiscal antipopular e assumiu uma agenda de retrocessos com temas como a Reforma da Previd\u00eancia e a lei antiterrorismo. Pol\u00edticas como essas criaram rejei\u00e7\u00e3o popular ao governo e deram base social ao golpismo em curso.<\/p>\n<p>Al\u00e9m disso, os governos petistas chocaram o ovo da serpente. Perderam oportunidades de pautar quest\u00f5es como a democratiza\u00e7\u00e3o das comunica\u00e7\u00f5es e do sistema pol\u00edtico, al\u00e9m de reformas populares. Hoje sofremos todos as conseq\u00fc\u00eancias desta falta de ousadia. A Rede Globo \u00e9 a grande art\u00edfice da ofensiva reacion\u00e1ria.<\/p>\n<p>Por isso n\u00e3o temos disposi\u00e7\u00e3o de ir \u00e0s ruas em defesa deste governo. Mas tamb\u00e9m n\u00e3o ficaremos calados e acovardados ante as amea\u00e7as ao que temos de democracia no Brasil. O ataque n\u00e3o \u00e9 somente contra o PT. \u00c9 contra o que quer que seja de esquerda neste pa\u00eds. Querem aniquilar o movimento social. Querem impor um ambiente de intoler\u00e2ncia e linchamento, onde n\u00e3o h\u00e1 espa\u00e7o para o pensamento e a a\u00e7\u00e3o cr\u00edticos. A solu\u00e7\u00e3o que prop\u00f5em representa ainda o aprofundamento dos ataques a direitos sociais e trabalhistas.<\/p>\n<p>A sa\u00edda para a crise \u00e9 com o povo e pela esquerda. Defendemos um programa de reformas populares, que fa\u00e7a o andar de cima pagar a conta da crise. Defendemos a desmilitariza\u00e7\u00e3o da pol\u00edcia e a radicaliza\u00e7\u00e3o da nossa democracia. Defendemos a amplia\u00e7\u00e3o de direitos e liberdades. Mas sabemos que para construir este caminho \u00e9 preciso deter os retrocessos, barrar a sa\u00edda \u00e0 direita representada pelo golpismo. N\u00e3o h\u00e1 tempo para vacila\u00e7\u00e3o.<\/p>\n<p><b>Por isso, estaremos todos\/as nas ruas na pr\u00f3xima quinta-feira, dia 24.<\/b><\/p>\n<p><b>Ato Nacional em S\u00e3o Paulo: as 17hs, no Largo da Batata, de onde marcharemos at\u00e9 a Rede Globo!<\/b><\/p>\n<p><b>Ocorrer\u00e1 mobiliza\u00e7\u00f5es tamb\u00e9m no Rio de Janeiro, Bras\u00edlia, Fortaleza, Uberl\u00e2ndia, dentre outras cidades brasileiras.<\/b><\/p>\n<p><b>POVO SEM MEDO <\/b><\/p>\n<p><b>Frente Nacional de Mobiliza\u00e7\u00e3o<\/b><\/p>\n","protected":false},"excerpt":{"rendered":"A sa\u00edda \u00e9 pela Esquerda (Frente Povo Sem Medo) O momento \u00e9 grave. Nas \u00faltimas semanas, os setores que querem derrubar Dilma e \n<a class=\"moretag\" href=\"https:\/\/pcb.org.br\/portal2\/10674\"> <\/a>","protected":false},"author":1,"featured_media":0,"comment_status":"closed","ping_status":"closed","sticky":false,"template":"","format":"standard","meta":{"jetpack_post_was_ever_published":false,"_jetpack_newsletter_access":"","_jetpack_dont_email_post_to_subs":false,"_jetpack_newsletter_tier_id":0,"_jetpack_memberships_contains_paywalled_content":false,"_jetpack_memberships_contains_paid_content":false,"footnotes":"","jetpack_publicize_message":"","jetpack_publicize_feature_enabled":true,"jetpack_social_post_already_shared":true,"jetpack_social_options":{"image_generator_settings":{"template":"highway","default_image_id":0,"font":"","enabled":false},"version":2}},"categories":[7],"tags":[],"class_list":["post-10674","post","type-post","status-publish","format-standard","hentry","category-s8-brasil"],"jetpack_publicize_connections":[],"jetpack_featured_media_url":"","jetpack_shortlink":"https:\/\/wp.me\/p659gw-2Ma","jetpack-related-posts":[],"jetpack_likes_enabled":true,"jetpack_sharing_enabled":true,"_links":{"self":[{"href":"https:\/\/pcb.org.br\/portal2\/wp-json\/wp\/v2\/posts\/10674","targetHints":{"allow":["GET"]}}],"collection":[{"href":"https:\/\/pcb.org.br\/portal2\/wp-json\/wp\/v2\/posts"}],"about":[{"href":"https:\/\/pcb.org.br\/portal2\/wp-json\/wp\/v2\/types\/post"}],"author":[{"embeddable":true,"href":"https:\/\/pcb.org.br\/portal2\/wp-json\/wp\/v2\/users\/1"}],"replies":[{"embeddable":true,"href":"https:\/\/pcb.org.br\/portal2\/wp-json\/wp\/v2\/comments?post=10674"}],"version-history":[{"count":0,"href":"https:\/\/pcb.org.br\/portal2\/wp-json\/wp\/v2\/posts\/10674\/revisions"}],"wp:attachment":[{"href":"https:\/\/pcb.org.br\/portal2\/wp-json\/wp\/v2\/media?parent=10674"}],"wp:term":[{"taxonomy":"category","embeddable":true,"href":"https:\/\/pcb.org.br\/portal2\/wp-json\/wp\/v2\/categories?post=10674"},{"taxonomy":"post_tag","embeddable":true,"href":"https:\/\/pcb.org.br\/portal2\/wp-json\/wp\/v2\/tags?post=10674"}],"curies":[{"name":"wp","href":"https:\/\/api.w.org\/{rel}","templated":true}]}}