{"id":10731,"date":"2016-04-01T20:36:19","date_gmt":"2016-04-01T23:36:19","guid":{"rendered":"http:\/\/pcb.org.br\/portal2\/?p=10731"},"modified":"2016-04-16T12:27:10","modified_gmt":"2016-04-16T15:27:10","slug":"unir-a-juventude-contra-a-ofensiva-conservadora-da-burguesia","status":"publish","type":"post","link":"https:\/\/pcb.org.br\/portal2\/10731","title":{"rendered":"Unir a juventude contra a ofensiva conservadora da burguesia!"},"content":{"rendered":"<p><img data-recalc-dims=\"1\" decoding=\"async\" class=\"imagem\" title=\"imagem\" src=\"https:\/\/i0.wp.com\/ujc.org.br\/wp-content\/uploads\/2016\/03\/11694914_904921106291742_6659133627094993370_n-1.jpg?w=747\" alt=\"imagem\" \/>(Nota Politica da Coordena\u00e7\u00e3o Nacional)<\/p>\n<p>A juventude brasileira, em especial a trabalhadora, \u00e9 uma das principais afetadas pela crise econ\u00f4mica, social e pol\u00edtica que assola o pa\u00eds. A rotatividade e precariza\u00e7\u00e3o do trabalho, o endividamento para conseguir pagar os estudos, <!--more-->a falta de investimentos no ensino p\u00fablico e a viol\u00eancia provocada pelas pol\u00edticas de seguran\u00e7a p\u00fablica do Estado s\u00e3o alguns dos problemas rotineiros na vida dos jovens brasileiros.<\/p>\n<p>Cresce entre os jovens, cada vez mais, a sensa\u00e7\u00e3o de inseguran\u00e7a e falta de perspectiva no futuro. Nos tempos de crescimento econ\u00f4mico do pa\u00eds, a juventude foi inserida ainda mais no mercado consumidor, no ensino superior de maneira precarizada e seletiva; principalmente, atrav\u00e9s da expans\u00e3o das universidades privadas. A justa, mas t\u00edmida pol\u00edtica de cotas, pouco modificou a composi\u00e7\u00e3o social e, menos ainda, o car\u00e1ter burgu\u00eas da nossa educa\u00e7\u00e3o e universidade.<\/p>\n<p>De fato, a concilia\u00e7\u00e3o petista com o grande capital pouco resultou em avan\u00e7os de direitos sociais para os jovens. Pelo contr\u00e1rio, essa concilia\u00e7\u00e3o contribuiu para viabilizar uma grande ofensiva da burguesia, que visa retirar direitos econ\u00f4micos e sociais da classe trabalhadora e restringir as liberdades de organiza\u00e7\u00e3o e express\u00e3o, impondo um clima fascistizante de intoler\u00e2ncia no debate pol\u00edtico.<\/p>\n<p>O crescimento da extrema direita e a concilia\u00e7\u00e3o governista mudaram o cen\u00e1rio negativamente para a juventude, n\u00e3o apenas do ponto de vista trabalhista e aumentando a repress\u00e3o do Estado, mas retraindo direitos de mulheres, negros e popula\u00e7\u00e3o LGBT, conquistados arduamente pelos movimentos populares e partidos pol\u00edticos de esquerda. N\u00e3o \u00e9 a toa que temos visto em pauta assuntos como \u201credu\u00e7\u00e3o da maioridade penal\u201d, projetos de lei que aprofundam a criminaliza\u00e7\u00e3o do aborto e a aprova\u00e7\u00e3o de um novo \u201cEstatuto da Fam\u00edlia\u201d.<\/p>\n<p>Esse avan\u00e7o conservador n\u00e3o pode ser analisado de forma isolada. Na Am\u00e9rica Latina, constatamos o desgaste das experi\u00eancias progressistas e anti-imperialistas como na Venezuela, Bol\u00edvia e Equador, e a tentativa de retomada da influ\u00eancia imperialista, em especial norte-americano, no continente. No Brasil, embora o governo brasileiro nunca tenha confrontado os interesses imperialistas na regi\u00e3o, pelo contr\u00e1rio estimulou a associa\u00e7\u00e3o da burguesia brasileira com o grande capital internacional, n\u00e3o est\u00e1 imune a este contexto.<\/p>\n<p>No Brasil, o processo de impedimento da presidenta representa a acelera\u00e7\u00e3o da ofensiva burguesa e reacion\u00e1ria contra os trabalhadores e a juventude. Estamos diante de um processo marcado por casu\u00edsmos, contradi\u00e7\u00f5es e oportunismos de todo tipo, orquestrados pela combina\u00e7\u00e3o de ofensivas jur\u00eddicas, legislativas e midi\u00e1ticas, as quais n\u00e3o escondem os v\u00ednculos com as for\u00e7as reacion\u00e1rias e conservadoras que querem manter e aprofundar seus privil\u00e9gios. Trata-se de um reordenamento jur\u00eddico e pol\u00edtico do Estado burgu\u00eas, para garantir os lucros dos capitalistas e enfraquecer qualquer perspectiva de resist\u00eancia popular aos ataques em curso.<\/p>\n<p>Por isso, a Uni\u00e3o da Juventude Comunista, assim como o PCB, se manifesta contr\u00e1ria ao processo de impedimento da presidente. Mantemos nossa oposi\u00e7\u00e3o pela esquerda ao governo petista, no entanto, compreendemos que os interesses burgueses no pa\u00eds convergem para interromper o mandato presidencial, a fim de acelerar os ataques aos direitos sociais, trabalhistas e democr\u00e1ticos do povo trabalhador.<\/p>\n<p>Consideramos um equ\u00edvoco de alguns setores tidos como esquerda a bandeira \u201cFora todos!\u201d na atual conjuntura. Al\u00e9m de n\u00e3o contribu\u00edrem para a politiza\u00e7\u00e3o da classe trabalhadora e sua juventude, tais setores convergem objetivamente com as palavras de ordem utilizados pela direita e extrema direita no atual e complexo cen\u00e1rio pol\u00edtico brasileiro.<\/p>\n<p>A UJC ir\u00e1 \u00e0s ruas para defender as liberdades democr\u00e1ticas dos trabalhadores e contra a ofensiva do grande capital j\u00e1 em curso no pa\u00eds. N\u00e3o h\u00e1 sa\u00edda na luta contra a direita dentro dos marcos da estrat\u00e9gia de concilia\u00e7\u00e3o com a burguesia e a mera defesa do governo Dilma.<\/p>\n<p>No pr\u00f3ximo dia 31, onde for poss\u00edvel construirmos unidade com setores independentes e anticapitalistas, estaremos presentes nas manifesta\u00e7\u00f5es. \u00c9 hora de impulsionarmos a unidade de a\u00e7\u00e3o objetiva atrav\u00e9s da forma\u00e7\u00e3o de um bloco de lutas anticapitalista, reerguermos as entidades de luta da juventude e politizarmos a juventude trabalhadora para a luta coletiva que levar\u00e1 a sua emancipa\u00e7\u00e3o.<\/p>\n<p>O dever dos jovens comunistas e revolucion\u00e1rios, nessa nova conjuntura, \u00e9 redobrar seus esfor\u00e7os para unir a juventude e combater o avan\u00e7o da direita no pa\u00eds. A unidade da juventude n\u00e3o se faz com defesas abstratas e despolitizadas, mas com a unifica\u00e7\u00e3o concreta das lutas em defesa da educa\u00e7\u00e3o p\u00fablica, contra o exterm\u00ednio da juventude nas periferias (em especial a juventude negra), contra o desemprego e precariza\u00e7\u00e3o do trabalho. Nesse sentido, estaremos nas ruas, pra\u00e7as, escolas, movimentos populares, universidades e periferias, defendendo o protagonismo da classe trabalhadora na luta pelo Poder Popular e pelo Socialismo!<\/p>\n<p><a href=\"http:\/\/ujc.org.br\/wp-content\/uploads\/2016\/03\/Flyer-1.pdf\" target=\"_blank\">Clique aqui para baixar o panfleto<\/a><\/p>\n<blockquote data-secret=\"mEUFe7x5yL\" class=\"wp-embedded-content\"><p><a href=\"http:\/\/ujc.org.br\/unir-a-juventude-contra-a-ofensiva-conservadora-da-burguesia\/\">Unir a juventude contra a ofensiva conservadora da burguesia!<\/a><\/p><\/blockquote>\n<p><iframe loading=\"lazy\" class=\"wp-embedded-content\" sandbox=\"allow-scripts\" security=\"restricted\" style=\"position: absolute; clip: rect(1px, 1px, 1px, 1px);\" src=\"http:\/\/ujc.org.br\/unir-a-juventude-contra-a-ofensiva-conservadora-da-burguesia\/embed\/#?secret=mEUFe7x5yL\" data-secret=\"mEUFe7x5yL\" width=\"600\" height=\"338\" title=\"&#8220;Unir a juventude contra a ofensiva conservadora da burguesia!&#8221; &#8212; UJC\" frameborder=\"0\" marginwidth=\"0\" marginheight=\"0\" scrolling=\"no\"><\/iframe><\/p>\n","protected":false},"excerpt":{"rendered":"(Nota Politica da Coordena\u00e7\u00e3o Nacional) A juventude brasileira, em especial a trabalhadora, \u00e9 uma das principais afetadas pela crise econ\u00f4mica, social e pol\u00edtica \n<a class=\"moretag\" href=\"https:\/\/pcb.org.br\/portal2\/10731\"> <\/a>","protected":false},"author":1,"featured_media":0,"comment_status":"closed","ping_status":"closed","sticky":false,"template":"","format":"standard","meta":{"jetpack_post_was_ever_published":false,"_jetpack_newsletter_access":"","_jetpack_dont_email_post_to_subs":false,"_jetpack_newsletter_tier_id":0,"_jetpack_memberships_contains_paywalled_content":false,"_jetpack_memberships_contains_paid_content":false,"footnotes":"","jetpack_publicize_message":"","jetpack_publicize_feature_enabled":true,"jetpack_social_post_already_shared":true,"jetpack_social_options":{"image_generator_settings":{"template":"highway","default_image_id":0,"font":"","enabled":false},"version":2}},"categories":[27],"tags":[],"class_list":["post-10731","post","type-post","status-publish","format-standard","hentry","category-c27-ujc"],"jetpack_publicize_connections":[],"jetpack_featured_media_url":"","jetpack_shortlink":"https:\/\/wp.me\/p659gw-2N5","jetpack-related-posts":[],"jetpack_likes_enabled":true,"jetpack_sharing_enabled":true,"_links":{"self":[{"href":"https:\/\/pcb.org.br\/portal2\/wp-json\/wp\/v2\/posts\/10731","targetHints":{"allow":["GET"]}}],"collection":[{"href":"https:\/\/pcb.org.br\/portal2\/wp-json\/wp\/v2\/posts"}],"about":[{"href":"https:\/\/pcb.org.br\/portal2\/wp-json\/wp\/v2\/types\/post"}],"author":[{"embeddable":true,"href":"https:\/\/pcb.org.br\/portal2\/wp-json\/wp\/v2\/users\/1"}],"replies":[{"embeddable":true,"href":"https:\/\/pcb.org.br\/portal2\/wp-json\/wp\/v2\/comments?post=10731"}],"version-history":[{"count":0,"href":"https:\/\/pcb.org.br\/portal2\/wp-json\/wp\/v2\/posts\/10731\/revisions"}],"wp:attachment":[{"href":"https:\/\/pcb.org.br\/portal2\/wp-json\/wp\/v2\/media?parent=10731"}],"wp:term":[{"taxonomy":"category","embeddable":true,"href":"https:\/\/pcb.org.br\/portal2\/wp-json\/wp\/v2\/categories?post=10731"},{"taxonomy":"post_tag","embeddable":true,"href":"https:\/\/pcb.org.br\/portal2\/wp-json\/wp\/v2\/tags?post=10731"}],"curies":[{"name":"wp","href":"https:\/\/api.w.org\/{rel}","templated":true}]}}