{"id":10772,"date":"2016-04-05T10:14:22","date_gmt":"2016-04-05T13:14:22","guid":{"rendered":"http:\/\/pcb.org.br\/portal2\/?p=10772"},"modified":"2016-05-05T22:31:16","modified_gmt":"2016-05-06T01:31:16","slug":"decadencia-do-progressismo-e-das-transformacoes-limitadas","status":"publish","type":"post","link":"https:\/\/pcb.org.br\/portal2\/10772","title":{"rendered":"DECAD\u00caNCIA DO PROGRESSISMO E DAS TRANSFORMA\u00c7\u00d5ES LIMITADAS"},"content":{"rendered":"<p><img data-recalc-dims=\"1\" decoding=\"async\" class=\"imagem\" title=\"imagem\" src=\"https:\/\/i0.wp.com\/3.bp.blogspot.com\/_B8qmwzx63cs\/S_pj9p_Ee5I\/AAAAAAAAAG0\/zLLm4tniMxg\/s1600\/america_latina.png?w=747\" alt=\"imagem\" \/>O dilema continental \u00e9 revolu\u00e7\u00e3o social ou caos com hegemonia do grande capital decadente e das direitas duras.<\/p>\n<p>Por Narciso Isa Conde<\/p>\n<p>O quadro de nossa Am\u00e9rica j\u00e1 n\u00e3o parece t\u00e3o favor\u00e1vel para as esquerdas e for\u00e7as transformadoras como no in\u00edcio deste s\u00e9culo.<!--more--><\/p>\n<p>Os EUA e as direitas retomaram a ofensiva e conseguiram se entronizar com diversos meios e variadas modalidades nos governos e Estados de Honduras, Paraguai, Peru e Argentina, pa\u00edses inicialmente situados no campo do progressismo.<\/p>\n<p>Al\u00e9m disso, aproveitando as limita\u00e7\u00f5es e deforma\u00e7\u00f5es em cada processo, est\u00e3o conseguindo mudar a seu favor a correla\u00e7\u00e3o de for\u00e7a na Venezuela, criando melhores condi\u00e7\u00f5es para o retrocesso.<\/p>\n<p>A isso se agrega que conseguiram corroer gravemente o moderado e debilitado regime do PT no Brasil, apontando tamb\u00e9m contra os governos transformadores do Equador e Bol\u00edvia com estrat\u00e9gias de desgastes limitadamente exitosas.<\/p>\n<p>FATORES ADVERSOS E FALHAS<\/p>\n<p>O fim das vantagens econ\u00f4micas derivadas dos altos pre\u00e7os do petr\u00f3leo, a redu\u00e7\u00e3o das exporta\u00e7\u00f5es sul-americanas para a China, \u00cdndia e outras pot\u00eancias emergentes; o aumento da corrup\u00e7\u00e3o estatal governamental (com suas especificidades em cada caso), a reprodu\u00e7\u00e3o de m\u00e9todos pr\u00f3prios da pol\u00edtica tradicional, a longa coexist\u00eancia traum\u00e1tica com as estruturas do grande capital que alimenta as agressivas direitas continentais, se combinaram no interior desses processos animadores para abrir espa\u00e7o para a revers\u00e3o contrarreformista e contrarrevolucion\u00e1ria.<\/p>\n<p>A essa am\u00e1lgama de fatores e de erros se soma a pior de todas as limita\u00e7\u00f5es: a aus\u00eancia em suas inst\u00e2ncias condutoras da necess\u00e1ria determina\u00e7\u00e3o de passar das reformas mais ou menos avan\u00e7adas \u00e0 revolu\u00e7\u00e3o com um forte sinal anticapitalista e socializante do poder e da economia. Sempre se disse \u2013 e agora volta a se confirmar \u2013 que processo de mudan\u00e7a que n\u00e3o se aprofunda se estanca, se enfraquece e termina retrocedendo.<\/p>\n<p>TEND\u00caNCIA<\/p>\n<p>Consumada recentemente a restaura\u00e7\u00e3o neoliberal na Argentina, o v\u00e9rtice da contraofensiva reacion\u00e1ria se concentrou no Brasil, primeiro, obtendo mais concess\u00f5es volunt\u00e1rias do Governo de Dilma Rousseff dentro da l\u00f3gica neoliberal, erodindo ainda mais a popularidade do PT e aproveitado ao m\u00e1ximo a implos\u00e3o da grande corrup\u00e7\u00e3o (PETROBRAS-ODEBRECHT, ANDRADE GUTI\u00c9RREZ etc), na qual evidentemente est\u00e3o envolvidos altos dirigentes petistas, incluindo a presidenta e o pr\u00f3prio Lula.<\/p>\n<p>Essa grande corrup\u00e7\u00e3o, mesclada com a pol\u00edtica exterior do Estado brasileiro e do PT, com o cartel da constru\u00e7\u00e3o ODEBRECHT encabe\u00e7ando e acompanhada de eficazes assessorias eleitorais e n\u00e3o eleitorais do mercad\u00f3logo JO\u00c3O SANTANA, hoje na pris\u00e3o, se expandiu a outros governos do continente, entre eles, o de Mauricio Funes em EL Salvador, e aos atuais regimes da Rep\u00fablica Dominicana e Panam\u00e1, evidenciando-se fortes as cumplicidades em obras supervalorizadas. Na Venezuela e em Cuba, onde tamb\u00e9m operou a ODEBRECHT, n\u00e3o se apresentaram sinais de esc\u00e2ndalos.<\/p>\n<p>Quando os atores do deslocamento e da insubordina\u00e7\u00e3o contra os velhos e decadentes regimes neoliberais e contra as podres democracias representativas, n\u00e3o se decidem pelas revolu\u00e7\u00f5es, pela nega\u00e7\u00e3o dos m\u00e9todos da direita e da corrup\u00e7\u00e3o e privil\u00e9gios estatais-governamentais, pela impugna\u00e7\u00e3o progressiva do capitalismo em crise e pela socializa\u00e7\u00e3o progressiva em todas as ordens, finalmente ficam presos em suas redes e op\u00e7\u00f5es, as quais come\u00e7am a operar introduzindo um neoliberalismo brando dentro da socialdemocratiza\u00e7\u00e3o, que termina facilitando a restaura\u00e7\u00e3o de um neoliberalismo duro.<\/p>\n<p>CASOS E CASOS DE ESTANCAMENTOS, MUDAN\u00c7AS E RETROCESSOS<\/p>\n<p>Isto \u00e9 urgentemente v\u00e1lido de considerar para a Venezuela, referente chave do processo continental.<\/p>\n<p>O caso da Argentina, submetida de novo aos bombardeios neoliberais, \u00e9 simplesmente dram\u00e1tico.<\/p>\n<p>O do Brasil \u2013 todavia, pendente de desenlace \u2013 tende a s\u00ea-lo tamb\u00e9m, com o agravante de que Lula vem das esquerdas e foi um s\u00edmbolo da resist\u00eancia oper\u00e1ria e popular que se tornou, junto a uma parte da c\u00fapula de seu tamb\u00e9m emblem\u00e1tico PT, um administrador da ordem capitalista com uma melhor distribui\u00e7\u00e3o da renda nacional a favor dos pobres nas \u00e9pocas de bonan\u00e7as, acompanhada de lucros recordes em favor do capital financeiro brasileiro, e \u2013 o pior \u2013 em um l\u00edder altamente vulner\u00e1vel \u00e0s acusa\u00e7\u00f5es de corrup\u00e7\u00e3o, imerso em esc\u00e2ndalos espantosos que sujam os governos do PT.<\/p>\n<p>A proje\u00e7\u00e3o dessa deplor\u00e1vel situa\u00e7\u00e3o de Lula e do PT faz um dano enorme \u00e0s for\u00e7as autenticamente revolucion\u00e1rias do continente. Golpeia a subjetividade dos povos, promove a desconfian\u00e7a e facilita a a\u00e7\u00e3o das direitas retr\u00f3gradas, sempre opostas a qualquer mudan\u00e7a fora de seu controle.<\/p>\n<p>No Brasil tamb\u00e9m operam os conflitos subterr\u00e2neos entre os interesses dos cons\u00f3rcios imperialistas brasileiros e os estadunidenses, os primeiros pr\u00f3ximos a Lula, os outros n\u00e3o. Isso explica o caso ODEBRECHT e o da PETROBRAS, empresas em expans\u00e3o implac\u00e1vel, sem qualquer escr\u00fapulo.<\/p>\n<p>A isso \u00e9 preciso somar os efeitos empobrecedores do pacote neoliberal de Dilma, respaldado por Lula e agregado aos graves problemas acumulados em vertentes t\u00e3o sens\u00edveis como sa\u00fade p\u00fablica, educa\u00e7\u00e3o, posse da terra e meio ambiente.<\/p>\n<p>Em El Salvador, a mudan\u00e7a de comando de Funes para S\u00e1nchez Cer\u00e9n, abriu uma nova oportunidade que parece estancada na ordem das mudan\u00e7as estruturais necess\u00e1rias.<\/p>\n<p>A Nicar\u00e1gua, que \u00e9 algo muito especial, parece muito est\u00e1vel dentro de seus limites por tudo o que implica o projeto do canal interoce\u00e2nico nas m\u00e3os da China Popular.<\/p>\n<p>O Uruguai n\u00e3o ultrapassou o marco socialdemocrata dentro de seu capitalismo dependente apto, por sua escassa popula\u00e7\u00e3o, para oferecer certo bem-estar social \u00e0 classe trabalhadora e ao povo em geral com bons par\u00e2metros de liberdade e honestidade administrativa.<\/p>\n<p>Em Cuba, a mudan\u00e7a dominante de imediato \u00e9 para uma combina\u00e7\u00e3o de estatismo e capitalismo privado no contexto das boas rela\u00e7\u00f5es com os EUA e abertura ao capital transnacional, caso n\u00e3o se altere esse fator por decis\u00e3o imperial ou cubana. E esse modelo, n\u00e3o sendo substitu\u00eddo, tende a tirar essa na\u00e7\u00e3o de toda din\u00e2mica revolucion\u00e1ria anticapitalista e a ofuscar as perspectivas socialistas do processo.<\/p>\n<p>\u00c9 claro, no entanto, que esse novo curso do processo cubano est\u00e1 em fase inicial, tanto no que concerne ao cen\u00e1rio pol\u00edtico pr\u00f3prio como o estadunidense, onde as novas elei\u00e7\u00f5es anunciam outras tormentas, que desta vez n\u00e3o se chamam OBAMA. Por\u00e9m, \u00e9 cedo para julgamentos categ\u00f3ricos.<\/p>\n<p>SEGUE O COMBATE<\/p>\n<p>No entanto, a luta continua.<\/p>\n<p>E se a virada para a revolu\u00e7\u00e3o n\u00e3o surge das lideran\u00e7as atuais desses processos, brotar\u00e1 das entranhas do povo trabalhador e a partir da consci\u00eancia e organiza\u00e7\u00e3o criada no calor dos processos falidos.<\/p>\n<p>O capitalismo n\u00e3o tem, todavia, outra resposta a sua crise que n\u00e3o seja finalmente mais neoliberalismo, o que volta a ati\u00e7ar as resist\u00eancias e contraofensiva populares.<\/p>\n<p>Algo de maior envergadura pode ocorrer na Venezuela caso se complete o assalto ao poder pelas direitas. Em ambos os sentidos: na dureza das direitas e na radicalidade do chavismo revolucion\u00e1rio.<\/p>\n<p>A radicalidade presente nas bases populares dos processos progressistas e transformadores entorpecidos n\u00e3o necessariamente se reverte mudando para pior os governos; isto sem negar as frustra\u00e7\u00f5es, atrasos e confus\u00f5es que essas realidades poderiam gerar segundo as circunst\u00e2ncias.<\/p>\n<p>A onda de mudan\u00e7as pode declinar ao n\u00edvel do posicionamento dos Estados, por\u00e9m n\u00e3o necessariamente a partir dos povos, sobretudo, quando a crise de decad\u00eancia do capitalismo n\u00e3o para de aprofundar-se, deteriorando e caotizando as sociedades, carregando sobre a traum\u00e1tica ofensiva neoliberal legitimada fugazmente pelo estancamento e a degrada\u00e7\u00e3o dos processos de mudan\u00e7a, sem contar com uma for\u00e7a revolucion\u00e1ria de relevo.<\/p>\n<p>As dificuldades que implicam essas viragens a favor dos EUA e as direitas n\u00e3o deve ser minimizada.<\/p>\n<p>Estes estancamentos, viradas \u00e0 direita e retrocessos, junto a graves alhas \u00e9ticas, fazem um dano enorme \u00e0s for\u00e7as autenticamente revolucion\u00e1rias do continente. Golpeia a subjetividade dos povos, promove a desconfian\u00e7a e facilita a a\u00e7\u00e3o das direitas retr\u00f3gradas, sempre opostas a qualquer mudan\u00e7a fora de seu controle.<\/p>\n<p>Precisam, portanto, ser enfrentados com firmeza e otimismo ao ritmo de seus desgarradores efeitos; detectando as possibilidades de contraofensiva a partir dos povos e redobrando os esfor\u00e7os por construir novas vanguardas e lideran\u00e7as pol\u00edtico-sociais consequentes como garantias de avan\u00e7os sem retornos ao passado.<\/p>\n<p>COL\u00d4MBIA NO TREM DE PAZ<\/p>\n<p>Por outro lado, o avan\u00e7o dos acordos para a paz na Col\u00f4mbia, outro cen\u00e1rio da luta de classe e da luta pela soberania, merece um acompanhamento especial de nossa parte.<\/p>\n<p>Tal fen\u00f4meno j\u00e1 provocou mudan\u00e7as n\u00e3o desprez\u00edveis na din\u00e2mica da pol\u00edtica colombiana e tende a criar novas conjunturas e gerar novas exig\u00eancias e iniciativas que podem impactar a realidade continental e mundial em dire\u00e7\u00e3o positiva ou negativa; dependendo do tipo de varia\u00e7\u00f5es que produza nas correla\u00e7\u00f5es de for\u00e7a e de poder no per\u00edodo de transi\u00e7\u00e3o para a paz.<\/p>\n<p>As FARC-EP \u2013 combinando com muito talento a firmeza estrat\u00e9gica e a flexibilidade t\u00e1tica \u2013 visam que a modalidade da transi\u00e7\u00e3o sem confronta\u00e7\u00e3o armada preserve seu ac\u00famulo hist\u00f3rico e sua capacidade de resposta insurgente enquanto n\u00e3o se consolide a viragem democr\u00e1tica em escala nacional, para que possibilite ampliar sua influ\u00eancia pol\u00edtica e implanta\u00e7\u00e3o social, garantindo avan\u00e7os ascendentes sem retrocessos para uma nova Col\u00f4mbia de paz duradoura, capaz de impactar positivamente a regi\u00e3o. A amplia\u00e7\u00e3o do prazo para obter acordos s\u00f3lidos e suas formas de implanta\u00e7\u00e3o favorece esses prop\u00f3sitos.<\/p>\n<p>A quest\u00e3o venezuelana e a colombiana tem uma estreita intera\u00e7\u00e3o, sem que, todavia, possam fazer-se predi\u00e7\u00f5es categ\u00f3ricas a respeito do que possa ocorrer em ambos os lados dessa fronteira nevr\u00e1lgica neste mundo convulso.<\/p>\n<p>20-03-16, Santo Domingo, RD.<\/p>\n<p>Tradu\u00e7\u00e3o: Partido Comunista Brasileiro (PCB)<\/p>\n","protected":false},"excerpt":{"rendered":"O dilema continental \u00e9 revolu\u00e7\u00e3o social ou caos com hegemonia do grande capital decadente e das direitas duras. Por Narciso Isa Conde O \n<a class=\"moretag\" href=\"https:\/\/pcb.org.br\/portal2\/10772\"> <\/a>","protected":false},"author":1,"featured_media":0,"comment_status":"closed","ping_status":"closed","sticky":false,"template":"","format":"standard","meta":{"jetpack_post_was_ever_published":false,"_jetpack_newsletter_access":"","_jetpack_dont_email_post_to_subs":false,"_jetpack_newsletter_tier_id":0,"_jetpack_memberships_contains_paywalled_content":false,"_jetpack_memberships_contains_paid_content":false,"footnotes":"","jetpack_publicize_message":"","jetpack_publicize_feature_enabled":true,"jetpack_social_post_already_shared":true,"jetpack_social_options":{"image_generator_settings":{"template":"highway","default_image_id":0,"font":"","enabled":false},"version":2}},"categories":[8],"tags":[],"class_list":["post-10772","post","type-post","status-publish","format-standard","hentry","category-america-latina"],"jetpack_publicize_connections":[],"jetpack_featured_media_url":"","jetpack_shortlink":"https:\/\/wp.me\/p659gw-2NK","jetpack-related-posts":[],"jetpack_likes_enabled":true,"jetpack_sharing_enabled":true,"_links":{"self":[{"href":"https:\/\/pcb.org.br\/portal2\/wp-json\/wp\/v2\/posts\/10772","targetHints":{"allow":["GET"]}}],"collection":[{"href":"https:\/\/pcb.org.br\/portal2\/wp-json\/wp\/v2\/posts"}],"about":[{"href":"https:\/\/pcb.org.br\/portal2\/wp-json\/wp\/v2\/types\/post"}],"author":[{"embeddable":true,"href":"https:\/\/pcb.org.br\/portal2\/wp-json\/wp\/v2\/users\/1"}],"replies":[{"embeddable":true,"href":"https:\/\/pcb.org.br\/portal2\/wp-json\/wp\/v2\/comments?post=10772"}],"version-history":[{"count":0,"href":"https:\/\/pcb.org.br\/portal2\/wp-json\/wp\/v2\/posts\/10772\/revisions"}],"wp:attachment":[{"href":"https:\/\/pcb.org.br\/portal2\/wp-json\/wp\/v2\/media?parent=10772"}],"wp:term":[{"taxonomy":"category","embeddable":true,"href":"https:\/\/pcb.org.br\/portal2\/wp-json\/wp\/v2\/categories?post=10772"},{"taxonomy":"post_tag","embeddable":true,"href":"https:\/\/pcb.org.br\/portal2\/wp-json\/wp\/v2\/tags?post=10772"}],"curies":[{"name":"wp","href":"https:\/\/api.w.org\/{rel}","templated":true}]}}