{"id":10840,"date":"2016-04-12T22:43:44","date_gmt":"2016-04-13T01:43:44","guid":{"rendered":"http:\/\/pcb.org.br\/portal2\/?p=10840"},"modified":"2017-08-24T22:41:54","modified_gmt":"2017-08-25T01:41:54","slug":"o-que-une-e-divide-as-forcas-de-esquerda","status":"publish","type":"post","link":"https:\/\/pcb.org.br\/portal2\/10840","title":{"rendered":"O QUE UNE E DIVIDE AS FOR\u00c7AS DE ESQUERDA"},"content":{"rendered":"<p><img data-recalc-dims=\"1\" height=\"382\" width=\"720\" decoding=\"async\" class=\"imagem\" title=\"imagem\" src=\"https:\/\/i0.wp.com\/www.pressenza.com\/wp-content\/uploads\/2016\/04\/Trabajadores-720x382.jpg?resize=720%2C382&#038;ssl=1\" alt=\"imagem\" \/>Importa saber na atual conjuntura de crise qual a melhor estrat\u00e9gia para fortalecer<\/p>\n<p>a organiza\u00e7\u00e3o dos trabalhadores e enfrentar a escalada neoliberal e de direita.<\/p>\n<p>Hamilton Octavio de Souza<\/p>\n<p>O que une as for\u00e7as de esquerda \u00e9 o combate ao modelo neoliberal, em especial contra as medidas mais ortodoxas que impedem o desenvolvimento econ\u00f4mico e a redu\u00e7\u00e3o das desigualdades. <!--more-->Todas as correntes de esquerda defendem os direitos e as conquistas dos trabalhadores, n\u00e3o aceitam as medidas que retiram recursos dos programas sociais e n\u00e3o querem que o \u00f4nus da crise econ\u00f4mica gerada pelo capitalismo seja colocado na conta dos trabalhadores.<\/p>\n<p>O que divide as for\u00e7as de esquerda \u00e9 fazer defesa ou oposi\u00e7\u00e3o ao Governo Dilma Rousseff, do PT. Parte dessas for\u00e7as entende que por pior que seja o Governo Dilma, ao menos desenvolve algumas a\u00e7\u00f5es positivas para a prote\u00e7\u00e3o da popula\u00e7\u00e3o mais pobre e dos trabalhadores. E que a preserva\u00e7\u00e3o do Governo Dilma servir\u00e1 de trincheira para impedir maior trucul\u00eancia da direita na aplica\u00e7\u00e3o do modelo neoliberal e na manuten\u00e7\u00e3o das regras do atual \u201cEstado Democr\u00e1tico de Direito\u201d.<\/p>\n<p>Outra parte dessas for\u00e7as de esquerda entende que as alian\u00e7as do Governo Dilma com o empresariado, bancos, agroneg\u00f3cio e com partidos conservadores e de direita, fortalece muito mais o modelo neoliberal e o campo da direita do que as lutas dos trabalhadores e o campo da esquerda. Tanto \u00e9 que ocorreu forte crescimento da direita e dos grupos conservadores, no Congresso Nacional e na sociedade, apesar dos programas sociais dos governos Lula e Dilma.<\/p>\n<p>No momento em que a estrat\u00e9gia adotada pelo PT ao longo dos governos Lula e Dilma est\u00e1 sendo fortemente bombardeada por amplos setores da sociedade, com risco de interrup\u00e7\u00e3o do segundo mandato de Dilma, as for\u00e7as de esquerda est\u00e3o divididas entre as que consideram mais importante proteger o Governo Dilma de eventual golpe da direita e as que consideram mais importante fortalecer a mobiliza\u00e7\u00e3o e a organiza\u00e7\u00e3o das classes trabalhadoras para impedir retrocessos sociais, venham de onde vier, seja do atual governo de alian\u00e7a com a direita ou de um eventual novo governo de direita.<\/p>\n<p>Para a parte da esquerda que mobiliza setores organizados da sociedade (CUT, MST, UNE, MTST etc) na defesa do Governo Dilma contra o impeachment, o foco da luta \u00e9 impedir o avan\u00e7o das for\u00e7as conservadoras e de direita que atacam diretamente o governo, embora do lado do Governo Dilma tenha tamb\u00e9m partidos e grupos notadamente conservadores e de direita, como os partidos PP, PR, PSD, e ministros como K\u00e1tia Abreu, Helder Barbalho, Gilberto Kassab, Antonio Carlos Rodrigues etc. Ou seja, a direita n\u00e3o est\u00e1 apenas do lado do impeachment, est\u00e1 tamb\u00e9m do lado contra o impeachment.<\/p>\n<p>Para a outra parte da esquerda, mesmo entendendo que o impeachment \u00e9 um golpe da direita contra o Governo Dilma, o foco da luta \u00e9 contra toda a direita e ao mesmo tempo contra essa estrat\u00e9gia do PT de fazer alian\u00e7as com a direita nos seus governos, j\u00e1 que tais alian\u00e7as n\u00e3o apenas proporcionaram a ado\u00e7\u00e3o de medidas da ortodoxia neoliberal contra os trabalhadores como tamb\u00e9m fortaleceram, nos \u00faltimos 13 anos, os grupos conservadores e de direita abrigados ou n\u00e3o nos governos do PT.<\/p>\n<p>Do ponto de vista da luta dos trabalhadores, importa saber se a defesa do Governo Dilma contribui efetivamente para o ac\u00famulo de for\u00e7as no campo da esquerda n\u00e3o s\u00f3 para impedir o impeachment da presidente, mas mais do que isso, impedir que no futuro imediato venham a ser adotadas novas medidas econ\u00f4micas e sociais contra os trabalhadores. A desconfian\u00e7a faz sentido porque o Governo Dilma atingiu duramente as classes trabalhadoras logo ap\u00f3s as elei\u00e7\u00f5es de 2014 com mudan\u00e7as no seguro-desemprego, no aux\u00edlio-doen\u00e7a, no benef\u00edcio da pens\u00e3o e tamb\u00e9m nos cortes do ProUni, Pronatec, FIES e programa Minha Casa Minha Vida.<\/p>\n<p>Da mesma forma, importa saber se ap\u00f3s eventual impeachment da presidente, com a quase certa sa\u00edda do PT e de seus apoiadores do governo, as for\u00e7as de esquerda conseguir\u00e3o fortalecer sua unidade em torno da luta contra o modelo neoliberal e na defesa dos direitos e conquistas dos trabalhadores. Pode ser que o PT, na oposi\u00e7\u00e3o ao governo federal, mude a sua estrat\u00e9gia de alian\u00e7a com a direita e passe a integrar de forma decisiva o campo da esquerda. Mas pode ser, tamb\u00e9m, que mesmo ap\u00f3s sofrer derrota no governo, o PT mantenha sua estrat\u00e9gia de priorizar as alian\u00e7as com a direita, como j\u00e1 vem acontecendo nas coliga\u00e7\u00f5es ensaiadas para as elei\u00e7\u00f5es municipais deste ano.<\/p>\n<p>O que est\u00e1 evidente, para todos que t\u00eam compromisso com as lutas dos trabalhadores, \u00e9 que, independente do que acontecer no processo de impeachment da presidente Dilma Rousseff, as for\u00e7as de esquerda v\u00e3o precisar de muita unidade e muita combatividade n\u00e3o apenas para conter os retrocessos gerais patrocinados pelo conservadorismo e pela direita, mas principalmente para impedir que o governo nascido da crise adote novas medidas contra os direitos e as conquistas sociais. Tudo indica que a barra mais pesada ainda est\u00e1 para acontecer, com ou sem impeachment.<\/p>\n<p>Hamilton Octavio de Souza \u00e9 jornalista e professor.<\/p>\n","protected":false},"excerpt":{"rendered":"Importa saber na atual conjuntura de crise qual a melhor estrat\u00e9gia para fortalecer a organiza\u00e7\u00e3o dos trabalhadores e enfrentar a escalada neoliberal e \n<a class=\"moretag\" href=\"https:\/\/pcb.org.br\/portal2\/10840\"> <\/a>","protected":false},"author":1,"featured_media":0,"comment_status":"closed","ping_status":"closed","sticky":false,"template":"","format":"standard","meta":{"jetpack_post_was_ever_published":false,"_jetpack_newsletter_access":"","_jetpack_dont_email_post_to_subs":false,"_jetpack_newsletter_tier_id":0,"_jetpack_memberships_contains_paywalled_content":false,"_jetpack_memberships_contains_paid_content":false,"footnotes":"","jetpack_publicize_message":"","jetpack_publicize_feature_enabled":true,"jetpack_social_post_already_shared":true,"jetpack_social_options":{"image_generator_settings":{"template":"highway","default_image_id":0,"font":"","enabled":false},"version":2}},"categories":[7],"tags":[],"class_list":["post-10840","post","type-post","status-publish","format-standard","hentry","category-s8-brasil"],"jetpack_publicize_connections":[],"jetpack_featured_media_url":"","jetpack_shortlink":"https:\/\/wp.me\/p659gw-2OQ","jetpack-related-posts":[],"jetpack_likes_enabled":true,"jetpack_sharing_enabled":true,"_links":{"self":[{"href":"https:\/\/pcb.org.br\/portal2\/wp-json\/wp\/v2\/posts\/10840","targetHints":{"allow":["GET"]}}],"collection":[{"href":"https:\/\/pcb.org.br\/portal2\/wp-json\/wp\/v2\/posts"}],"about":[{"href":"https:\/\/pcb.org.br\/portal2\/wp-json\/wp\/v2\/types\/post"}],"author":[{"embeddable":true,"href":"https:\/\/pcb.org.br\/portal2\/wp-json\/wp\/v2\/users\/1"}],"replies":[{"embeddable":true,"href":"https:\/\/pcb.org.br\/portal2\/wp-json\/wp\/v2\/comments?post=10840"}],"version-history":[{"count":0,"href":"https:\/\/pcb.org.br\/portal2\/wp-json\/wp\/v2\/posts\/10840\/revisions"}],"wp:attachment":[{"href":"https:\/\/pcb.org.br\/portal2\/wp-json\/wp\/v2\/media?parent=10840"}],"wp:term":[{"taxonomy":"category","embeddable":true,"href":"https:\/\/pcb.org.br\/portal2\/wp-json\/wp\/v2\/categories?post=10840"},{"taxonomy":"post_tag","embeddable":true,"href":"https:\/\/pcb.org.br\/portal2\/wp-json\/wp\/v2\/tags?post=10840"}],"curies":[{"name":"wp","href":"https:\/\/api.w.org\/{rel}","templated":true}]}}