{"id":10857,"date":"2016-04-16T11:52:36","date_gmt":"2016-04-16T14:52:36","guid":{"rendered":"http:\/\/pcb.org.br\/portal2\/?p=10857"},"modified":"2016-05-05T22:58:21","modified_gmt":"2016-05-06T01:58:21","slug":"e-a-luta-continua-mesmo-com-a-desocupacao-contra-a-mabe-e-seu-golpe-travestido-de-falencia-que-ataca-os-trabalhadores-em-todos-os-lugares-onde-esta","status":"publish","type":"post","link":"https:\/\/pcb.org.br\/portal2\/10857","title":{"rendered":"E a luta continua, mesmo com a desocupa\u00e7\u00e3o: contra a Mabe e seu golpe travestido de fal\u00eancia que ataca os trabalhadores em todos os lugares onde est\u00e1"},"content":{"rendered":"<p><img data-recalc-dims=\"1\" decoding=\"async\" class=\"imagem\" title=\"imagem\" src=\"https:\/\/i0.wp.com\/www.intersindical.org.br\/images\/MabeOcupa_10.jpg?w=747\" alt=\"imagem\" \/>Quase 120 dias, em que homens e mulheres trabalhadores na Mabe n\u00e3o recebem sal\u00e1rios, n\u00e3o tiveram seu 13 sal\u00e1rio pago integralmente e assim tudo come\u00e7a a faltar em casa: o dinheiro para o aluguel, para por comida dentro de casa, para alimentar dignamente os filhos, para garantir o material escolar das crian\u00e7as, para garantir luz e agua dentro de casa.<!--more--><\/p>\n<p>Enquanto os metal\u00fargicos careciam do b\u00e1sico porque lhes foi negado o direto b\u00e1sico do pagamento de seus sal\u00e1rios e lhes foi arrancado o emprego, os respons\u00e1veis pela recupera\u00e7\u00e3o judicial, capachos da multinacional Mabe, ao mesmo tempo em que anunciavam a fal\u00eancia da f\u00e1brica, tamb\u00e9m anunciavam seus planos em reativar a planta de Hortol\u00e2ndia sob novo CNPJ e seguir expandindo seus lucros.<\/p>\n<p><img data-recalc-dims=\"1\" decoding=\"async\" class=\"imagem\" src=\"https:\/\/i0.wp.com\/www.intersindical.org.br\/images\/MabeOcupa_13.jpg?w=747\" alt=\"\" \/><\/p>\n<p>Mas durante esses quase 120 dias n\u00e3o houve espa\u00e7o vazio de luta, os trabalhadores sempre juntos com o Sindicato, acamparam em frente as duas f\u00e1bricas e com anuncio da fal\u00eancia, deram mais um passo e foram para dentro da f\u00e1brica. E foi a ocupa\u00e7\u00e3o que garantiu avan\u00e7o nessa batalha que ainda n\u00e3o acabou.<\/p>\n<p><b>O Estado com todos seus bra\u00e7os a servi\u00e7o do Capital<\/b><\/p>\n<p>Al\u00e9m dos respons\u00e1veis pela massa falida insistirem com as demiss\u00f5es, o calote nos sal\u00e1rios, o desrespeito aos direitos de quem teve parte da sa\u00fade levada pelo processo nocivo da produ\u00e7\u00e3o, a Mabe contou com mais bra\u00e7os do Estado, dessa vez armado, para o servi\u00e7o sujo de atacar os trabalhadores.<\/p>\n<p><img data-recalc-dims=\"1\" decoding=\"async\" class=\"imagem\" src=\"https:\/\/i0.wp.com\/www.intersindical.org.br\/images\/MabeOcupa_15.jpg?w=747\" alt=\"\" \/>Na tarde do domingo de 3 de abril, a Pol\u00edcia Militar junto \u00e0 oficial de Justi\u00e7a porta-voz da reintegra\u00e7\u00e3o de posse, invadiram a Mabe em Hortol\u00e2ndia, por terra e ar, com seus helic\u00f3pteros, bombas, gases, tocaram o terror de Estado contra os trabalhadores. \u00c9 o mesmo bra\u00e7o armado do Estado que invade as comunidades, favelas e mata as crian\u00e7as e jovens, filhos de nossa classe. S\u00e3o em momentos como esse que se escancara a quem \u00e9 dedicado o lema da Policia \u201cServir e Proteger\u201d, est\u00e3o a servi\u00e7o de proteger a propriedade privada do Capital, mas que s\u00f3 existe fruto do trabalho dos trabalhadores.<\/p>\n<p>A resist\u00eancia escancarou o calote da Mabe e garantiu o in\u00edcio do pagamento do que deve aos trabalhadores: mesmo sendo retirados a for\u00e7a pela Policia Militar, os metal\u00fargicos na planta de Hortol\u00e2ndia continuaram acampados na frente da f\u00e1brica. E em Campinas sempre junto com o Sindicato, os trabalhadores entrincheirados e com barricadas se mantiveram firmes na defesa de seus direitos e de suas vidas.<\/p>\n<p><img data-recalc-dims=\"1\" decoding=\"async\" class=\"imagem\" src=\"https:\/\/i0.wp.com\/www.intersindical.org.br\/images\/barricadamabe2.jpg?w=747\" alt=\"\" \/>A partir disso, o Judici\u00e1rio teve que se mexer e na audi\u00eancia realizada no dia 08 de abril, os respons\u00e1veis pela massa falida tiveram que se comprometer em iniciar o pagamento aos trabalhadores nos pr\u00f3ximos dias que ser\u00e1 no in\u00edcio no valor de at\u00e9 5 sal\u00e1rios m\u00ednimos e seguimos exigindo que de todos os pagamentos que a Mabe tem a fazer, a prioridade seja o que deve aos trabalhadores. Al\u00e9m disso o processo que denuncia a fraude da fal\u00eancia continua como tamb\u00e9m os processos dos trabalhadores que t\u00eam estabilidade por serem v\u00edtimas de acidente e doen\u00e7as provocadas pelas condi\u00e7\u00f5es de trabalho.<\/p>\n<p><b>A nossa luta atravessou a fronteira do pa\u00eds:<\/b> nos \u00faltimos dias o Sindicato recebeu mensagem dos metal\u00fargicos na Mabe de Montreal, Canad\u00e1, relatando o que sofreram: no mesmo per\u00edodo que a Mabe arquitetava seu golpe no Brasil, l\u00e1 os trabalhadores foram demitidos em massa, perderam direitos e n\u00e3o receberam sal\u00e1rios. A Mabe tamb\u00e9m deu o mesmo calote, escancarando o que quer: al\u00e9m de se livrar das d\u00edvidas provocadas de prop\u00f3sito, quer se livrar de quem produziu seus lucros e adoeceu por causa das condi\u00e7\u00f5es de trabalho.<\/p>\n<p><img data-recalc-dims=\"1\" decoding=\"async\" class=\"imagem\" src=\"https:\/\/i0.wp.com\/www.intersindical.org.br\/images\/comunicado_canadense.jpg?w=747\" alt=\"\" \/>Na manh\u00e3 do dia 13 de abril, os metal\u00fargicos na Mabe juntos com o Sindicato dos Metal\u00fargicos de Campinas e regi\u00e3o\/Intersindical, decidiram suspender a ocupa\u00e7\u00e3o da f\u00e1brica, mas seguem a mobiliza\u00e7\u00e3o pois a batalha contra o golpe da Mabe ainda \u00e9 longa.<\/p>\n<p>Sem ilus\u00f5es com o Estado que seja pela for\u00e7a armada, seja atrav\u00e9s das isen\u00e7\u00f5es fiscais feitas pelos governos est\u00e1 pronto para anteder os interesses privados do Capital e n\u00e3o os trabalhadores.<b><br \/>\n<\/b><\/p>\n<p><img data-recalc-dims=\"1\" decoding=\"async\" class=\"imagem\" src=\"https:\/\/i0.wp.com\/www.intersindical.org.br\/images\/MabeOcupa_14.jpg?w=747\" alt=\"\" \/>Conscientes que para enfrentar esses ataques num momento em que a maioria das centrais sindicais ao inv\u00e9s de lutar contra os ataques, est\u00e3o aceitando as demiss\u00f5es, a redu\u00e7\u00e3o de sal\u00e1rios e direitos, ou outras organiza\u00e7\u00f5es que falam em resistir e lutar mas onde est\u00e3o n\u00e3o o fazem, nosso caminho \u00e9 seguirmos firmes com as Organiza\u00e7\u00f5es que n\u00e3o se renderam ao Capital e seu Estado.<\/p>\n<p>Portanto a luta dos metal\u00fargicos na Mabe continua, juntos com seu Sindicato e a INTERSINDICAL &#8211; Instrumento de Luta e Organiza\u00e7\u00e3o da Classe Trabalhadora e \u00e0s Organiza\u00e7\u00f5es que para al\u00e9m da solidariedade ativa se mantiveram junto conosco desde o in\u00edcio.<\/p>\n<p align=\"center\"><b>CONTRA O CALOTE E O DESRESPEITO AOS DIREITOS SEGUIMOS A LUTA JUNTOS E FIRMES.<\/b><\/p>\n<p><b>INTERSINDICAL &#8211; Instrumento de Luta e Organiza\u00e7\u00e3o da Classe Trabalhadora<\/b><\/p>\n<p><a href=\"http:\/\/intersindical.org.br\" target=\"_blank\">www.intersindical.org.br<\/a><\/p>\n","protected":false},"excerpt":{"rendered":"Quase 120 dias, em que homens e mulheres trabalhadores na Mabe n\u00e3o recebem sal\u00e1rios, n\u00e3o tiveram seu 13 sal\u00e1rio pago integralmente e assim \n<a class=\"moretag\" href=\"https:\/\/pcb.org.br\/portal2\/10857\"> <\/a>","protected":false},"author":1,"featured_media":0,"comment_status":"closed","ping_status":"closed","sticky":false,"template":"","format":"standard","meta":{"jetpack_post_was_ever_published":false,"_jetpack_newsletter_access":"","_jetpack_dont_email_post_to_subs":false,"_jetpack_newsletter_tier_id":0,"_jetpack_memberships_contains_paywalled_content":false,"_jetpack_memberships_contains_paid_content":false,"footnotes":"","jetpack_publicize_message":"","jetpack_publicize_feature_enabled":true,"jetpack_social_post_already_shared":true,"jetpack_social_options":{"image_generator_settings":{"template":"highway","default_image_id":0,"font":"","enabled":false},"version":2}},"categories":[15],"tags":[],"class_list":["post-10857","post","type-post","status-publish","format-standard","hentry","category-s18-sindical"],"jetpack_publicize_connections":[],"jetpack_featured_media_url":"","jetpack_shortlink":"https:\/\/wp.me\/p659gw-2P7","jetpack-related-posts":[],"jetpack_likes_enabled":true,"jetpack_sharing_enabled":true,"_links":{"self":[{"href":"https:\/\/pcb.org.br\/portal2\/wp-json\/wp\/v2\/posts\/10857","targetHints":{"allow":["GET"]}}],"collection":[{"href":"https:\/\/pcb.org.br\/portal2\/wp-json\/wp\/v2\/posts"}],"about":[{"href":"https:\/\/pcb.org.br\/portal2\/wp-json\/wp\/v2\/types\/post"}],"author":[{"embeddable":true,"href":"https:\/\/pcb.org.br\/portal2\/wp-json\/wp\/v2\/users\/1"}],"replies":[{"embeddable":true,"href":"https:\/\/pcb.org.br\/portal2\/wp-json\/wp\/v2\/comments?post=10857"}],"version-history":[{"count":0,"href":"https:\/\/pcb.org.br\/portal2\/wp-json\/wp\/v2\/posts\/10857\/revisions"}],"wp:attachment":[{"href":"https:\/\/pcb.org.br\/portal2\/wp-json\/wp\/v2\/media?parent=10857"}],"wp:term":[{"taxonomy":"category","embeddable":true,"href":"https:\/\/pcb.org.br\/portal2\/wp-json\/wp\/v2\/categories?post=10857"},{"taxonomy":"post_tag","embeddable":true,"href":"https:\/\/pcb.org.br\/portal2\/wp-json\/wp\/v2\/tags?post=10857"}],"curies":[{"name":"wp","href":"https:\/\/api.w.org\/{rel}","templated":true}]}}