{"id":10868,"date":"2016-04-19T08:29:49","date_gmt":"2016-04-19T11:29:49","guid":{"rendered":"http:\/\/pcb.org.br\/portal2\/?p=10868"},"modified":"2017-11-09T13:14:27","modified_gmt":"2017-11-09T16:14:27","slug":"movimento-de-mulheres-na-universidade-rural-do-rio-janeiro-a-intensificacao-da-luta-pela-igualdade-de-genero-e-pelo-fim-da-violencia-contra-a-mulher","status":"publish","type":"post","link":"https:\/\/pcb.org.br\/portal2\/10868","title":{"rendered":"Movimento de mulheres na Universidade Rural do Rio Janeiro: a intensifica\u00e7\u00e3o da luta pela igualdade de g\u00eanero e pelo fim da viol\u00eancia contra a mulher"},"content":{"rendered":"<p><img data-recalc-dims=\"1\" decoding=\"async\" class=\"imagem\" src=\"https:\/\/i0.wp.com\/1.bp.blogspot.com\/-T4hF2Apc8M8\/VxTEmGcxJWI\/AAAAAAAAAHw\/1MTtkXgMQzQrACrOXiHfO_SU-ywSemn9QCLcB\/s320\/marcha-das-vadias-porto-alegre-2013-2.jpg?w=747&#038;ssl=1\" alt=\"\" \/> O dia 13 de abril de 2016 se configurou como um dia hist\u00f3rico na luta das mulheres que estudam, trabalham e circulam na Universidade Rural do Rio de Janeiro. Mais do que isso, expressou seu ac\u00famulo pol\u00edtico e sua capacidade de mobiliza\u00e7\u00e3o na luta pelo seu direito de ir e vir das mulheres, pela igualdade de g\u00eanero e pelo fim da viol\u00eancia contra mulher.<!--more--><\/p>\n<p>Ap\u00f3s muitas mobiliza\u00e7\u00f5es internas, que ganharam repercuss\u00e3o na grande m\u00eddia nos \u00faltimos dias, neste dia 13 realizou-se audi\u00eancia p\u00fablica na Assembleia Legislativa do Estado do Rio de Janeiro (Alerj) sobre os altos \u00edndices de abusos f\u00edsicos e sexuais no campus Serop\u00e9dica. A conquista da realiza\u00e7\u00e3o da audi\u00eancia representou, portanto, um importante passo na dire\u00e7\u00e3o da intensifica\u00e7\u00e3o das mobiliza\u00e7\u00f5es feministas pelas universidades brasileiras, com a perspectiva de articula\u00e7\u00e3o para outros setores da sociedade, que tamb\u00e9m sofrem, diariamente, com o machismo e com as opress\u00f5es de g\u00eanero.<\/p>\n<p>Nesse sentido, o pr\u00f3ximo grande dia de luta (e de luto) ser\u00e1 27 de abril, que contar\u00e1 com mais uma forte manifesta\u00e7\u00e3o de estudantes e trabalhadoras da UFRRJ e de diversas outras universidades de todo o pa\u00eds. No \u00e2mbito da UFRRJ, o ato tem como eixo central a den\u00fancia aos cotidianos epis\u00f3dios de viol\u00eancia f\u00edsica e sexual e a reivindica\u00e7\u00e3o por a\u00e7\u00f5es de preven\u00e7\u00e3o e de puni\u00e7\u00e3o aos agressores pela Reitoria da Universidade, cuja neglig\u00eancia em lidar com essas situa\u00e7\u00f5es encontra-se em est\u00e1gio alarmante e inaceit\u00e1vel.<\/p>\n<p>Ser\u00e1 um dia nacional de lutas, important\u00edssimo para o avan\u00e7o do enfrentamento a este grave problema. A n\u00edvel local, \u00e9 parte da pauta de reivindica\u00e7\u00f5es do movimento a amplia\u00e7\u00e3o da ilumina\u00e7\u00e3o no campus, a garantia de permanente manuten\u00e7\u00e3o da cortagem do mato, a solicita\u00e7\u00e3o de abertura de concurso p\u00fablico para a guarda universit\u00e1ria e, dentre outras, a especifica\u00e7\u00e3o de puni\u00e7\u00e3o, no C\u00f3digo Disciplinar da UFRRJ, aos membros da comunidade universit\u00e1ria que agridam mulheres.<\/p>\n<p>A Unidade Classista esteve presente na audi\u00eancia p\u00fablica, atrav\u00e9s de sua militante e diretora do Sindicato dos Trabalhadores em Educa\u00e7\u00e3o da UFRRJ (Sintur\/RJ), Fernanda Fortini, estar\u00e1 no dia 27 de abril e conclama a todos os trabalhadores e trabalhadoras em educa\u00e7\u00e3o que somem \u00e0s manifesta\u00e7\u00f5es estudantis nesta data. Expressamos nosso compromisso com o combate a todas as formas de opress\u00e3o, na incans\u00e1vel luta por uma sociedade justa e igual, sem explora\u00e7\u00e3o de nenhum tipo.<\/p>\n<p>Machistas n\u00e3o passar\u00e3o! Pelo fim da viol\u00eancia contra a mulher e pela igualdade de g\u00eanero!<\/p>\n<p>Corrente Sindical Unidade Classista\/RJ<\/p>\n<p>http:\/\/csunidadeclassista.blogspot.com.br\/2016\/04\/movimento-de-mulheres-na-universidade_18.html<\/p>\n","protected":false},"excerpt":{"rendered":"O dia 13 de abril de 2016 se configurou como um dia hist\u00f3rico na luta das mulheres que estudam, trabalham e circulam na \n<a class=\"moretag\" href=\"https:\/\/pcb.org.br\/portal2\/10868\"> <\/a>","protected":false},"author":1,"featured_media":0,"comment_status":"closed","ping_status":"closed","sticky":false,"template":"","format":"standard","meta":{"jetpack_post_was_ever_published":false,"_jetpack_newsletter_access":"","_jetpack_dont_email_post_to_subs":false,"_jetpack_newsletter_tier_id":0,"_jetpack_memberships_contains_paywalled_content":false,"_jetpack_memberships_contains_paid_content":false,"footnotes":"","jetpack_publicize_message":"","jetpack_publicize_feature_enabled":true,"jetpack_social_post_already_shared":true,"jetpack_social_options":{"image_generator_settings":{"template":"highway","default_image_id":0,"font":"","enabled":false},"version":2}},"categories":[31],"tags":[],"class_list":["post-10868","post","type-post","status-publish","format-standard","hentry","category-c31-unidade-classista"],"jetpack_publicize_connections":[],"jetpack_featured_media_url":"","jetpack_shortlink":"https:\/\/wp.me\/p659gw-2Pi","jetpack-related-posts":[],"jetpack_likes_enabled":true,"jetpack_sharing_enabled":true,"_links":{"self":[{"href":"https:\/\/pcb.org.br\/portal2\/wp-json\/wp\/v2\/posts\/10868","targetHints":{"allow":["GET"]}}],"collection":[{"href":"https:\/\/pcb.org.br\/portal2\/wp-json\/wp\/v2\/posts"}],"about":[{"href":"https:\/\/pcb.org.br\/portal2\/wp-json\/wp\/v2\/types\/post"}],"author":[{"embeddable":true,"href":"https:\/\/pcb.org.br\/portal2\/wp-json\/wp\/v2\/users\/1"}],"replies":[{"embeddable":true,"href":"https:\/\/pcb.org.br\/portal2\/wp-json\/wp\/v2\/comments?post=10868"}],"version-history":[{"count":0,"href":"https:\/\/pcb.org.br\/portal2\/wp-json\/wp\/v2\/posts\/10868\/revisions"}],"wp:attachment":[{"href":"https:\/\/pcb.org.br\/portal2\/wp-json\/wp\/v2\/media?parent=10868"}],"wp:term":[{"taxonomy":"category","embeddable":true,"href":"https:\/\/pcb.org.br\/portal2\/wp-json\/wp\/v2\/categories?post=10868"},{"taxonomy":"post_tag","embeddable":true,"href":"https:\/\/pcb.org.br\/portal2\/wp-json\/wp\/v2\/tags?post=10868"}],"curies":[{"name":"wp","href":"https:\/\/api.w.org\/{rel}","templated":true}]}}