{"id":10875,"date":"2016-04-20T10:50:43","date_gmt":"2016-04-20T13:50:43","guid":{"rendered":"http:\/\/pcb.org.br\/portal2\/?p=10875"},"modified":"2016-05-05T23:05:12","modified_gmt":"2016-05-06T02:05:12","slug":"homenagear-torturador-nao-cassem-ja-o-mandato-do-deputado-jair-bolsonaro","status":"publish","type":"post","link":"https:\/\/pcb.org.br\/portal2\/10875","title":{"rendered":"Homenagear torturador, n\u00e3o! Cassem j\u00e1 o mandato do deputado Jair Bolsonaro"},"content":{"rendered":"<p><img data-recalc-dims=\"1\" decoding=\"async\" class=\"imagem\" title=\"imagem\" src=\"https:\/\/i0.wp.com\/d22r54gnmuhwmk.cloudfront.net\/photos\/3\/oa\/sv\/OroAsvaJBofFVQN-800x450-noPad.jpg?w=747&#038;ssl=1\" alt=\"imagem\" \/><i>O PCB ap\u00f3ia a correta iniciativa do Coletivo RJ M\u00e9moria Verdade Justi\u00e7a<\/i><\/p>\n<p><a href=\"https:\/\/www.change.org\/organizations\/coletivo_rj_mem%C3%B3ria_verdade_justi%C3%A7a\"><strong>Coletivo RJ Mem\u00f3ria Verdade Justi\u00e7a<\/strong><\/a><\/p>\n<p>O Coletivo RJ Mem\u00f3ria Verdade Justi\u00e7a, que re\u00fane entidades da sociedade civil comprometidas com a defesa dos Direitos Humanos, n\u00e3o pode se calar diante do que foi ouvido <!--more-->neste domingo da C\u00e2mara dos Deputados durante a vota\u00e7\u00e3o da admissibilidade do processo de impeachment. Um dos representantes eleitos pelo estado do Rio de Janeiro, Jair Bolsonaro dedicou seu voto &#8220;aos militares de 64, hoje e sempre&#8221; e ao coronel Brilhante Ustra, respons\u00e1vel por torturar, estuprar e matar milhares de pessoas como chefe do DOI-CODI.<\/p>\n<p>Atrav\u00e9s deste abaixo-assinado viemos pedir apoio a voc\u00eas, que tamb\u00e9m est\u00e3o indignados: ajudem a abrir um processo contra o mandato de Jair Bolsonaro imediatamente por quebra de decoro parlamentar. Simplesmente n\u00e3o se pode desrespeitar a mem\u00f3ria, a verdade e justi\u00e7a do Brasil homenageando torturadores na tribuna!<\/p>\n<p>\u00c9 ultrajante e indigno de uma popula\u00e7\u00e3o marcada pela viol\u00eancia e tortura ter no parlamento algu\u00e9m que faz apologia \u00e0 tortura! Absurdo! A presidenta Dilma Rousseff tamb\u00e9m foi uma mulher torturada. Nos colocamos no seu lugar e sentimos o mesmo ao ouvir esta fala absurda. H\u00e1 d\u00e9cadas somos militantes do Movimento Mem\u00f3ria, Verdade, Justi\u00e7a contra a tortura e contribu\u00edmos para os relat\u00f3rios de v\u00e1rias Comiss\u00f5es da Verdade. Os documentos comprovam as hist\u00f3rias de tortura, abuso e morte cometidas pelo Estado brasileiro, pelas m\u00e3os de pessoas como o coronel Ustra.<\/p>\n<p>Se n\u00e3o impedirmos agora o mandato de Bolsonaro, ele ser\u00e1 o torturador do futuro. Vamos nos levantar e assinar pelos direitos humanos. Ditadura nunca mais! Por Mem\u00f3ria, Verdade e Justi\u00e7a!<\/p>\n<p>Muito obrigado pelo seu apoio.<\/p>\n<p>https:\/\/www.change.org\/p\/homenagear-torturador-n%C3%A3o-cassem-j%C3%A1-o-mandato-do-deputado-jair-bolsonaro?recruiter=160355364&#038;utm_source=share_petition&#038;utm_medium=email&#038;utm_campaign=share_email_responsive<\/p>\n","protected":false},"excerpt":{"rendered":"O PCB ap\u00f3ia a correta iniciativa do Coletivo RJ M\u00e9moria Verdade Justi\u00e7a Coletivo RJ Mem\u00f3ria Verdade Justi\u00e7a O Coletivo RJ Mem\u00f3ria Verdade Justi\u00e7a, \n<a class=\"moretag\" href=\"https:\/\/pcb.org.br\/portal2\/10875\"> <\/a>","protected":false},"author":1,"featured_media":0,"comment_status":"closed","ping_status":"closed","sticky":false,"template":"","format":"standard","meta":{"jetpack_post_was_ever_published":false,"_jetpack_newsletter_access":"","_jetpack_dont_email_post_to_subs":false,"_jetpack_newsletter_tier_id":0,"_jetpack_memberships_contains_paywalled_content":false,"_jetpack_memberships_contains_paid_content":false,"footnotes":"","jetpack_publicize_message":"","jetpack_publicize_feature_enabled":true,"jetpack_social_post_already_shared":true,"jetpack_social_options":{"image_generator_settings":{"template":"highway","default_image_id":0,"font":"","enabled":false},"version":2}},"categories":[53],"tags":[],"class_list":["post-10875","post","type-post","status-publish","format-standard","hentry","category-c64-ditadura"],"jetpack_publicize_connections":[],"jetpack_featured_media_url":"","jetpack_shortlink":"https:\/\/wp.me\/p659gw-2Pp","jetpack-related-posts":[],"jetpack_likes_enabled":true,"jetpack_sharing_enabled":true,"_links":{"self":[{"href":"https:\/\/pcb.org.br\/portal2\/wp-json\/wp\/v2\/posts\/10875","targetHints":{"allow":["GET"]}}],"collection":[{"href":"https:\/\/pcb.org.br\/portal2\/wp-json\/wp\/v2\/posts"}],"about":[{"href":"https:\/\/pcb.org.br\/portal2\/wp-json\/wp\/v2\/types\/post"}],"author":[{"embeddable":true,"href":"https:\/\/pcb.org.br\/portal2\/wp-json\/wp\/v2\/users\/1"}],"replies":[{"embeddable":true,"href":"https:\/\/pcb.org.br\/portal2\/wp-json\/wp\/v2\/comments?post=10875"}],"version-history":[{"count":0,"href":"https:\/\/pcb.org.br\/portal2\/wp-json\/wp\/v2\/posts\/10875\/revisions"}],"wp:attachment":[{"href":"https:\/\/pcb.org.br\/portal2\/wp-json\/wp\/v2\/media?parent=10875"}],"wp:term":[{"taxonomy":"category","embeddable":true,"href":"https:\/\/pcb.org.br\/portal2\/wp-json\/wp\/v2\/categories?post=10875"},{"taxonomy":"post_tag","embeddable":true,"href":"https:\/\/pcb.org.br\/portal2\/wp-json\/wp\/v2\/tags?post=10875"}],"curies":[{"name":"wp","href":"https:\/\/api.w.org\/{rel}","templated":true}]}}