{"id":10909,"date":"2016-04-24T14:00:38","date_gmt":"2016-04-24T17:00:38","guid":{"rendered":"http:\/\/pcb.org.br\/portal2\/?p=10909"},"modified":"2016-05-20T20:49:17","modified_gmt":"2016-05-20T23:49:17","slug":"colombia-paramilitarismo-perseguicao-e-crimes-contra-o-movimento-popular","status":"publish","type":"post","link":"https:\/\/pcb.org.br\/portal2\/10909","title":{"rendered":"Col\u00f4mbia, Paramilitarismo: persegui\u00e7\u00e3o e crimes contra o movimento popular"},"content":{"rendered":"<p><img data-recalc-dims=\"1\" decoding=\"async\" class=\"imagem\" title=\"imagem\" src=\"https:\/\/i0.wp.com\/www.resumenlatinoamericano.org\/wp-content\/uploads\/2016\/04\/f5fffabf29e6b70ea0864814e1d8ddb6_article-1-e1460903094580.jpg?w=747\" alt=\"imagem\" \/>Por Diana Nocua*, Resumen Latinoamericano, Semanario Voz \/15 de abril de 2016 \u2013 <b>A depura\u00e7\u00e3o<\/b> <b>das institui\u00e7\u00f5es, os organismos de controle, o aparato militar, os \u00f3rg\u00e3os de tomada de decis\u00e3o do pa\u00eds, as leis que sustentam dito fen\u00f4meno, entre outras, s\u00e3o a\u00e7\u00f5es necess\u00e1rias para que a sociedade colombiana possa alcan\u00e7ar uma mudan\u00e7a democr\u00e1tica.<\/b><!--more--><\/p>\n<p>Desde finais dos anos 50 e come\u00e7os dos anos 60, no contexto mundial da guerra fria e no auge da recente revolu\u00e7\u00e3o cubana, o Estado colombiano, cumprindo as diretrizes dos Estados Unidos, implementou uma estrat\u00e9gia contrainsurgente que se caracterizou pela vincula\u00e7\u00e3o da popula\u00e7\u00e3o civil \u00e0 guerra a n\u00edvel pol\u00edtico, social econ\u00f4mico e militar. Em consequ\u00eancia, se aumentou o recrutamento de civis para apoiar o Ex\u00e9rcito e se considerou como alvo militar as nascentes organiza\u00e7\u00f5es sociais e populares, os sindicatos agr\u00e1rios e de ind\u00fastria.<\/p>\n<p>\u00c9 precisamente a partir da implementa\u00e7\u00e3o da doutrina contrainsurgente, quando come\u00e7am a desencadear os eventos de viol\u00eancia sociopol\u00edtica mais cru\u00e9is de nosso pa\u00eds. O Manual de 1963 afirmava que \u201cO habitante, dentro deste campo de batalha, se encontra no centro do conflito (\u2026) \u00e9 o elemento mais est\u00e1vel. Querendo ou n\u00e3o, os dois campos est\u00e3o obrigados a faz\u00ea-lo part\u00edcipe no combate; em certa forma se converteu em um combatente\u201d (p. 34), afirmando mais adiante que \u201c\u00c9 entre os habitantes que se desenvolver\u00e3o as opera\u00e7\u00f5es de guerra; as atividades da popula\u00e7\u00e3o se ver\u00e3o limitadas em todos os campos de a\u00e7\u00e3o\u201d (p. 51).<\/p>\n<p>Em meados dos anos 90, especificamente no ano de 1994, o presidente C\u00e9sar Gaviria aprovou o funcionamento das Associa\u00e7\u00f5es de Vigil\u00e2ncia Rural (Convivir), legalizando de novo o funcionamento de ex\u00e9rcitos formados por civis armados nos campos e consolidando o modelo paramilitar que vinha crescendo desde meados dos anos 80; modelo que permeou os modos de vida dos habitantes de amplias regi\u00f5es do territ\u00f3rio nacional.<\/p>\n<p>Ainda que durante a administra\u00e7\u00e3o de Gaviria tenham se estabelecido as bases legais para a cria\u00e7\u00e3o das Convivir, foi o governo de Ernesto Samper que implementou seu funcionamento. Com a coloca\u00e7\u00e3o em marcha das Convivir e o posicionamento do paramilitarismo em todo o pa\u00eds, aumentaram os massacres, os assassinatos seletivos e os desaparecimentos for\u00e7ados. Entretanto, o poder pol\u00edtico, econ\u00f4mico e social das estruturas paramilitares iria posicionando-se em regi\u00f5es inteiras da geografia nacional.<\/p>\n<p>Em 1998, j\u00e1 tinham ocorrido tr\u00eas \u201creuni\u00f5es\u201d do movimento de autodefesas e se proclamaram como Autodefesas Unidas da Col\u00f4mbia (AUC). De 1988 ao ano de 2003, as Autodefesas Unidas da Col\u00f4mbia cometeram: 12.398 assassinatos, 2.121 desaparecimentos for\u00e7ados, obrigaram mais de 6 milh\u00f5es de camponeses a sair de suas terras e se apropriaram de mais de 8 milh\u00f5es de hectares de terra. Como sugere o Padre Javier Giraldo no Informe da Comiss\u00e3o Hist\u00f3rica, \u201co entrela\u00e7amento da guerra contra as drogas e a guerra contra a insurg\u00eancia ambas orientadas e monitoradas pelos Estados Unidos, d\u00e1 lugar a an\u00e1lises contradit\u00f3rias\u201d <a href=\"http:\/\/www.semanariovoz.com\/2016\/04\/15\/paramilitarismo-persecucion-y-crimenes-contra-el-movimiento-popular\/#fn-27746-1\"><u>1<\/u><\/a> (p. 424).<\/p>\n<p>O narcoparamilitarismo \u00e9 mostra disso, seja mediante a cria\u00e7\u00e3o de estruturas privadas com financiamento das for\u00e7as estatais, promovendo o despojo mais descomunal de terras que se produziu na hist\u00f3ria colombiana, seja mediante alian\u00e7as pol\u00edticas, controle territorial de amplias regi\u00f5es do pa\u00eds, atrav\u00e9s da execu\u00e7\u00e3o de massacres e deslocamentos massivos de popula\u00e7\u00e3o que hoje calculam mais de 6 milh\u00f5es de deslocados e o despojo de mais de 8 milh\u00f5es de hectares de terras<a href=\"http:\/\/www.semanariovoz.com\/2016\/04\/15\/paramilitarismo-persecucion-y-crimenes-contra-el-movimiento-popular\/#fn-27746-2\"><u>2<\/u><\/a>.<\/p>\n<p>Apesar de se afirmar que as estruturas paramilitares j\u00e1 n\u00e3o existem no pa\u00eds e que os grupos formados por alguns de seus integrantes respondem \u00e0 delinqu\u00eancia comum, estas estruturas mant\u00eam, seu poder econ\u00f4mico, pol\u00edtico e social hoje em dia, em v\u00e1rios departamentos do pa\u00eds.<\/p>\n<p>Na investiga\u00e7\u00e3o realizada pela Funda\u00e7\u00e3o Paz e Reconcilia\u00e7\u00e3o, se apresentam claros ind\u00edcios de como, quase 10 anos depois de se visibilizar a grave problem\u00e1tica da parapol\u00edtica no pa\u00eds, se mant\u00eam as mesmas rela\u00e7\u00f5es entre as elites locais e as estruturas paramilitares, as quais n\u00e3o perderam o controle territorial, pol\u00edtico e econ\u00f4mico; em v\u00e1rias regi\u00f5es se expressam a partir dos v\u00ednculos ainda vigentes com pol\u00edticos empres\u00e1rios, pecuaristas e latifundi\u00e1rios em pelo menos 10 departamentos do pa\u00eds; onde, pelo menos, 131 candidatos, 83 \u00e0 c\u00e2mara e 48 ao senado, foram duramente questionados por suas rela\u00e7\u00f5es com o paramilitarismo, embora para o governo estas estruturas j\u00e1 n\u00e3o existam e o que se expressa na atualidade \u00e9 manifesta\u00e7\u00e3o do poder das bacrim<a href=\"http:\/\/www.semanariovoz.com\/2016\/04\/15\/paramilitarismo-persecucion-y-crimenes-contra-el-movimiento-popular\/#fn-27746-3\"><u>3<\/u><\/a>.<\/p>\n<p>Como parte da radiografia do poder econ\u00f4mico, pol\u00edtico e social alcan\u00e7ado por estas estruturas paramilitares, pode assinalar-se o monop\u00f3lio da pecu\u00e1ria ilegal, da sa\u00fade e da seguran\u00e7a privada em v\u00e1rias regi\u00f5es do pa\u00eds, ao qual se somam os neg\u00f3cios frente \u00e0 pecu\u00e1ria, \u00e0 produ\u00e7\u00e3o de monocultivos e exporta\u00e7\u00e3o de alimenta\u00e7\u00e3o como se expressa com a ind\u00fastria bananeira, entre outros.<\/p>\n<p>Os \u00faltimos dois governos de turno argumentam que s\u00f3 persistem grupos organizados de delinqu\u00eancia comum, chamados \u201cBandos Criminosos Emergentes\u201d ou \u201cBacrim\u201d, unicamente ligadas ao tr\u00e1fico de entorpecentes<a href=\"http:\/\/www.semanariovoz.com\/2016\/04\/15\/paramilitarismo-persecucion-y-crimenes-contra-el-movimiento-popular\/#fn-27746-4\"><u>4<\/u><\/a>.<\/p>\n<p><b>Posicionamento pol\u00edtico do paramilitarismo em sua nova fase: elei\u00e7\u00f5es 2015<\/b><\/p>\n<p>Apesar da suposta desmobiliza\u00e7\u00e3o paramilitar, entre os anos de 2012 e 2015, surgiram novas estruturas paramilitares como o Ex\u00e9rcito Antirrestitui\u00e7\u00e3o de Terras, estrutura que come\u00e7ou a executar um plano de exterm\u00ednio contra os l\u00edderes agr\u00e1rios e sociais, em v\u00e1rias regi\u00f5es do pa\u00eds, principalmente na Costa Caribe e no Pac\u00edfico colombiano. Assim, se aumentou a persegui\u00e7\u00e3o contra defensores de habitantes da rua e popula\u00e7\u00e3o LGBTI entre outros.<\/p>\n<p>Paralelo a isso, o poder e controle pol\u00edtico do paramilitarismo seguiram, estendendo-se em numerosas regi\u00f5es do pa\u00eds.<\/p>\n<p>No informe publicado pela Funda\u00e7\u00e3o Paz e Reconcilia\u00e7\u00e3o em 2014, se expressa como: 131 candidatos, 83 \u00e0 C\u00e2mara e 48 ao Senado, seriam questionados por suas rela\u00e7\u00f5es diretas ou indiretas com ilegais<a href=\"http:\/\/www.semanariovoz.com\/2016\/04\/15\/paramilitarismo-persecucion-y-crimenes-contra-el-movimiento-popular\/#fn-27746-5\"><u>5<\/u><\/a>. Em dita investiga\u00e7\u00e3o, se faz refer\u00eancia a 97 candidatos herdeiros diretos das rela\u00e7\u00f5es da parapol\u00edtica, amigos, irm\u00e3os familiares pr\u00f3ximos e aliados daqueles que foram condenados anos atr\u00e1s por suas conex\u00f5es com as estruturas paramilitares. Outro segundo grupo de 34 candidatos \u00e0s elei\u00e7\u00f5es teria rela\u00e7\u00e3o direta com membros das bacrim, narcotraficantes e pessoas ligadas \u00e0 corrup\u00e7\u00e3o, entre outros (Paz e Reconcilia\u00e7\u00e3o, 2015).<\/p>\n<p>Na regi\u00e3o Caribe se apresentaram casos como o de Rosa Cotes, esposa do parapol\u00edtico Chico Z\u00fa\u00f1iga, condenado por parapol\u00edtica. Apesar disso, Rosa se apresentou como candidata ao governo do departamento de Magdalena, sem maior concorr\u00eancia. Rosa herdou os la\u00e7os e rela\u00e7\u00f5es pol\u00edticas de seu esposo, que fazia parte do Cl\u00e3 Los Cornejos, contando para isso com o apoio de parapol\u00edticos como Poncho Campos, Jorge Caballero e Trino Luna (Paz e Reconcilia\u00e7\u00e3o, julho de 2015).<\/p>\n<p>Como Rosa Cotes, Oneida Pinto, herdeira de Kiko G\u00f3mez e candidata ao governo de La Guajira, integraram as listas do partido Cambio Radical. Paralelamente, se faz men\u00e7\u00e3o ao candidato \u00e0 Prefeitura de Cartago que \u00e9 conhecido como intermedi\u00e1rio dos narcotraficantes da zona com altos pol\u00edticos e pr\u00f3ximo daqueles que, no momento, integraram o Cartel de Cali, al\u00e9m de suas proximidades como o cartel de Los Comba e Los Rastrojos (Paz e Reconcilia\u00e7\u00e3o, 2015).<\/p>\n<p>Em consequ\u00eancia, com as passadas elei\u00e7\u00f5es se reconfigura o mapa pol\u00edtico do pa\u00eds; partidos pol\u00edticos com uma nula ou pouca presen\u00e7a se obtiveram o poder local em diversos munic\u00edpios e regi\u00f5es, abarcando zonas que antes n\u00e3o eram pr\u00f3prias de sua a\u00e7\u00e3o. Os partidos pol\u00edticos se caracterizaram por sua inoper\u00e2ncia e omiss\u00e3o frente \u00e0 atua\u00e7\u00e3o delinquente daqueles pol\u00edticos investigados, que fizeram desta pr\u00e1tica corrupta e criminosa o dia a dia da pol\u00edtica nacional.<\/p>\n<p>Os cl\u00e3s, alian\u00e7as e acordos para governar o pa\u00eds desde os n\u00edveis locais e municipais, at\u00e9 o departamental e nacional colocam em evid\u00eancia a grave problem\u00e1tica social e pol\u00edtica que levou a uma burocratiza\u00e7\u00e3o e corrup\u00e7\u00e3o permanente das institui\u00e7\u00f5es de nosso pa\u00eds. Isto se expressa em problem\u00e1ticas sociais como a de La Guajira: \u201cO Governo de La Guajira custa 6 milh\u00f5es de d\u00f3lares, n\u00e3o existe quem compita com isso. Os senhores Char vieram investir dois ou tr\u00eas bilh\u00f5es ao Governo do Atl\u00e2ntico, quem compete com isso?\u201d.<\/p>\n<p><b>Nova onda de persegui\u00e7\u00e3o e guerra suja. Viol\u00eancia sociopol\u00edtica contra o movimento social e popular: 2015 e 2016<\/b><\/p>\n<p>No marco dos atuais di\u00e1logos de Paz entre o governo colombiano e as FARC-EP e as aproxima\u00e7\u00f5es para gerar um processo de igual magnitude com o ELN, nenhuma das estrat\u00e9gias de repress\u00e3o do aparato estatal se modificaram: o Estado continua utilizando e aumentando seu material b\u00e9lico, para for\u00e7ar que as op\u00e7\u00f5es pol\u00edticas de seus cidad\u00e3os sejam em benef\u00edcio dos interesses da elite dominante e continua combinando todas as formas de luta contra \u201co inimigo interno\u201d, incluindo o terror militar e jur\u00eddico contra os mais vulner\u00e1veis para aniquilar as op\u00e7\u00f5es alternativas da sociedade<a href=\"http:\/\/www.semanariovoz.com\/2016\/04\/15\/paramilitarismo-persecucion-y-crimenes-contra-el-movimiento-popular\/#fn-27746-6\"><u>6<\/u><\/a>.<\/p>\n<p>Embora o ministro do Interior e o governo neguem a perman\u00eancia dos grupos paramilitares, argumentando que estes se desmobilizaram h\u00e1 mais de 10 anos, a a\u00e7\u00e3o de estruturas como o Cl\u00e3 \u00dasuga, as Autodefesas Gaitanistas (urabe\u00f1os), as \u00c1guilas Negras, e Rastrojos entre outros grupos, mant\u00eam o mesmo modo de operar das antigas estruturas paramilitares. Assim,<\/p>\n<p>1) controlam o pode local em amplas regi\u00f5es do pa\u00eds a partir da infiltra\u00e7\u00e3o nas institui\u00e7\u00f5es e cargos p\u00fablicos com a coadjuv\u00e2ncia das elites e classe pol\u00edtica dirigente (casos como C\u00f3rdoba, Choc\u00f3, Casanare e Urab\u00e1 d\u00e3o conta disso),<\/p>\n<p>2) evidenciam rela\u00e7\u00f5es com as for\u00e7as militares e policiais em v\u00e1rias zonas do pa\u00eds, principalmente nos limites das fronteiras nacionais,<\/p>\n<p>3) continuam com a persegui\u00e7\u00e3o \u00e0s organiza\u00e7\u00f5es sociais e populares, o estigma aos defensores de direitos humanos e l\u00edderes sociais, e o controle social por parte de ditas for\u00e7as a partir do terror e da intimida\u00e7\u00e3o, mediante alian\u00e7as com criminosos e delinquentes.<\/p>\n<p>No contexto dos di\u00e1logos de paz, a persegui\u00e7\u00e3o sistem\u00e1tica contra aqueles que se op\u00f5em ao status quo na Col\u00f4mbia segue aumentando, como evidencia o caso da Marcha Patri\u00f3tica, Movimento Pol\u00edtico e Social assinalado reiteradamente pelo governo como o bra\u00e7o pol\u00edtico das FARC-EP, cen\u00e1rio que em 4 anos de constitui\u00e7\u00e3o teve que enfrentar o assassinato de, pelo menos, 116 de seus integrantes. Os 116 casos de assassinato contra membros da Marcha d\u00e3o conta de, pelo menos, 54 assassinatos pretensamente cometidos por grupos paramilitares em regi\u00f5es como Antioquia, Cauca, Norte de Santander, Choc\u00f3, Nari\u00f1o e Valle del Cauca. V\u00e1rios dos casos foram perpetrados pelas Autodefesas Gaitanistas.<\/p>\n<p>O informe apresentado em 13 de abril passado pelo Cinep, por sua vez, mostra como em 2015 os grupos paramilitares foram os principais respons\u00e1veis por viola\u00e7\u00f5es aos direitos humanos: foram cometidos por paramilitares 1.064 eventos no total, entre eles 873 amea\u00e7as, 2 atentados, 99 execu\u00e7\u00f5es extrajudiciais, 71 ferimentos, 18 torturas e 1 viola\u00e7\u00e3o sexual. A maioria dos casos ocorreu em Bogot\u00e1, Cauca, Santander e Valle del Cauca. Em rela\u00e7\u00e3o \u00e0s infra\u00e7\u00f5es aos DIH, entre elas amea\u00e7as, ferimentos a pessoas protegidas e homic\u00eddios intencionais em pessoa protegida, os paramilitares aparecem como os maiores infratores, com 838 eventos fatais, acontecidos em Bogot\u00e1, Cauca, Valle del Cauca, Santander e Antioquia, principalmente<a href=\"http:\/\/www.semanariovoz.com\/2016\/04\/15\/paramilitarismo-persecucion-y-crimenes-contra-el-movimiento-popular\/#fn-27746-7\"><u>7<\/u><\/a>.<\/p>\n<p><b>A greve armada e as din\u00e2micas atuais da a\u00e7\u00e3o paramilitar contra o movimento social e popular<\/b><\/p>\n<p>Durante a \u00faltima semana de mar\u00e7o de 2016, em coincid\u00eancia com a mobiliza\u00e7\u00e3o contra o processo de paz liderada por \u00c1lvaro Uribe V\u00e9lez, o Cl\u00e3 \u00dasuga declarou a coloca\u00e7\u00e3o em marcha de uma greve armada, principalmente no noroeste do pa\u00eds, pondo em evid\u00eancia como a natureza do paramilitarismo, sendo express\u00e3o de setores ligados ao narcotr\u00e1fico, \u00e0s rendas da minera\u00e7\u00e3o ilegal e \u00e0 extors\u00e3o e \u00e0 renda da terra sobre a base da grande propriedade agr\u00e1ria e da oposi\u00e7\u00e3o \u00e0 Lei de Restitui\u00e7\u00e3o de Terras, se manifesta nos processos de controle social<a href=\"http:\/\/www.semanariovoz.com\/2016\/04\/15\/paramilitarismo-persecucion-y-crimenes-contra-el-movimiento-popular\/#fn-27746-8\"><u>8<\/u><\/a>.<\/p>\n<p>A grave problem\u00e1tica em mat\u00e9ria de direitos humanos que se apresentou em departamentos como Antioquia, Choc\u00f3, Sucre, C\u00f3rdoba e Bol\u00edvar, mediante a imposi\u00e7\u00e3o do terror e dos ataques indiscriminados contra a popula\u00e7\u00e3o civil, colocam em manifesto a estrutura militar, pol\u00edtica e econ\u00f4mica que t\u00eam atualmente os grupos paramilitares.<\/p>\n<p>A nula a\u00e7\u00e3o do Estado ante esta greve foi denunciada pelas comunidades do norte do pa\u00eds: \u201cem Antioquia foi assassinado um militar ocorreu um bloqueio de vias e o pr\u00f3prio Governo reconheceu que se reduziu o com\u00e9rcio e o transporte de 18 munic\u00edpios. Em C\u00f3rdoba, confirmamos com fontes no terreno que uns 12 povoados (quase metade do departamento) da margem esquerda do rio Sin\u00fa, a zona costeira e o sul pareciam povoados fantasma. Os colegios nao tiveram aulas. Um secret\u00e1rio, muito assustado, nos contou por telefone que todo o mundo se fechou em suas casas porque tinham motocicletas patrulhando na zona rural e a Pol\u00edcia n\u00e3o enviou refor\u00e7os\u201d<a href=\"http:\/\/www.semanariovoz.com\/2016\/04\/15\/paramilitarismo-persecucion-y-crimenes-contra-el-movimiento-popular\/#fn-27746-9\"><u>9<\/u><\/a>.<\/p>\n<p>Nas \u00faltimas duas semanas aumentaram as amea\u00e7as e viola\u00e7\u00f5es aos direitos humanos contra o movimento social e popular, como evidenciam os seguintes casos: Organiza\u00e7\u00f5es do MAPA Bogot\u00e1 e plataformas sociais e populares foram amea\u00e7adas no transcurso da presente semana na Cidade Bol\u00edvar por parte do grupo paramilitar \u201cLas \u00c1guilas Negras \u2013 bloco Capital\u201d; em 13 de abril de 2016, no departamento de Nari\u00f1o, munic\u00edpio de Tumaco, paramilitares das Autodefesas Gaitanistas da Col\u00f4mbia (AGC) transitaram por zonas povoadas, intimidaram e realizaram tentativa de homic\u00eddio contra o campesino afrodescendente integrante da Asocret, Franklin Qui\u00f1ones Tenorio, do Processo de Unidade Popular do Sudoeste Colombiano (Pupsoc), do Movimento Pol\u00edtico e Social Marcha Patri\u00f3tica no departamento de Nari\u00f1o e da Conafro.<\/p>\n<p>No departamento de Antioquia, munic\u00edpio de Bagre, foram feridos tr\u00eas civis, no marco de enfrentamentos entre o ELN e paramilitares do Cl\u00e3 \u00dasuga; entretanto no departamento do Valle del Cauca e na cidade de Bogot\u00e1, nas \u00faltimas semanas, circularam v\u00e1rios panfletos amea\u00e7adores de grupos militares que declaram como alvo militar l\u00edderes sociais, defensores de direitos humanos e organiza\u00e7\u00f5es de mulheres, entre outros espa\u00e7os organizativos. No departamento de Tolima, foi amea\u00e7ado pelas AUG o dirigente Juan Gabriel Berm\u00fadez S\u00e1nchez, porta-voz da Marcha Patri\u00f3tica \u2013 Tolima. Adicionalmente, a porta-voz do Movimento Popular de Artistas da Costa Caribe Cristina Bustillo, foi acusada recorrentemente por redes eletr\u00f4nicas, o que coloca em grave risco sua vida e integridade f\u00edsica.<\/p>\n<p>Ante este panorama, n\u00e3o \u00e9 demais perguntar at\u00e9 onde ser\u00e1 poss\u00edvel para as comunidades enfrentar o exterm\u00ednio e a persegui\u00e7\u00e3o frente \u00e0 necessidade de construir uma paz est\u00e1vel e duradoura que se materialize na t\u00e3o ansiada justi\u00e7a social.<\/p>\n<p><b>Conclus\u00f5es e apostas para o desmonte efetivo do fen\u00f4meno paramilitar<\/b><\/p>\n<p>\u00c9 preciso reafirmar que para a constru\u00e7\u00e3o de uma paz est\u00e1vel e duradoura \u00e9 fundamental o desmantelamento das estruturas paramilitares, sendo estas o principal obst\u00e1culo para a constru\u00e7\u00e3o de um pa\u00eds democr\u00e1tico de ampla participa\u00e7\u00e3o popular.<\/p>\n<p>Hoje, o povo colombiano enfrenta uma realidade que deve ser transformada, visando a constru\u00e7\u00e3o de um pa\u00eds em paz com justi\u00e7a social. Apesar do Estado colombiano ter promovido e financiado a cria\u00e7\u00e3o dos paramilitares, nunca reconheceu publicamente sua responsabilidade nesta grave problem\u00e1tica que sangrou nosso pa\u00eds por mais de 60 anos. \u00c9 por isso que se defende especial relev\u00e2ncia da Jurisdi\u00e7\u00e3o Especial para a Paz, como instrumento para recuperar a mem\u00f3ria frente \u00e0s graves viola\u00e7\u00f5es aos direitos humanos e infra\u00e7\u00f5es ao DIH, que ocorreram no marco do conflito e da viol\u00eancia sociopol\u00edtica na Col\u00f4mbia.<\/p>\n<p>O fen\u00f4meno social, pol\u00edtico e econ\u00f4mico que sup\u00f5e a persist\u00eancia do paramilitarismo \u00e9 claramente um risco eminente para que a paz possa ser materializada. Nesta via, a depura\u00e7\u00e3o das institui\u00e7\u00f5es, os organismos de controle, o aparato militar, os \u00f3rg\u00e3os de tomada de decis\u00e3o do pa\u00eds, as leis que sustentam dito fen\u00f4meno, entre outras, s\u00e3o a\u00e7\u00f5es necess\u00e1rias para que a sociedade colombiana possa alcan\u00e7ar uma mudan\u00e7a democr\u00e1tica.<\/p>\n<p>Por outro lado, a depura\u00e7\u00e3o das institui\u00e7\u00f5es, a necess\u00e1ria luta contra a corrup\u00e7\u00e3o, a recupera\u00e7\u00e3o dos bens do Estado, monopolizados pelos paramilitares, como a sa\u00fade e a minera\u00e7\u00e3o, a pecu\u00e1ria, os cultivos de palma azeiteira entre outros, s\u00e3o passos necess\u00e1rios para que a Col\u00f4mbia conquiste a solu\u00e7\u00e3o pol\u00edtica e se constituam novas bases para a democracia.<\/p>\n<p>N\u00e3o basta apenas reformar ou mudar a Constitui\u00e7\u00e3o e as leis prejudiciais ao povo colombiano ou aquelas que deram suporte historicamente ao paramilitarismo; se requer a participa\u00e7\u00e3o e compromisso pol\u00edtico da sociedade colombiana, dos gr\u00eamios econ\u00f4micos, partidos pol\u00edticos, setores acad\u00eamicos, movimentos sociais e populares, For\u00e7as Militares e express\u00f5es sociais e pol\u00edticas, para que n\u00e3o se repitam nunca mais as graves viola\u00e7\u00f5es aos direitos humanos que historicamente marcaram de sangue nosso pa\u00eds.<\/p>\n<ol>\n<li>Informe da Comiss\u00e3o Hist\u00f3rica do conflito e suas v\u00edtimas. Giraldo Javier, p.424.<\/li>\n<li>Ibidem.<\/li>\n<li>Com a desmobiliza\u00e7\u00e3o paramilitar no marco do processo de Justi\u00e7a e Paz, o Estado come\u00e7ou a argumentar que as estruturas paramilitares j\u00e1 n\u00e3o existem e que aqueles grupos que possuem a mesma a\u00e7\u00e3o, estrutura e controle territorial s\u00e3o bandos criminosos, mais conhecidos como bacrim, cuja exist\u00eancia enfoca a delinqu\u00eancia comum e o controle do tr\u00e1fico de entorpecentes.<\/li>\n<li>O governo de \u00c1lvaro Uribe V\u00e9lez definiu as Bacrim como \u201corganiza\u00e7\u00f5es de car\u00e1ter multicriminal, independentes umas das outras, carentes de qualquer tipo de ideologia, deslocando-se para zonas onde convergem as fases da cadeia de narcotr\u00e1fico, chegando inclusive a consolidar alian\u00e7as com grupos terroristas (FARC e ELN) e com organiza\u00e7\u00f5es delinquentes com prop\u00f3sitos criminosos\u201d. Decreto 2374 de 2010, Minist\u00e9rio do Interior e da Justi\u00e7a, 1 de julho de 2010.<\/li>\n<li><a href=\"http:\/\/www.lacuartavia.com\/index.php\/analisis\/informes\/1023-fundacion-paz-y-reconciliacion-estos-son-los-candidatos-mas-polemicos-para-las-elecciones-de-octubre\"><u>http:\/\/www.lacuartavia.com\/index.php\/analisis\/informes\/1023-fundacion-paz-y-reconciliacion-estos-son-los-candidatos-mas-polemicos-para-las-elecciones-de-octubre<\/u><\/a><\/li>\n<li>Giraldo Javier, S.J.M., par\u00e1grafo do texto. P. 445<\/li>\n<li>Es fantasioso pensar que el paramilitarismo no existe: En Contagio Radio, ver:<a href=\"http:\/\/www.contagioradio.com\/es-fantasioso-asegurar-que-el-paramilitarismo-no-sigue-vigente-articulo-22591\/\"><u>http:\/\/www.contagioradio.com\/es-fantasioso-asegurar-que-el-paramilitarismo-no-sigue-vigente-articulo-22591\/<\/u><\/a><\/li>\n<li>Hern\u00e1ndez, Valencia Fernando. Corporaci\u00f3n Nuevo Arcoiris. El Tal Neoparamilitarismo Si existe. En: <a href=\"http:\/\/www.arcoiris.com.co\/2016\/04\/el-tal-neoparamilitarismo-si-existe\/\"><u>http:\/\/www.arcoiris.com.co\/2016\/04\/el-tal-neoparamilitarismo-si-existe\/<\/u><\/a><\/li>\n<li>Ver: <a href=\"http:\/\/lasillavacia.com\/historia\/los-neoparamilitares-s%C3%AD-existen%E2%80%A6-hasta-en-cartagena-55304\"><u>http:\/\/lasillavacia.com\/historia\/los-neoparamilitares-s%C3%AD-existen%E2%80%A6-hasta-en-cartagena-55304<\/u><\/a><\/li>\n<\/ol>\n<p><b>*Diana Nocua<\/b><\/p>\n<p><b>Equipe T\u00e9cnica Comiss\u00e3o de Direitos Humanos<\/b><\/p>\n<p><b>Marcha Patri\u00f3tica<\/b><\/p>\n<p>Fonte: http:\/\/www.resumenlatinoamericano.org\/2016\/04\/17\/colombia-paramilitarismo-persecucion-y-crimenes-contra-el-movimiento-popular\/<\/p>\n<p>Tradu\u00e7\u00e3o: Partido Comunista Brasileiro (PCB)<\/p>\n","protected":false},"excerpt":{"rendered":"Por Diana Nocua*, Resumen Latinoamericano, Semanario Voz \/15 de abril de 2016 \u2013 A depura\u00e7\u00e3o das institui\u00e7\u00f5es, os organismos de controle, o aparato \n<a class=\"moretag\" href=\"https:\/\/pcb.org.br\/portal2\/10909\"> <\/a>","protected":false},"author":1,"featured_media":0,"comment_status":"closed","ping_status":"closed","sticky":false,"template":"","format":"standard","meta":{"jetpack_post_was_ever_published":false,"_jetpack_newsletter_access":"","_jetpack_dont_email_post_to_subs":false,"_jetpack_newsletter_tier_id":0,"_jetpack_memberships_contains_paywalled_content":false,"_jetpack_memberships_contains_paid_content":false,"footnotes":"","jetpack_publicize_message":"","jetpack_publicize_feature_enabled":true,"jetpack_social_post_already_shared":true,"jetpack_social_options":{"image_generator_settings":{"template":"highway","default_image_id":0,"font":"","enabled":false},"version":2}},"categories":[34],"tags":[],"class_list":["post-10909","post","type-post","status-publish","format-standard","hentry","category-c39-colombia"],"jetpack_publicize_connections":[],"jetpack_featured_media_url":"","jetpack_shortlink":"https:\/\/wp.me\/p659gw-2PX","jetpack-related-posts":[],"jetpack_likes_enabled":true,"jetpack_sharing_enabled":true,"_links":{"self":[{"href":"https:\/\/pcb.org.br\/portal2\/wp-json\/wp\/v2\/posts\/10909","targetHints":{"allow":["GET"]}}],"collection":[{"href":"https:\/\/pcb.org.br\/portal2\/wp-json\/wp\/v2\/posts"}],"about":[{"href":"https:\/\/pcb.org.br\/portal2\/wp-json\/wp\/v2\/types\/post"}],"author":[{"embeddable":true,"href":"https:\/\/pcb.org.br\/portal2\/wp-json\/wp\/v2\/users\/1"}],"replies":[{"embeddable":true,"href":"https:\/\/pcb.org.br\/portal2\/wp-json\/wp\/v2\/comments?post=10909"}],"version-history":[{"count":0,"href":"https:\/\/pcb.org.br\/portal2\/wp-json\/wp\/v2\/posts\/10909\/revisions"}],"wp:attachment":[{"href":"https:\/\/pcb.org.br\/portal2\/wp-json\/wp\/v2\/media?parent=10909"}],"wp:term":[{"taxonomy":"category","embeddable":true,"href":"https:\/\/pcb.org.br\/portal2\/wp-json\/wp\/v2\/categories?post=10909"},{"taxonomy":"post_tag","embeddable":true,"href":"https:\/\/pcb.org.br\/portal2\/wp-json\/wp\/v2\/tags?post=10909"}],"curies":[{"name":"wp","href":"https:\/\/api.w.org\/{rel}","templated":true}]}}