{"id":10939,"date":"2016-04-30T21:18:52","date_gmt":"2016-05-01T00:18:52","guid":{"rendered":"http:\/\/pcb.org.br\/portal2\/?p=10939"},"modified":"2016-05-20T20:50:19","modified_gmt":"2016-05-20T23:50:19","slug":"unidos-contra-macri-e-sua-politica-neoliberal-as-cinco-centrais-sindicais-mobilizaram-centenas-de-milhares-de-trabalhadores","status":"publish","type":"post","link":"https:\/\/pcb.org.br\/portal2\/10939","title":{"rendered":"Unidos contra Macri e sua pol\u00edtica neoliberal, as cinco centrais sindicais mobilizaram centenas de milhares de trabalhadores"},"content":{"rendered":"<p><img data-recalc-dims=\"1\" decoding=\"async\" class=\"imagem\" src=\"https:\/\/i0.wp.com\/www.resumenlatinoamericano.org\/wp-content\/uploads\/2016\/04\/29A2016-pano-telam500.jpg?w=747\" alt=\"\" \/><\/p>\n<p><strong>Cientos de miles de personas acompa\u00f1aron a las cinco centrales obreras que rechazaron \u201cla soluci\u00f3n empresaria para los problemas argentinos\u201d. Claras adventencias contra el eventual veto presidencial a la ley antidespidos<\/strong><!--more--><\/p>\n<p><img data-recalc-dims=\"1\" decoding=\"async\" class=\"imagem100\" src=\"https:\/\/i0.wp.com\/www.resumenlatinoamericano.org\/wp-content\/uploads\/2016\/04\/5-1.jpg?w=747\" alt=\"\" \/><\/p>\n<p>El escenario desde donde hablaron Pablo Micheli, de la CTA Aut\u00f3noma; Hugo Yasky, de la CTA de los Trabajadores; Antonio Cal\u00f3, de la CGT Alsina y Hugo Moyano de la CGT Azopardo fue emplazado en Paseo Col\u00f3n e Independencia. Desde all\u00ed conmemoraron el D\u00eda del Trabajador y se pronunciaron contra las pol\u00edticas de ajuste sistem\u00e1tico del gobierno de Mauricio Macri.<\/p>\n<p>En el inicio del acto, el titular del gremio de Dragado y Balizamiento, Juan Carlos Schmid ley\u00f3 un documento consensuado entre las cinco centrales obreras titulado \u201cUnidad para la Justicia Social\u201d y en el que centraron sus demandas en seis puntos.<\/p>\n<p>El primero de ellos fue, \u201catento a la ca\u00edda del empleo\u201d, respaldar la votaci\u00f3n de la ley de \u201cemergencia ocupacional\u201d, que ya tiene media sanci\u00f3n del Senado y que la semana pr\u00f3xima se tratar\u00e1 en la C\u00e1mara de Diputados.<\/p>\n<p>El segundo punto critica \u201cel incumplimiento de las promesas de campa\u00f1a\u201d de Mauricio Macri sobre el \u201cimpuesto al trabajo\u201d y subraya que \u201cel salario no es ganancia\u201d. En el tercero se reclama \u201cla universalizaci\u00f3n de las asignaciones familiares\u201d, y en el cuarto la plena vigencia del 82 por ciento m\u00f3vil para los jubilados y una soluci\u00f3n integral de la problem\u00e1tica previsional\u201d.<\/p>\n<p>El quinto punto exige al Gobierno cumplir con \u201cel respeto por el pleno derecho de huelga sin ning\u00fan protocolo de seguridad\u201d, como el elaborado por el ministerio que encabeza Patricia Bullrich y que da carta blanca al accionar policial durante las protestas sociales.<\/p>\n<p><img data-recalc-dims=\"1\" decoding=\"async\" class=\"imagem100\" src=\"https:\/\/i0.wp.com\/www.resumenlatinoamericano.org\/wp-content\/uploads\/2016\/04\/3-2.jpg?w=747\" alt=\"\" \/><\/p>\n<p>El \u00faltimo \u00edtem del documento pide \u201cla no intromisi\u00f3n de ning\u00fan organismo externo en la vida de los sindicatos\u201d. El texto, ley\u00f3 Schmid, es \u201cun llamado de atenci\u00f3n a las fuerzas pol\u00edticas para que asuman estos problemas\u201d, tambi\u00e9n \u201cal Gobierno, que debe anunciar anuncios concretos\u201d para salir de la crisis y resalt\u00f3 la \u201cunidad sindical ante la gravedad de la situaci\u00f3n\u201d.<\/p>\n<p>Adem\u00e1s, demandaron al Poder Ejecutivo que \u201cinforme cu\u00e1l es el plan antiinflacionario tan anunciado (en los \u00faltimos cuatro meses) y cu\u00e1les son los instrumentos\u201d que se van a aplicar para ponerlo en marcha. \u201cNo podemos dejar cuentas pendientes\u201d ni seguir apelando a \u201cla herencia recibida. La justificaci\u00f3n de que la culpa est\u00e1 en el otro, no nos sirve\u201d, sentenciaron.<\/p>\n<p>El texto destaca, adem\u00e1s, que \u201cel movimiento obrero organizado se moviliza por primera vez en mucho tiempo\u201d en una acci\u00f3n en la que \u201ctodas las expresiones gremiales actuaron en conjunto\u201d. Lo hicieron porque, prosigui\u00f3 Schmid en su lectura, \u201cel pueblo sigue con inocultable preocupaci\u00f3n la evoluci\u00f3n de las medidas econ\u00f3micas aplicadas\u201d por el gobierno de Cambiemos, caracterizada por \u201cla aceleraci\u00f3n de la inflaci\u00f3n\u201d y el \u201ctraslado del costo (de la crisis) sobre las espaldas de los trabajadores\u201d.<\/p>\n<p>Puntualiza, adem\u00e1s, las \u201cdudas e incertidumbres\u201d del Ejecutivo para \u201chacer frente a la inflaci\u00f3n\u201d y los critica las \u201cmedidas de estricto orden financiero\u201d aplicadas. \u201cCreemos que (estas pol\u00edticas) son el regreso de recetas que tuvieron tristes consecuencias\u201d, a\u00f1ade el documento y exhorta a que \u201clas soluciones no se dejen libradas al mercado o al derrame\u201d.<\/p>\n<p>\u201c\u00bfQui\u00e9n se beneficia con esto? -concluye el documento- Las empresas monop\u00f3licas de algunos sectores y el sector financiero. La sola herramienta de la discusi\u00f3n paritaria para actualizar el salario ya no basta para sostener la igualdad.\u201d<\/p>\n<p><strong>Multitudinario acto de los trabajadores contra el ajuste y los despidos<\/strong><\/p>\n<p><img data-recalc-dims=\"1\" decoding=\"async\" class=\"imagem100\" src=\"https:\/\/i0.wp.com\/www.resumenlatinoamericano.org\/wp-content\/uploads\/2016\/04\/29A2016-pano-telam500.jpg?w=747\" alt=\"\" \/><\/p>\n<p>En lo que fue una jornada hist\u00f3rica, 150 mil trabajadores se movilizaron al Monumento al Trabajador para dar un mensaje contundente al gobierno nacional contra el ajuste y los despidos.<\/p>\n<p>Frente al Monumento al Trabajador se realiz\u00f3 un acto que con el devenir de los a\u00f1os quedar\u00e1 grabado en la memoria de la clase trabajadora. El primer orador fue Pablo Micheli, Secretario General de la CTA Aut\u00f3noma.<\/p>\n<p>Manifest\u00f3 su emoci\u00f3n al ver la cantidad de compa\u00f1eras y compa\u00f1eros que est\u00e1n movilizados en Buenos Aires, muchos de los cuales han venido de distintos puntos del pa\u00eds. Resalt\u00f3 adem\u00e1s que miles y miles de trabajadores est\u00e1n movilizados en las principales ciudades del interior: \u201cEstamos para festejar en v\u00edsperas del D\u00eda del Trabajador y no tenemos porque pasarlo tristes, porque cuando uno tiene dignidad para pararse frente al ajuste, tiene que estar contento\u201d.<\/p>\n<p>\u201cTriste ser\u00eda que estuvi\u00e9ramos escondidos, metidos en nuestras casas sin salir a la calle frente a los despidos, a la miseria que cobran nuestros viejos, frente a la pobreza, frente a lo que est\u00e1 pasando con nuestros salarios y el poder adquisitivo de los trabajadores. Entonces s\u00ed festejamos que estamos juntas las centrales, y \u00e9sto no es menor en un momento donde se habla tanto de grietas. Los dirigentes hemos sido capaces de dejar de lado nuestras diferencias para poner por encima las necesidades de los trabajadores y las trabajadoras de nuestro pa\u00eds\u201d, apunt\u00f3 Micheli.<\/p>\n<p><img data-recalc-dims=\"1\" decoding=\"async\" class=\"imagem100\" src=\"https:\/\/i0.wp.com\/www.resumenlatinoamericano.org\/wp-content\/uploads\/2016\/04\/03w-2.jpg?w=747\" alt=\"\" \/> Pablo Micheli<\/p>\n<p>El titular de la CTA Aut\u00f3noma sigui\u00f3: \u201cTambi\u00e9n estamos protestando, pero no es en contra de nadie sino en defensa propia porque nos meten las manos en los bolsillos todos los d\u00edas, porque aumenta el costo de vida, porque todas las medidas de este gobierno son a favor de los grupos concentrados de poder y no a favor del pueblo\u201d.<\/p>\n<p>Se refiri\u00f3 adem\u00e1s a la compleja situaci\u00f3n en relaci\u00f3n a la inflaci\u00f3n que devora los salarios de los trabajadores: \u201cno es verdad que tengan un plan para bajar la inflaci\u00f3n. El plan que tienen es que sigamos pagando la crisis los trabajadores y el pueblo mientras ellos se siguen enriqueciendo\u201d.<\/p>\n<p><img data-recalc-dims=\"1\" decoding=\"async\" class=\"imagem100\" src=\"https:\/\/i0.wp.com\/www.resumenlatinoamericano.org\/wp-content\/uploads\/2016\/04\/calo.jpg?w=747\" alt=\"\" \/> Antonio Cal\u00f3<\/p>\n<p><img data-recalc-dims=\"1\" decoding=\"async\" class=\"imagem100\" src=\"https:\/\/i0.wp.com\/www.resumenlatinoamericano.org\/wp-content\/uploads\/2016\/04\/yasky1.jpg?w=747\" alt=\"\" \/> Hugo Yasky<\/p>\n<p>\u201cVa a haber conflicto si vetan la Ley\u201d, anunci\u00f3 Micheli y dijo: \u201cvamos a agudizar la lucha, esto reci\u00e9n empieza. M\u00e1s unidad, m\u00e1s lucha, y si no escuchan habr\u00e1 paro nacional tambi\u00e9n\u201d.<br \/>\n<strong>Unidad en la acci\u00f3n para frenar el ajuste<\/strong><\/p>\n<p>Luego fue el turno de la CTA de los Trabajadores, cuyo l\u00edder, Hugo Yasky critic\u00f3 las pol\u00edticas de ajuste que est\u00e1 llevando adelante el gobierno nacional encabezado por Mauricio Macri: \u201ccon la unidad de las centrales conseguimos que el Senado apruebe la Ley para frenar los despidos por seis meses, pero si Macri se atreve a vetarla nos va a tener en la calle, movilizados todos juntos\u201d.<\/p>\n<p>Por su parte, Antonio Cal\u00f3 de la CGT Balcarce, le confirm\u00f3 a la multitud que el pr\u00f3ximo 22 de agosto \u201chabr\u00e1 una CGT unificada, porque as\u00ed lo necesitan los trabajadores para frenar el ajuste que est\u00e1 encabezando este gobierno\u201d.<\/p>\n<p>Finalmente tom\u00f3 la palabra Hugo Moyano, Secretario General de la CGT Azopardo que calific\u00f3 la jornada de \u201chist\u00f3rica\u201d y se solidariz\u00f3 con los inundados del Litoral, los trabajadores de Tierra del Fuego y los taxistas que est\u00e1n en pie de lucha con lo que es \u201cun nuevo modo de precarizaci\u00f3n laboral\u201d.<\/p>\n<p>Critic\u00f3 adem\u00e1s todas las medidas que tom\u00f3 el gobierno nacional para favorecer a las clases empresarias en detrimento del bienestar de los trabajadores. En tanto reclam\u00f3 el 82% m\u00f3vil para los jubilados y que se consulte a los representantes de los trabajadores cuando se toman medidas que afectan sus intereses. Con la tradicional \u201cMarcha Peronista\u201d se dio por finalizado el acto.<\/p>\n<p>FUENTE: ACTA<br \/>\n<strong>Madres de Plaza de Mayo-L\u00ednea Fundadora, Abuelas e HIJOS afirmaron que \u201cel Estado tiene el deber de garantizar el bienestar para todos\u201d<\/strong><\/p>\n<p><strong>Adhieren los organismos de DDHH<\/strong><\/p>\n<p>Los organismos de derechos humanos, entre ellos Madres L\u00ednea Fundadora y Abuelas de Plaza de Mayo, adhirieron a la concentraci\u00f3n convocada por las cinco centrales obreras en defensa del trabajo y en el marco del D\u00eda del Trabajador, que se realizar\u00e1 esta tarde. Manifestaron su preocupaci\u00f3n por los despidos tanto en el sector p\u00fablico como en el privado y manifestaron que esa situaci\u00f3n \u201cimplica el retroceso de cientos de pol\u00edticas p\u00fablicas que el Estado brindaba a todas y todos\u201d.<\/p>\n<p>A trav\u00e9s de un documento, Madres de Plaza de Mayo L\u00ednea Fundadora, Abuelas, Familiares de Detenidos y Desaparecidos por Razones Pol\u00edticas e H.I.J.O.S., afirmaron que \u201cel Estado tiene el deber de garantizar el bienestar para todos los habitantes de su pueblo, sin trabajo se ven afectados derechos econ\u00f3micos y sociales\u201d.<\/p>\n<p>\u201cEn este sentido -a\u00f1adi\u00f3- adherimos a la movilizaci\u00f3n del para denunciar las cesant\u00edas y exhortamos al Congreso de Naci\u00f3n a que sancione una ley de emergencia ocupacional, para que los despidos cesen\u201d, plantearon en un comunicado en el que advierten que \u201cun pueblo sin trabajo ve afectada su dignidad y su libertad\u201d.<\/p>\n<p><strong>LAS IMAGENES DE LA GRAN MOVILIZACION<\/strong><\/p>\n<p><strong>FOTOS RESUMEN LATINOAMERICANO Y REVISTA VENCEREMOS<\/strong><\/p>\n<p><img data-recalc-dims=\"1\" decoding=\"async\" class=\"imagem100\" src=\"https:\/\/i0.wp.com\/www.resumenlatinoamericano.org\/wp-content\/uploads\/2016\/04\/DSC01903-e1461983015606.jpg?w=747\" alt=\"\" \/> Acto de la CTEP previo a marchar hacia el monumento al Trabajador<\/p>\n<p><img data-recalc-dims=\"1\" decoding=\"async\" class=\"imagem100\" src=\"https:\/\/i0.wp.com\/www.resumenlatinoamericano.org\/wp-content\/uploads\/2016\/04\/2-1.jpg?w=747\" alt=\"\" \/><\/p>\n<p><img data-recalc-dims=\"1\" decoding=\"async\" class=\"imagem100\" src=\"https:\/\/i0.wp.com\/www.resumenlatinoamericano.org\/wp-content\/uploads\/2016\/04\/3-3.jpg?w=747\" alt=\"\" \/> <img data-recalc-dims=\"1\" decoding=\"async\" class=\"imagem100\" src=\"https:\/\/i0.wp.com\/www.resumenlatinoamericano.org\/wp-content\/uploads\/2016\/04\/5-2.jpg?w=747\" alt=\"\" \/> <img data-recalc-dims=\"1\" decoding=\"async\" class=\"imagem100\" src=\"https:\/\/i0.wp.com\/www.resumenlatinoamericano.org\/wp-content\/uploads\/2016\/04\/6-1.jpg?w=747\" alt=\"\" \/> <img data-recalc-dims=\"1\" decoding=\"async\" class=\"imagem100\" src=\"https:\/\/i0.wp.com\/www.resumenlatinoamericano.org\/wp-content\/uploads\/2016\/04\/7-2.jpg?w=747\" alt=\"\" \/> <img data-recalc-dims=\"1\" decoding=\"async\" class=\"imagem100\" src=\"https:\/\/i0.wp.com\/www.resumenlatinoamericano.org\/wp-content\/uploads\/2016\/04\/8-1.jpg?w=747\" alt=\"\" \/> <img data-recalc-dims=\"1\" decoding=\"async\" class=\"imagem100\" src=\"https:\/\/i0.wp.com\/www.resumenlatinoamericano.org\/wp-content\/uploads\/2016\/04\/10-1.jpg?w=747\" alt=\"\" \/> <img data-recalc-dims=\"1\" decoding=\"async\" class=\"imagem100\" src=\"https:\/\/i0.wp.com\/www.resumenlatinoamericano.org\/wp-content\/uploads\/2016\/04\/11-1.jpg?w=747\" alt=\"\" \/> <img data-recalc-dims=\"1\" decoding=\"async\" class=\"imagem100\" src=\"https:\/\/i0.wp.com\/www.resumenlatinoamericano.org\/wp-content\/uploads\/2016\/04\/13-1.jpg?w=747\" alt=\"\" \/> <img data-recalc-dims=\"1\" decoding=\"async\" class=\"imagem100\" src=\"https:\/\/i0.wp.com\/www.resumenlatinoamericano.org\/wp-content\/uploads\/2016\/04\/14-1.jpg?w=747\" alt=\"\" \/> <img data-recalc-dims=\"1\" decoding=\"async\" class=\"imagem100\" src=\"https:\/\/i0.wp.com\/www.resumenlatinoamericano.org\/wp-content\/uploads\/2016\/04\/15-1.jpg?w=747\" alt=\"\" \/> <img data-recalc-dims=\"1\" decoding=\"async\" class=\"imagem100\" src=\"https:\/\/i0.wp.com\/www.resumenlatinoamericano.org\/wp-content\/uploads\/2016\/04\/16-1.jpg?w=747\" alt=\"\" \/> <img data-recalc-dims=\"1\" decoding=\"async\" class=\"imagem100\" src=\"https:\/\/i0.wp.com\/www.resumenlatinoamericano.org\/wp-content\/uploads\/2016\/04\/17.jpg?w=747\" alt=\"\" \/> <img data-recalc-dims=\"1\" decoding=\"async\" class=\"imagem100\" src=\"https:\/\/i0.wp.com\/www.resumenlatinoamericano.org\/wp-content\/uploads\/2016\/04\/20.jpg?w=747\" alt=\"\" \/> <img data-recalc-dims=\"1\" decoding=\"async\" class=\"imagem100\" src=\"https:\/\/i0.wp.com\/www.resumenlatinoamericano.org\/wp-content\/uploads\/2016\/04\/18.jpg?w=747\" alt=\"\" \/> <img data-recalc-dims=\"1\" decoding=\"async\" class=\"imagem100\" src=\"https:\/\/i0.wp.com\/www.resumenlatinoamericano.org\/wp-content\/uploads\/2016\/04\/21-1.jpg?w=747\" alt=\"\" \/> <img data-recalc-dims=\"1\" decoding=\"async\" class=\"imagem100\" src=\"https:\/\/i0.wp.com\/www.resumenlatinoamericano.org\/wp-content\/uploads\/2016\/04\/13103368_1002306259855479_3319478827755163044_n.jpg?w=747\" alt=\"\" \/> <img data-recalc-dims=\"1\" decoding=\"async\" class=\"imagem100\" src=\"https:\/\/i0.wp.com\/www.resumenlatinoamericano.org\/wp-content\/uploads\/2016\/04\/20160429_145127.jpg?w=747\" alt=\"\" \/> <img data-recalc-dims=\"1\" decoding=\"async\" class=\"imagem100\" src=\"https:\/\/i0.wp.com\/www.resumenlatinoamericano.org\/wp-content\/uploads\/2016\/04\/20160429_145425.jpg?w=747\" alt=\"\" \/> <img data-recalc-dims=\"1\" decoding=\"async\" class=\"imagem100\" src=\"https:\/\/i0.wp.com\/www.resumenlatinoamericano.org\/wp-content\/uploads\/2016\/04\/20160429_150333.jpg?w=747\" alt=\"\" \/> <img data-recalc-dims=\"1\" decoding=\"async\" class=\"imagem100\" src=\"https:\/\/i0.wp.com\/www.resumenlatinoamericano.org\/wp-content\/uploads\/2016\/04\/4369_3.jpg?w=747\" alt=\"\" \/> <img data-recalc-dims=\"1\" decoding=\"async\" class=\"imagem100\" src=\"https:\/\/i0.wp.com\/www.resumenlatinoamericano.org\/wp-content\/uploads\/2016\/04\/4369_2.jpg?w=747\" alt=\"\" \/><\/p>\n<blockquote data-secret=\"umJDE7Qm7c\" class=\"wp-embedded-content\"><p><a href=\"http:\/\/www.resumenlatinoamericano.org\/2016\/04\/29\/unidos-contra-macri-y-su-politica-neoliberal-las-cinco-centrales-sindicales-movilizaron-150-mil-trabajadores\/\">Unidos contra Macri y su pol\u00edtica neoliberal las cinco centrales sindicales movilizaron cientos de miles de trabajadores<\/a><\/p><\/blockquote>\n<p><iframe loading=\"lazy\" class=\"wp-embedded-content\" sandbox=\"allow-scripts\" security=\"restricted\" style=\"position: absolute; clip: rect(1px, 1px, 1px, 1px);\" src=\"http:\/\/www.resumenlatinoamericano.org\/2016\/04\/29\/unidos-contra-macri-y-su-politica-neoliberal-las-cinco-centrales-sindicales-movilizaron-150-mil-trabajadores\/embed\/#?secret=umJDE7Qm7c\" data-secret=\"umJDE7Qm7c\" width=\"600\" height=\"338\" title=\"&#8220;Unidos contra Macri y su pol\u00edtica neoliberal las cinco centrales sindicales movilizaron cientos de miles de trabajadores&#8221; &#8212; Resumen Latinoamericano\" frameborder=\"0\" marginwidth=\"0\" marginheight=\"0\" scrolling=\"no\"><\/iframe><\/p>\n","protected":false},"excerpt":{"rendered":"Cientos de miles de personas acompa\u00f1aron a las cinco centrales obreras que rechazaron \u201cla soluci\u00f3n empresaria para los problemas argentinos\u201d. Claras adventencias contra \n<a class=\"moretag\" href=\"https:\/\/pcb.org.br\/portal2\/10939\"> <\/a>","protected":false},"author":1,"featured_media":0,"comment_status":"closed","ping_status":"closed","sticky":false,"template":"","format":"standard","meta":{"jetpack_post_was_ever_published":false,"_jetpack_newsletter_access":"","_jetpack_dont_email_post_to_subs":false,"_jetpack_newsletter_tier_id":0,"_jetpack_memberships_contains_paywalled_content":false,"_jetpack_memberships_contains_paid_content":false,"footnotes":"","jetpack_publicize_message":"","jetpack_publicize_feature_enabled":true,"jetpack_social_post_already_shared":true,"jetpack_social_options":{"image_generator_settings":{"template":"highway","default_image_id":0,"font":"","enabled":false},"version":2}},"categories":[57],"tags":[],"class_list":["post-10939","post","type-post","status-publish","format-standard","hentry","category-c68-argentina"],"jetpack_publicize_connections":[],"jetpack_featured_media_url":"","jetpack_shortlink":"https:\/\/wp.me\/p659gw-2Qr","jetpack-related-posts":[],"jetpack_likes_enabled":true,"jetpack_sharing_enabled":true,"_links":{"self":[{"href":"https:\/\/pcb.org.br\/portal2\/wp-json\/wp\/v2\/posts\/10939","targetHints":{"allow":["GET"]}}],"collection":[{"href":"https:\/\/pcb.org.br\/portal2\/wp-json\/wp\/v2\/posts"}],"about":[{"href":"https:\/\/pcb.org.br\/portal2\/wp-json\/wp\/v2\/types\/post"}],"author":[{"embeddable":true,"href":"https:\/\/pcb.org.br\/portal2\/wp-json\/wp\/v2\/users\/1"}],"replies":[{"embeddable":true,"href":"https:\/\/pcb.org.br\/portal2\/wp-json\/wp\/v2\/comments?post=10939"}],"version-history":[{"count":0,"href":"https:\/\/pcb.org.br\/portal2\/wp-json\/wp\/v2\/posts\/10939\/revisions"}],"wp:attachment":[{"href":"https:\/\/pcb.org.br\/portal2\/wp-json\/wp\/v2\/media?parent=10939"}],"wp:term":[{"taxonomy":"category","embeddable":true,"href":"https:\/\/pcb.org.br\/portal2\/wp-json\/wp\/v2\/categories?post=10939"},{"taxonomy":"post_tag","embeddable":true,"href":"https:\/\/pcb.org.br\/portal2\/wp-json\/wp\/v2\/tags?post=10939"}],"curies":[{"name":"wp","href":"https:\/\/api.w.org\/{rel}","templated":true}]}}