{"id":10971,"date":"2016-05-05T20:57:12","date_gmt":"2016-05-05T23:57:12","guid":{"rendered":"http:\/\/pcb.org.br\/portal2\/?p=10971"},"modified":"2016-05-20T20:53:09","modified_gmt":"2016-05-20T23:53:09","slug":"para-os-estados-unidos-o-bombardeio-do-hospital-dos-medicos-sem-fronteiras-msf-nao-foi-um-crime-de-guerra","status":"publish","type":"post","link":"https:\/\/pcb.org.br\/portal2\/10971","title":{"rendered":"Para os Estados Unidos, o bombardeio do hospital dos M\u00e9dicos sem Fronteiras (MSF) n\u00e3o foi um crime de guerra"},"content":{"rendered":"<p><img data-recalc-dims=\"1\" decoding=\"async\" class=\"imagem\" title=\"imagem\" src=\"https:\/\/i0.wp.com\/s2.lemde.fr\/image\/2016\/04\/30\/534x0\/4911244_6_1008_le-16-octobre-2015-un-employe-de-medecins_ad7a2c1dc01893f9995adf6593224469.jpg?w=747\" alt=\"imagem\" \/>Le Monde com AFP &#8211; 30\/04\/2016<\/p>\n<p><b>O bombardeio de um hospital operado pelos M\u00e9dicos sem Fronteiras (MSF) executado pela avia\u00e7\u00e3o americana, em Kunduz, no ano passado, no Afeganist\u00e3o, n\u00e3o foi um &#8220;crime de guerra&#8221;, mas uma sucess\u00e3o de erros, concluiu o relat\u00f3rio de uma investiga\u00e7\u00e3o militar apresentado em 29 de abril \u00faltimo pelo Pent\u00e1gono.<\/b><!--more--><\/p>\n<p>Quarenta e duas pessoas foram mortas e 37 outras ficaram feridas na destrui\u00e7\u00e3o do estabelecimento em 3 de outubro na cidade do norte do Afeganist\u00e3o. <i>&#8220;A investiga\u00e7\u00e3o concluiu que alguns membros do pessoal (militar) n\u00e3o tinham respeitado as regras de compromisso e o direito dos conflitos armados. Enquanto isso, a investiga\u00e7\u00e3o n\u00e3o conclui que essas falhas representaram um crime de guerra<\/i>&#8220;, declarou \u00e0 imprensa o general Joseph Votel, comandante do Centro Operacional do ex\u00e9rcito americano (Centcom).<\/p>\n<p>O oficial explicou que n\u00e3o se tratava de um crime de guerra porque nenhum militar sabia que um hospital estava entre os alvos. Segundo as conclus\u00f5es das investiga\u00e7\u00f5es, o incidente foi causado por &#8220;<i>erros humanos n\u00e3o intencionais, erros de procedimento e falhas de equipamentos<\/i>&#8220;. O relat\u00f3rio acrescentou a fadiga e &#8220;<i>um elevado ritmo de opera\u00e7\u00f5e<\/i>s&#8221; como outros fatores explicativos.<\/p>\n<p><b>&#8220;Incompreens\u00edvel&#8221;<\/b><\/p>\n<p>Reagindo \u00e0 publica\u00e7\u00e3o do relat\u00f3rio, a presidente dos MSF, Meinie Nicolai, declarou ser necess\u00e1rio reconhecer &#8220;<i>que uma opera\u00e7\u00e3o militar fora de controle foi realizada sobre uma \u00e1rea urbana densamente povoada, durante a qual as for\u00e7as americanas n\u00e3o foram capazes de obedecer as regras fundamentais da guerra<\/i>&#8220;. &#8220;<i>\u00c9 incompreens\u00edvel que nas circunst\u00e2ncias descritas pelo ex\u00e9rcito americano, o ataque n\u00e3o tenha sido abortado<\/i>&#8220;, acrescentou ela.<\/p>\n<p>Na v\u00e9spera da divulga\u00e7\u00e3o do relat\u00f3rio, o governo americano fez saber que dezesseis militares, inclusive um general, tinham sofrido san\u00e7\u00f5es disciplinares, indo da suspens\u00e3o \u00e0s cartas de advert\u00eancia. O MSF considerou que essas san\u00e7\u00f5es n\u00e3o eram suficientes, &#8220;<i>sendo desproporcionais \u00e0 destrui\u00e7\u00e3o de uma instala\u00e7\u00e3o m\u00e9dica protegida<\/i>&#8220;.<\/p>\n<p>&#8220;<i>\u00c9 impens\u00e1vel para n\u00f3s reenviar nossas equipes &#8211; inclusive os colegas que sobreviveram ao ataque &#8211; ao trabalho em Kunduz sem ter obtido das partes em conflito um compromisso de por em vigor tudo para evitar a repeti\u00e7\u00e3o desse tipo de acontecimento<\/i>&#8220;, declarou a presidente dos MSF. Considerando que &#8220;<i>uma investiga\u00e7\u00e3o realizada pelo ex\u00e9rcito americano n\u00e3o \u00e9 suficiente<\/i>&#8220;, a organiza\u00e7\u00e3o continua demandando uma investiga\u00e7\u00e3o independente.<\/p>\n<p><b>Tradu\u00e7\u00e3o A. Pertence<\/b><\/p>\n","protected":false},"excerpt":{"rendered":"Le Monde com AFP &#8211; 30\/04\/2016 O bombardeio de um hospital operado pelos M\u00e9dicos sem Fronteiras (MSF) executado pela avia\u00e7\u00e3o americana, em Kunduz, \n<a class=\"moretag\" href=\"https:\/\/pcb.org.br\/portal2\/10971\"> <\/a>","protected":false},"author":1,"featured_media":0,"comment_status":"closed","ping_status":"closed","sticky":false,"template":"","format":"standard","meta":{"jetpack_post_was_ever_published":false,"_jetpack_newsletter_access":"","_jetpack_dont_email_post_to_subs":false,"_jetpack_newsletter_tier_id":0,"_jetpack_memberships_contains_paywalled_content":false,"_jetpack_memberships_contains_paid_content":false,"footnotes":"","jetpack_publicize_message":"","jetpack_publicize_feature_enabled":true,"jetpack_social_post_already_shared":true,"jetpack_social_options":{"image_generator_settings":{"template":"highway","default_image_id":0,"font":"","enabled":false},"version":2}},"categories":[38],"tags":[],"class_list":["post-10971","post","type-post","status-publish","format-standard","hentry","category-c43-imperialismo"],"jetpack_publicize_connections":[],"jetpack_featured_media_url":"","jetpack_shortlink":"https:\/\/wp.me\/p659gw-2QX","jetpack-related-posts":[],"jetpack_likes_enabled":true,"jetpack_sharing_enabled":true,"_links":{"self":[{"href":"https:\/\/pcb.org.br\/portal2\/wp-json\/wp\/v2\/posts\/10971","targetHints":{"allow":["GET"]}}],"collection":[{"href":"https:\/\/pcb.org.br\/portal2\/wp-json\/wp\/v2\/posts"}],"about":[{"href":"https:\/\/pcb.org.br\/portal2\/wp-json\/wp\/v2\/types\/post"}],"author":[{"embeddable":true,"href":"https:\/\/pcb.org.br\/portal2\/wp-json\/wp\/v2\/users\/1"}],"replies":[{"embeddable":true,"href":"https:\/\/pcb.org.br\/portal2\/wp-json\/wp\/v2\/comments?post=10971"}],"version-history":[{"count":0,"href":"https:\/\/pcb.org.br\/portal2\/wp-json\/wp\/v2\/posts\/10971\/revisions"}],"wp:attachment":[{"href":"https:\/\/pcb.org.br\/portal2\/wp-json\/wp\/v2\/media?parent=10971"}],"wp:term":[{"taxonomy":"category","embeddable":true,"href":"https:\/\/pcb.org.br\/portal2\/wp-json\/wp\/v2\/categories?post=10971"},{"taxonomy":"post_tag","embeddable":true,"href":"https:\/\/pcb.org.br\/portal2\/wp-json\/wp\/v2\/tags?post=10971"}],"curies":[{"name":"wp","href":"https:\/\/api.w.org\/{rel}","templated":true}]}}