{"id":11060,"date":"2016-05-14T13:22:14","date_gmt":"2016-05-14T16:22:14","guid":{"rendered":"http:\/\/pcb.org.br\/portal2\/?p=11060"},"modified":"2016-06-02T19:11:49","modified_gmt":"2016-06-02T22:11:49","slug":"a-tragedia-brasileira-retrato-da-falsa-democracia","status":"publish","type":"post","link":"https:\/\/pcb.org.br\/portal2\/11060","title":{"rendered":"A trag\u00e9dia Brasileira retrato da falsa democracia"},"content":{"rendered":"<p><img data-recalc-dims=\"1\" decoding=\"async\" class=\"imagem\" title=\"imagem\" src=\"https:\/\/i0.wp.com\/lh3.googleusercontent.com\/-31L-DXF8i9g\/VzdO7qRKAaI\/AAAAAAAAL-s\/wUT-EWaRbrkwOlqd4rspycMAbcSG3cm6ACCo\/s1277\/odiario.info.png?w=747&#038;ssl=1\" alt=\"imagem\" \/>Nota dos Editores de ODiario.info<\/p>\n<p><img data-recalc-dims=\"1\" decoding=\"async\" class=\"imagemp\" src=\"https:\/\/i0.wp.com\/pcb.org.br\/portal\/images\/stories\/outras-opinioes.png?w=747\" alt=\"\" \/>O Senado brasileiro por 55 votos contra 22 suspendeu Dilma Roussef da Presid\u00eancia da Rep\u00fablica ao abrir o processo de impeachment, referendando a decis\u00e3o da C\u00e2mara de Deputados.<!--more--><\/p>\n<p>Se o plen\u00e1rio, transcorridos 180 dias, aprovar o impeachment por maioria qualificada de dois ter\u00e7os (54 votos), Dilma, acusada de crime contra a Rep\u00fablica, ser\u00e1 definitivamente destitu\u00edda e privada de direitos pol\u00edticos durante oito anos.<\/p>\n<p>Entretanto, o vice Michel Temer assume interinamente a Presid\u00eancia.<\/p>\n<p>O debate no Senado entrou pela manh\u00e3a de hoje numa maratona in\u00e9dita. Foi, tal como o da C\u00e2mara de Deputados, uma exibi\u00e7\u00e3o deprimente de cretinismo parlamentar.<\/p>\n<p>Sobre Renan Calheiros, o presidente, pesam acusa\u00e7\u00f5es graves de corrup\u00e7\u00e3o. Dezenas de senadores est\u00e3o alias envolvidos no esc\u00e2ndalo do Lava Jato.<\/p>\n<p>Michel Temer, faminto de poder, j\u00e1 come\u00e7ou a formar o seu Minist\u00e9rio. O seu curr\u00edculo \u00e9 t\u00e3o sombrio como o de Calheiros. Alguns dos ministros indigitados t\u00eam tamb\u00e9m contas a prestar \u00e0 Justi\u00e7a.<\/p>\n<p>A imagem que esse apodrecido mundo pol\u00edtico projeta contribui para desacreditar aquilo a que a desproposito ainda chamam a democracia brasileira. (artigo do embaixador Celso Amorim, hoje publicado pelo <a href=\"http:\/\/diario.info\" target=\"_blank\">diario.info<\/a>).<br \/>\nObviamente, no Brasil consumou-se um golpe de estado parlamentar apoiado pelo grande capital e pelas for\u00e7as mais reacion\u00e1rias do pa\u00eds, e recebido com simpatia pelos EUA.<\/p>\n<p>A divis\u00e3o da sociedade brasileira \u00e9 no momento transparente. Nas ruas sucedem-se manifesta\u00e7\u00f5es contra o golpe e outras que o apoiam.<\/p>\n<p>A maioria dos intelectuais e o PCB-Partido Comunista Brasileiro condenam o processo golpista; o Movimento dos Trabalhadores Sem Terra-MST repudia o afastamento de Dilma. A participa\u00e7\u00e3o de Lula nos acontecimentos foi totalmente negativa. O ex-presidente, desprestigiado, tem tamb\u00e9m o seu nome envolvido no Lava Jato.<\/p>\n<p>A \u00fanica certeza \u00e9 o aprofundamento da grav\u00edssima crise que o Brasil atravessa, com desenvolvimentos imprevis\u00edveis.<\/p>\n<p>A sa\u00edda positiva seria de esquerda, como afirma o PCB. Mas as massas n\u00e3o est\u00e3o preparadas para derrotar o sistema. Faltam condi\u00e7\u00f5es subjetivas. O n\u00edvel da consci\u00eancia pol\u00edtica dos trabalhadores brasileiros \u00e9 ainda insuficiente para que eles possam enfrentar vitoriosamente a engrenagem do poder.<\/p>\n<p><em>OS EDITORES DE <a href=\"http:\/\/www.odiario.info\/?p=4011\" target=\"_blank\">ODIARIO.INFO<\/a><\/em><\/p>\n","protected":false},"excerpt":{"rendered":"Nota dos Editores de ODiario.info O Senado brasileiro por 55 votos contra 22 suspendeu Dilma Roussef da Presid\u00eancia da Rep\u00fablica ao abrir o \n<a class=\"moretag\" href=\"https:\/\/pcb.org.br\/portal2\/11060\"> <\/a>","protected":false},"author":1,"featured_media":0,"comment_status":"closed","ping_status":"closed","sticky":false,"template":"","format":"standard","meta":{"jetpack_post_was_ever_published":false,"_jetpack_newsletter_access":"","_jetpack_dont_email_post_to_subs":false,"_jetpack_newsletter_tier_id":0,"_jetpack_memberships_contains_paywalled_content":false,"_jetpack_memberships_contains_paid_content":false,"footnotes":"","jetpack_publicize_message":"","jetpack_publicize_feature_enabled":true,"jetpack_social_post_already_shared":true,"jetpack_social_options":{"image_generator_settings":{"template":"highway","default_image_id":0,"font":"","enabled":false},"version":2}},"categories":[7,104],"tags":[],"class_list":["post-11060","post","type-post","status-publish","format-standard","hentry","category-s8-brasil","category-c117-outras-opinioes"],"jetpack_publicize_connections":[],"jetpack_featured_media_url":"","jetpack_shortlink":"https:\/\/wp.me\/p659gw-2So","jetpack-related-posts":[],"jetpack_likes_enabled":true,"jetpack_sharing_enabled":true,"_links":{"self":[{"href":"https:\/\/pcb.org.br\/portal2\/wp-json\/wp\/v2\/posts\/11060","targetHints":{"allow":["GET"]}}],"collection":[{"href":"https:\/\/pcb.org.br\/portal2\/wp-json\/wp\/v2\/posts"}],"about":[{"href":"https:\/\/pcb.org.br\/portal2\/wp-json\/wp\/v2\/types\/post"}],"author":[{"embeddable":true,"href":"https:\/\/pcb.org.br\/portal2\/wp-json\/wp\/v2\/users\/1"}],"replies":[{"embeddable":true,"href":"https:\/\/pcb.org.br\/portal2\/wp-json\/wp\/v2\/comments?post=11060"}],"version-history":[{"count":0,"href":"https:\/\/pcb.org.br\/portal2\/wp-json\/wp\/v2\/posts\/11060\/revisions"}],"wp:attachment":[{"href":"https:\/\/pcb.org.br\/portal2\/wp-json\/wp\/v2\/media?parent=11060"}],"wp:term":[{"taxonomy":"category","embeddable":true,"href":"https:\/\/pcb.org.br\/portal2\/wp-json\/wp\/v2\/categories?post=11060"},{"taxonomy":"post_tag","embeddable":true,"href":"https:\/\/pcb.org.br\/portal2\/wp-json\/wp\/v2\/tags?post=11060"}],"curies":[{"name":"wp","href":"https:\/\/api.w.org\/{rel}","templated":true}]}}