{"id":11084,"date":"2016-05-18T20:04:54","date_gmt":"2016-05-18T23:04:54","guid":{"rendered":"http:\/\/pcb.org.br\/portal2\/?p=11084"},"modified":"2016-06-02T19:12:27","modified_gmt":"2016-06-02T22:12:27","slug":"camarada-baumann-presente","status":"publish","type":"post","link":"https:\/\/pcb.org.br\/portal2\/11084","title":{"rendered":"CAMARADA BAUMANN, PRESENTE!"},"content":{"rendered":"<p><img data-recalc-dims=\"1\" decoding=\"async\" class=\"imagem\" title=\"imagem\" src=\"https:\/\/i0.wp.com\/3.bp.blogspot.com\/-MV5EX5VXWrE\/VzxGA3g_7dI\/AAAAAAAAMAY\/T0I7zCo3Fww_MpOpz7xvsa_5RWbHZ398QCCo\/s1320\/2016-05-18.jpg?w=747&#038;ssl=1\" alt=\"imagem\" \/>Nota do Comit\u00ea Regional do RS do Partido Comunista Brasileiro &#8211; PCB<\/p>\n<p>\u00c9 com muito pesar que comunicamos o falecimento do nosso camarada Hans Baumann, membro da dire\u00e7\u00e3o estadual do PCB e presidente do conselho deliberativo do Clube de Cultura.<!--more--><\/p>\n<p>Ap\u00f3s mais de cinquenta anos dedicados ao Partido Comunista Brasileiro, o nome do camarada est\u00e1 escrito de forma indel\u00e9vel na trajet\u00f3ria do nosso Partido e da milit\u00e2ncia comunista brasileira. Mesmo com a idade avan\u00e7ada o camarada participou de forma ativa da luta e do Partido at\u00e9 o final de sua vida, deixando um enorme exemplo para todos n\u00f3s.<\/p>\n<p>Neste momento de tristeza \u00e9 preciso lembrar da trajet\u00f3ria e do esfor\u00e7o do camarada Baumann para fortalecer a luta e o Partido. A melhor forma de homenage\u00e1-lo \u00e9 seguir seu exemplo na luta: sem fraquejar, com coer\u00eancia e sabedoria e sempre rumo \u00e0 vit\u00f3ria.<\/p>\n<p>Dessa forma, prestamos nossa solidariedade aos amigos, familiares e camaradas do nosso querido Baumann.<\/p>\n<p>CAMARADA BAUMANN, PRESENTE!<\/p>\n<p>http:\/\/pcbrs.blogspot.com.br\/2016\/05\/nota-do-comite-regional-do-rs-do.html<\/p>\n","protected":false},"excerpt":{"rendered":"Nota do Comit\u00ea Regional do RS do Partido Comunista Brasileiro &#8211; PCB \u00c9 com muito pesar que comunicamos o falecimento do nosso camarada \n<a class=\"moretag\" href=\"https:\/\/pcb.org.br\/portal2\/11084\"> <\/a>","protected":false},"author":1,"featured_media":0,"comment_status":"closed","ping_status":"closed","sticky":false,"template":"","format":"standard","meta":{"jetpack_post_was_ever_published":false,"_jetpack_newsletter_access":"","_jetpack_dont_email_post_to_subs":false,"_jetpack_newsletter_tier_id":0,"_jetpack_memberships_contains_paywalled_content":false,"_jetpack_memberships_contains_paid_content":false,"footnotes":"","jetpack_publicize_message":"","jetpack_publicize_feature_enabled":true,"jetpack_social_post_already_shared":true,"jetpack_social_options":{"image_generator_settings":{"template":"highway","default_image_id":0,"font":"","enabled":false},"version":2}},"categories":[46],"tags":[],"class_list":["post-11084","post","type-post","status-publish","format-standard","hentry","category-c56-memoria"],"jetpack_publicize_connections":[],"jetpack_featured_media_url":"","jetpack_shortlink":"https:\/\/wp.me\/p659gw-2SM","jetpack-related-posts":[],"jetpack_likes_enabled":true,"jetpack_sharing_enabled":true,"_links":{"self":[{"href":"https:\/\/pcb.org.br\/portal2\/wp-json\/wp\/v2\/posts\/11084","targetHints":{"allow":["GET"]}}],"collection":[{"href":"https:\/\/pcb.org.br\/portal2\/wp-json\/wp\/v2\/posts"}],"about":[{"href":"https:\/\/pcb.org.br\/portal2\/wp-json\/wp\/v2\/types\/post"}],"author":[{"embeddable":true,"href":"https:\/\/pcb.org.br\/portal2\/wp-json\/wp\/v2\/users\/1"}],"replies":[{"embeddable":true,"href":"https:\/\/pcb.org.br\/portal2\/wp-json\/wp\/v2\/comments?post=11084"}],"version-history":[{"count":0,"href":"https:\/\/pcb.org.br\/portal2\/wp-json\/wp\/v2\/posts\/11084\/revisions"}],"wp:attachment":[{"href":"https:\/\/pcb.org.br\/portal2\/wp-json\/wp\/v2\/media?parent=11084"}],"wp:term":[{"taxonomy":"category","embeddable":true,"href":"https:\/\/pcb.org.br\/portal2\/wp-json\/wp\/v2\/categories?post=11084"},{"taxonomy":"post_tag","embeddable":true,"href":"https:\/\/pcb.org.br\/portal2\/wp-json\/wp\/v2\/tags?post=11084"}],"curies":[{"name":"wp","href":"https:\/\/api.w.org\/{rel}","templated":true}]}}