{"id":11090,"date":"2016-05-18T20:44:04","date_gmt":"2016-05-18T23:44:04","guid":{"rendered":"http:\/\/pcb.org.br\/portal2\/?p=11090"},"modified":"2016-06-02T19:12:31","modified_gmt":"2016-06-02T22:12:31","slug":"toda-solidariedade-aos-estudantes-em-luta","status":"publish","type":"post","link":"https:\/\/pcb.org.br\/portal2\/11090","title":{"rendered":"Toda solidariedade aos estudantes em luta!"},"content":{"rendered":"<p><img data-recalc-dims=\"1\" decoding=\"async\" class=\"imagem\" title=\"imagem\" src=\"https:\/\/i0.wp.com\/og.infg.com.br\/rio\/18980727-fb7-cd4\/FT1086A\/420\/mendes.jpg?w=747\" alt=\"imagem\" \/><b>(Nota Pol\u00edtica do PCB\/RJ e UJC\/RJ<\/b>)<\/p>\n<p>Rio de Janeiro, 12 de maio de 2016.<\/p>\n<p>O PCB e a UJC, no Estado do Rio de Janeiro, vem a p\u00fablico se solidarizar com a luta dos estudantes <!--more-->secundaristas no Rio de Janeiro. Quase uma centena de escolas j\u00e1 foram ocupadas, a nova t\u00e1tica do governo do Estado tem sido a intimida\u00e7\u00e3o e repress\u00e3o dos estudantes.<\/p>\n<p>Os levantes de estudantes secundaristas vem sacudindo o pa\u00eds e se tornando um grande exemplo para todos que anseiam por transforma\u00e7\u00f5es profundas na sociedade brasileira. A partir de reivindica\u00e7\u00f5es locais por melhores condi\u00e7\u00f5es de estudo e contra a arbitrariedade das pol\u00edticas educacionais dos governos, as diversas ocupa\u00e7\u00f5es de escolas tamb\u00e9m acabam por questionar o modelo de escola e educa\u00e7\u00e3o\u00a0 capitalista. Foi assim em S\u00e3o Paulo, est\u00e1 sendo no Cear\u00e1 e, principalmente, no Rio de Janeiro onde mais de 70 escolas est\u00e3o ocupadas concomitantemente com a massiva greve dos professores do Estado.<\/p>\n<p>A escola capitalista \u00e9 uma grande reprodutora de desigualdades e opress\u00f5es. No Rio de Janeiro, assim como na maior parte do Brasil, se aposta em um modelo de escola p\u00fablica sucateada, de baixa qualidade, com profissionais mal pagos e com r\u00e1pida forma\u00e7\u00e3o dos estudantes filhos das classes populares. O aumento dos investimentos e valoriza\u00e7\u00e3o da escola p\u00fablica est\u00e1 subordinado \u00e0 &#8220;suspeitos&#8221; planos de metas meritocr\u00e1ticos, segregando a maior parte das escolas, alunos e professores.<\/p>\n<p>Portanto, h\u00e1 uma forte dimens\u00e3o ideol\u00f3gica na louv\u00e1vel luta dos estudantes secundaristas. Com a crescente do movimento entre os alunos, pais, professores e apoio de outros setores da sociedade, o governo do Estado do Rio de Janeiro atrav\u00e9s da secretaria de educa\u00e7\u00e3o, ao inv\u00e9s de dialogar com as pautas reivindicadas, t\u00eam articulado e apostado em incentivar e organizar o movimento reacion\u00e1rio &#8220;Desocupa&#8221;.<\/p>\n<p>O movimento &#8220;Desocupa&#8221; que se op\u00f5e aos ocupantes \u00e9 composto n\u00e3o apenas por alunos, pais e professores &#8220;fura greve&#8221;, mas tamb\u00e9m, ao que tudo indica, por infiltrados a mando do governo estadual. Sob a justificativa de que as ocupa\u00e7\u00f5es n\u00e3o representam uma democracia de fato, as pautas s\u00e3o esvaziadas de conte\u00fado pedag\u00f3gico ou de qualquer tentativa de mudan\u00e7a real das estruturas educacionais. \u00c9 ter aula pelo simples fato de ter aula, sem qualquer senso cr\u00edtico acerca do espa\u00e7o escolar. Esse movimento vem amea\u00e7ando e agredindo fisicamente os estudantes que ocupam escolas no Rio de Janeiro. Trata-se da resposta organizada mais reacion\u00e1ria e anti-democr\u00e1tica contra a grande luta dos estudantes secundaristas<\/p>\n<p>Neste sentido, o PCB e a UJC se solidarizam com as lutas dos estudantes secundaristas! Conclamamos todas as for\u00e7as democr\u00e1ticas e de esquerda a se solidarizarem com a luta dos estudantes a fim de garantir a integridade f\u00edsica dos mesmos e o direito de protesto. \u00c9 hora de criarmos uma ampla rede de apoio popular e solidariedade aos estudantes em luta que ocupam as escolas pacificamente. Qualquer apoio material e simb\u00f3lico \u00e9 de grande valia para valorizarmos, protegermos e apoiarmos o grande exemplo que os jovens secundaristas vem ensinando ao povo brasileiro nos \u00faltimos meses.<\/p>\n<p>Viva a luta dos estudantes secundaristas!<\/p>\n<p>Fascistas n\u00e3o passar\u00e3o!<\/p>\n<p><b>Partido Comunista Brasileiro\/RJ<\/b><\/p>\n<p>Uni\u00e3o da Juventude Comunista\/RJ<\/p>\n","protected":false},"excerpt":{"rendered":"(Nota Pol\u00edtica do PCB\/RJ e UJC\/RJ) Rio de Janeiro, 12 de maio de 2016. O PCB e a UJC, no Estado do Rio \n<a class=\"moretag\" href=\"https:\/\/pcb.org.br\/portal2\/11090\"> <\/a>","protected":false},"author":1,"featured_media":0,"comment_status":"closed","ping_status":"closed","sticky":false,"template":"","format":"standard","meta":{"jetpack_post_was_ever_published":false,"_jetpack_newsletter_access":"","_jetpack_dont_email_post_to_subs":false,"_jetpack_newsletter_tier_id":0,"_jetpack_memberships_contains_paywalled_content":false,"_jetpack_memberships_contains_paid_content":false,"footnotes":"","jetpack_publicize_message":"","jetpack_publicize_feature_enabled":true,"jetpack_social_post_already_shared":true,"jetpack_social_options":{"image_generator_settings":{"template":"highway","default_image_id":0,"font":"","enabled":false},"version":2}},"categories":[108],"tags":[],"class_list":["post-11090","post","type-post","status-publish","format-standard","hentry","category-c121-estudantil"],"jetpack_publicize_connections":[],"jetpack_featured_media_url":"","jetpack_shortlink":"https:\/\/wp.me\/p659gw-2SS","jetpack-related-posts":[],"jetpack_likes_enabled":true,"jetpack_sharing_enabled":true,"_links":{"self":[{"href":"https:\/\/pcb.org.br\/portal2\/wp-json\/wp\/v2\/posts\/11090","targetHints":{"allow":["GET"]}}],"collection":[{"href":"https:\/\/pcb.org.br\/portal2\/wp-json\/wp\/v2\/posts"}],"about":[{"href":"https:\/\/pcb.org.br\/portal2\/wp-json\/wp\/v2\/types\/post"}],"author":[{"embeddable":true,"href":"https:\/\/pcb.org.br\/portal2\/wp-json\/wp\/v2\/users\/1"}],"replies":[{"embeddable":true,"href":"https:\/\/pcb.org.br\/portal2\/wp-json\/wp\/v2\/comments?post=11090"}],"version-history":[{"count":0,"href":"https:\/\/pcb.org.br\/portal2\/wp-json\/wp\/v2\/posts\/11090\/revisions"}],"wp:attachment":[{"href":"https:\/\/pcb.org.br\/portal2\/wp-json\/wp\/v2\/media?parent=11090"}],"wp:term":[{"taxonomy":"category","embeddable":true,"href":"https:\/\/pcb.org.br\/portal2\/wp-json\/wp\/v2\/categories?post=11090"},{"taxonomy":"post_tag","embeddable":true,"href":"https:\/\/pcb.org.br\/portal2\/wp-json\/wp\/v2\/tags?post=11090"}],"curies":[{"name":"wp","href":"https:\/\/api.w.org\/{rel}","templated":true}]}}