{"id":11093,"date":"2016-05-19T15:19:38","date_gmt":"2016-05-19T18:19:38","guid":{"rendered":"http:\/\/pcb.org.br\/portal2\/?p=11093"},"modified":"2016-06-02T19:12:42","modified_gmt":"2016-06-02T22:12:42","slug":"presidente-maduro-convoca-o-povo-venezuelano-para-defender-a-soberania-do-pais","status":"publish","type":"post","link":"https:\/\/pcb.org.br\/portal2\/11093","title":{"rendered":"Presidente Maduro convoca o povo venezuelano para defender a soberania do pa\u00eds"},"content":{"rendered":"<p><img data-recalc-dims=\"1\" height=\"400\" width=\"620\" decoding=\"async\" class=\"imagem\" title=\"imagem\" src=\"https:\/\/i0.wp.com\/www.resumenlatinoamericano.org\/wp-content\/uploads\/2016\/05\/021_eg_1350_14578156311457969814-620x400.jpg?resize=620%2C400\" alt=\"imagem\" \/>RESUMEN LATINOAMERICANO, 14 DE MAIO DE 2016 \u2013 O presidente da Rep\u00fablica, Nicol\u00e1s Maduro, chamou neste s\u00e1bado o povo venezuelano para defender com firmeza a paz do pa\u00eds, atrav\u00e9s do trabalho articulado e da uni\u00e3o c\u00edvico-militar, ante as pretens\u00f5es intervencionistas promovidas por fatores externos.<!--more--><\/p>\n<p>\u201cTemos que fazer tudo que estiver ao nosso alcance e mais um pouco, que ningu\u00e9m durma. Temos que defender este pa\u00eds com a justi\u00e7a, com a Constitui\u00e7\u00e3o, com as leis, com o trabalho, com a educa\u00e7\u00e3o, com a consci\u00eancia\u201d, disse o mandat\u00e1rio, em refer\u00eancia \u00e0s declara\u00e7\u00f5es do ex-presidente colombiano \u00c1lvaro Uribe V\u00e9lez, que requer uma interven\u00e7\u00e3o armada na Venezuela por parte de um ex\u00e9rcito internacional.<\/p>\n<p>Com estes apontamentos, Uribe \u201cdisse uma das coisas mais graves que jamais uma autoridade, ex-presidente na Col\u00f4mbia ou Am\u00e9rica tenha dito sobre a Venezuela. Ontem, solicitou uma interven\u00e7\u00e3o armada de um ex\u00e9rcito estrangeiro nesta p\u00e1tria sagrada\u201d, expressou o chefe de Estado durante a ativa\u00e7\u00e3o do Motor da Economia Comunal da Agenda Econ\u00f4mica Bolivariana, realizada na pra\u00e7a Diego Ibarra, em Caracas.<\/p>\n<p>Em dita atividade, informou que a partir do s\u00e1bado a For\u00e7a Armada Nacional Bolivariana (FANB) efetuar\u00e1 exerc\u00edcios militares, com participa\u00e7\u00e3o do Poder Popular e da Mil\u00edcia Bolivariana, para enfrentar qualquer a\u00e7\u00e3o que pretendam impulsionar os setores imperiais.<\/p>\n<p>\u201cNo pr\u00f3ximo dia 21 de maio, diremos ao imperialismo, \u00e0 direita internacional e a \u00c1lvaro Uribe V\u00e9lez que aqui est\u00e1 o povo com seus instrumentos de lavoura em uma m\u00e3o\u201d e na outra, uma ferramenta de defesa para proteger \u201cesta terra sagrada dos libertadores da Am\u00e9rica\u201d, manifestou em transmiss\u00e3o conjunta de r\u00e1dio e televis\u00e3o.<\/p>\n<p>Expressou tamb\u00e9m que o pronunciamento de Uribe \u00e9 raz\u00e3o suficiente para que seja denunciado ante os organismos internacionais, pedindo que o Minist\u00e9rio P\u00fablico e o Poder Judici\u00e1rio avaliem as a\u00e7\u00f5es pertinentes.<\/p>\n<p>\u201cO que fez \u00c1lvaro Uribe constitui um crime internacional\u201d e, frente a isso, a Venezuela \u201cativar\u00e1 todas as a\u00e7\u00f5es nacionais e internacionais para process\u00e1-lo a n\u00edvel internacional. N\u00e3o vamos permitir que a paz do pa\u00eds seja amea\u00e7ada\u201d, disse o chefe de Estado venezuelano.<\/p>\n<p>Fonte: http:\/\/www.resumenlatinoamericano.org\/2016\/05\/15\/presidente-maduro-convoca-al-pueblo-venezolano-a-defender-soberania-del-pais\/<\/p>\n<p>Tradu\u00e7\u00e3o: Partido Comunista Brasileiro (PCB)<\/p>\n","protected":false},"excerpt":{"rendered":"RESUMEN LATINOAMERICANO, 14 DE MAIO DE 2016 \u2013 O presidente da Rep\u00fablica, Nicol\u00e1s Maduro, chamou neste s\u00e1bado o povo venezuelano para defender com \n<a class=\"moretag\" href=\"https:\/\/pcb.org.br\/portal2\/11093\"> <\/a>","protected":false},"author":1,"featured_media":0,"comment_status":"closed","ping_status":"closed","sticky":false,"template":"","format":"standard","meta":{"jetpack_post_was_ever_published":false,"_jetpack_newsletter_access":"","_jetpack_dont_email_post_to_subs":false,"_jetpack_newsletter_tier_id":0,"_jetpack_memberships_contains_paywalled_content":false,"_jetpack_memberships_contains_paid_content":false,"footnotes":"","jetpack_publicize_message":"","jetpack_publicize_feature_enabled":true,"jetpack_social_post_already_shared":true,"jetpack_social_options":{"image_generator_settings":{"template":"highway","default_image_id":0,"font":"","enabled":false},"version":2}},"categories":[45],"tags":[],"class_list":["post-11093","post","type-post","status-publish","format-standard","hentry","category-c54-venezuela"],"jetpack_publicize_connections":[],"jetpack_featured_media_url":"","jetpack_shortlink":"https:\/\/wp.me\/p659gw-2SV","jetpack-related-posts":[],"jetpack_likes_enabled":true,"jetpack_sharing_enabled":true,"_links":{"self":[{"href":"https:\/\/pcb.org.br\/portal2\/wp-json\/wp\/v2\/posts\/11093","targetHints":{"allow":["GET"]}}],"collection":[{"href":"https:\/\/pcb.org.br\/portal2\/wp-json\/wp\/v2\/posts"}],"about":[{"href":"https:\/\/pcb.org.br\/portal2\/wp-json\/wp\/v2\/types\/post"}],"author":[{"embeddable":true,"href":"https:\/\/pcb.org.br\/portal2\/wp-json\/wp\/v2\/users\/1"}],"replies":[{"embeddable":true,"href":"https:\/\/pcb.org.br\/portal2\/wp-json\/wp\/v2\/comments?post=11093"}],"version-history":[{"count":0,"href":"https:\/\/pcb.org.br\/portal2\/wp-json\/wp\/v2\/posts\/11093\/revisions"}],"wp:attachment":[{"href":"https:\/\/pcb.org.br\/portal2\/wp-json\/wp\/v2\/media?parent=11093"}],"wp:term":[{"taxonomy":"category","embeddable":true,"href":"https:\/\/pcb.org.br\/portal2\/wp-json\/wp\/v2\/categories?post=11093"},{"taxonomy":"post_tag","embeddable":true,"href":"https:\/\/pcb.org.br\/portal2\/wp-json\/wp\/v2\/tags?post=11093"}],"curies":[{"name":"wp","href":"https:\/\/api.w.org\/{rel}","templated":true}]}}