{"id":1138,"date":"2011-01-17T19:17:57","date_gmt":"2011-01-17T19:17:57","guid":{"rendered":"http:\/\/pcb.org.br\/portal2\/?p=1138"},"modified":"2011-01-17T19:17:57","modified_gmt":"2011-01-17T19:17:57","slug":"vitoria-do-internacionalismo-e-da-solidariedade-dos-povos","status":"publish","type":"post","link":"https:\/\/pcb.org.br\/portal2\/1138","title":{"rendered":"Vit\u00f3ria do internacionalismo e da solidariedade dos povos!"},"content":{"rendered":"\n<p>O Movimento Continental Bolivariano sa\u00fada a decis\u00e3o do Juiz Mu\u00f1oz e celebra a liberdade do camarada Manuel Olate, que retorna para sua fam\u00edlia, seu partido. Agradecemos ao comit\u00ea de solidariedade com as lutas do povo colombiano pela vit\u00f3ria de mais esse cap\u00edtulo chileno do MCB.<\/p>\n<p>A senten\u00e7a que recha\u00e7a a peti\u00e7\u00e3o de extradi\u00e7\u00e3o deixa clara a manipula\u00e7\u00e3o e mancomuna\u00e7\u00e3o entre o governo colombiano e o Minist\u00e9rio P\u00fablico chileno. Este se excedeu em suas fun\u00e7\u00f5es e objetivou perseguir e criminalizar a solidariedade. \u00c9 importante assinalar que a senten\u00e7a assumiu o car\u00e1ter beligerante e n\u00e3o terrorista das FARC, tal como \u00e9 admitido pela maioria dos pa\u00edses da Am\u00e9rica Latina, exceto a Col\u00f4mbia e o Peru. A decis\u00e3o desfavorece as supostas provas da Col\u00f4mbia que foram obtidas mediante um crime internacional, como foi o bombardeio extra-territorial ao acampamento de Ra\u00fal Reyes, e do relato de uma testemunha colombiana protegida. Por conta das inconsist\u00eancias em suas declara\u00e7\u00f5es, um a um dos pilares da entremeada montagem, orquestrada pela intelig\u00eancia colombiana e pela imprensa do Chile e da Col\u00f4mbia, foram caindo de maneira lapidar.<\/p>\n<p>Saudamos e agradecemos todas as demonstra\u00e7\u00f5es de solidariedade internacional, vindas de todas as partes do mundo, reclamando a liberdade de Manuel. Dizemos a todos que esta grande vit\u00f3ria \u00e9 de voc\u00eas, da raz\u00e3o, da perseveran\u00e7a e da unidade daqueles que lutam pela vida e pela paz.<\/p>\n<p>Fazemos um pedido: \u00e9 necess\u00e1rio nos mantermos em estado de alerta durante toda esta semana. Existe a possibilidade de uma apela\u00e7\u00e3o \u00e0 senten\u00e7a em primeira inst\u00e2ncia. Assim, \u00e9 preciso redobrar a luta pela liberdade de todas as presas e presos pol\u00edticos do mundo.<\/p>\n<p>O MCB reafirma seu compromisso com as lutas de nossos povos pela p\u00e1tria grande, pelo socialismo e pela segunda e definitiva independ\u00eancia.<\/p>\n<p>Carlos Casanueva Troncoso<\/p>\n<p>Secret\u00e1rio Geral<\/p>\n<p>Movimento Continental Bolivariano.<\/p>\n<p>Agradecemos sua solidariedade e compromisso. Para sua maior informa\u00e7\u00e3o, deixamos os seguintes endere\u00e7os:<\/p>\n<p><a href=\"http:\/\/www.abpnoticias.com\/index.php?option=com_k2&amp;view=item&amp;id=264:manuel-olate-en-libertad-el-derrumbe-de-un-montaje\" target=\"_blank\">http:\/\/www.abpnoticias.com\/index.php?option=com_k2&amp;view=item&amp;id=264:manuel-olate-en-libertad-el-derrumbe-de-un-montaje<\/a><\/p>\n<p><a href=\"http:\/\/www.poderjudicial.cl\/modulos\/Home\/Noticias\/PRE_noticias.php?cod=2887&amp;opc_menu=0&amp;opc_menu=&amp;opc_item\" target=\"_blank\">http:\/\/www.poderjudicial.cl\/modulos\/Home\/Noticias\/PRE_noticias.php?cod=2887&amp;opc_menu=0&amp;opc_menu=&amp;opc_item<\/a><a href=\"http:\/\/www.poderjudicial.cl\/modulos\/Home\/Noticias\/PRE_noticias.php?cod=2887&amp;opc_menu=0&amp;opc_menu=&amp;opc_item=\" target=\"_blank\">=<\/a><\/p>\n<p>Tradu\u00e7\u00e3o: Maria Fernanda M. Scelza<\/p>\n","protected":false},"excerpt":{"rendered":"\n\n\nCr\u00e9dito: ABP Noticias\n\n\n\n\n\n\n\n\nChile\n<a class=\"moretag\" href=\"https:\/\/pcb.org.br\/portal2\/1138\"> <\/a>","protected":false},"author":1,"featured_media":0,"comment_status":"open","ping_status":"open","sticky":false,"template":"","format":"standard","meta":{"jetpack_post_was_ever_published":false,"_jetpack_newsletter_access":"","_jetpack_dont_email_post_to_subs":false,"_jetpack_newsletter_tier_id":0,"_jetpack_memberships_contains_paywalled_content":false,"_jetpack_memberships_contains_paid_content":false,"footnotes":"","jetpack_publicize_message":"","jetpack_publicize_feature_enabled":true,"jetpack_social_post_already_shared":false,"jetpack_social_options":{"image_generator_settings":{"template":"highway","default_image_id":0,"font":"","enabled":false},"version":2}},"categories":[71],"tags":[],"class_list":["post-1138","post","type-post","status-publish","format-standard","hentry","category-c84-solidariedade"],"jetpack_publicize_connections":[],"jetpack_featured_media_url":"","jetpack_shortlink":"https:\/\/wp.me\/p659gw-im","jetpack-related-posts":[],"jetpack_likes_enabled":true,"jetpack_sharing_enabled":true,"_links":{"self":[{"href":"https:\/\/pcb.org.br\/portal2\/wp-json\/wp\/v2\/posts\/1138","targetHints":{"allow":["GET"]}}],"collection":[{"href":"https:\/\/pcb.org.br\/portal2\/wp-json\/wp\/v2\/posts"}],"about":[{"href":"https:\/\/pcb.org.br\/portal2\/wp-json\/wp\/v2\/types\/post"}],"author":[{"embeddable":true,"href":"https:\/\/pcb.org.br\/portal2\/wp-json\/wp\/v2\/users\/1"}],"replies":[{"embeddable":true,"href":"https:\/\/pcb.org.br\/portal2\/wp-json\/wp\/v2\/comments?post=1138"}],"version-history":[{"count":0,"href":"https:\/\/pcb.org.br\/portal2\/wp-json\/wp\/v2\/posts\/1138\/revisions"}],"wp:attachment":[{"href":"https:\/\/pcb.org.br\/portal2\/wp-json\/wp\/v2\/media?parent=1138"}],"wp:term":[{"taxonomy":"category","embeddable":true,"href":"https:\/\/pcb.org.br\/portal2\/wp-json\/wp\/v2\/categories?post=1138"},{"taxonomy":"post_tag","embeddable":true,"href":"https:\/\/pcb.org.br\/portal2\/wp-json\/wp\/v2\/tags?post=1138"}],"curies":[{"name":"wp","href":"https:\/\/api.w.org\/{rel}","templated":true}]}}