{"id":1139,"date":"2011-01-19T20:04:42","date_gmt":"2011-01-19T20:04:42","guid":{"rendered":"http:\/\/pcb.org.br\/portal2\/?p=1139"},"modified":"2011-01-19T20:04:42","modified_gmt":"2011-01-19T20:04:42","slug":"contra-a-construcao-da-usina-de-belo-monte","status":"publish","type":"post","link":"https:\/\/pcb.org.br\/portal2\/1139","title":{"rendered":"CONTRA A CONSTRU\u00c7\u00c3O DA USINA DE BELO MONTE"},"content":{"rendered":"\n<p><a href=\"http:\/\/www.youtube.com\/watch?v=4k0X1bHjf3E\" target=\"_blank\">http:\/\/www.youtube.com\/watch?v=4k0X1bHjf3E<\/a><\/p>\n<p><a href=\"http:\/\/www.avaaz.org\/po\/pare_belo_monte\/97.php\" target=\"_blank\">http:\/\/www.avaaz.org\/po\/pare_belo_monte\/97.php<\/a><\/p>\n<p>Abelardo Bayama Azevedo, que renunciou \u00e0 Presid\u00eancia do IBAMA, n\u00e3o \u00e9 a primeira ren\u00fancia causada pela press\u00e3o para construir Belo Monte. Seu antecessor, Roberto Messias, tamb\u00e9m renunciou pelo mesmo motivo ano passado, e a pr\u00f3pria Marina Silva tamb\u00e9m renunciou ao Minist\u00e9rio do Meio Ambiente por desafiar Belo Monte.<\/p>\n<p>A Eletronorte, empresa que mais ir\u00e1 lucrar com Belo Monte, est\u00e1 demandando que o IBAMA libere a licen\u00e7a ambiental para come\u00e7ar as obras mesmo com o projeto apresentando graves irregularidades. Por\u00e9m, em uma democracia, os interesses financeiros n\u00e3o podem passar por cima das prote\u00e7\u00f5es ambientais legais \u2013 ao menos n\u00e3o sem comprarem uma briga.<\/p>\n<p>A hidrel\u00e9trica iria inundar 100.000 hectares da floresta, impactar centenas de quil\u00f4metros do Rio Xingu e expulsar mais de 40.000 pessoas, incluindo comunidades ind\u00edgenas de v\u00e1rias etnias que dependem do Xingu para sua sobreviv\u00eancia. O projeto de R$30 bilh\u00f5es \u00e9 t\u00e3o economicamente arriscado que o governo precisou usar fundos de pens\u00e3o e financiamento p\u00fablico para pagar a maior parte do investimento. Apesar de ser a terceira maior hidrel\u00e9trica do mundo, ela seria a menos produtiva, gerando apenas 10% da sua capacidade no per\u00edodo da seca, de julho a outubro.<\/p>\n<p>Os defensores da barragem justificam o projeto dizendo que ele ir\u00e1 suprir as demandas de energia do Brasil. Por\u00e9m, uma fonte de energia muito maior, mais ecol\u00f3gica e barata est\u00e1 dispon\u00edvel: a efici\u00eancia energ\u00e9tica. Um estudo do WWF demonstra que somente a efici\u00eancia poderia economizar o equivalente a 14 Belo Montes at\u00e9 2020. Todos se beneficiariam de um planejamento genuinamente verde, ao inv\u00e9s de poucas empresas e empreiteiras. Por\u00e9m, s\u00e3o as empreiteiras que contratam lobistas e tem for\u00e7a pol\u00edtica \u2013 a n\u00e3o ser claro, que um n\u00famero suficiente de n\u00f3s da sociedade, nos dispormos a erguer nossas vozes e nos mobilizar.<\/p>\n<p>A constru\u00e7\u00e3o de Belo Monte pode come\u00e7ar ainda em fevereiro.O Ministro das Minas e Energia, Edson Lob\u00e3o, diz que a pr\u00f3xima licen\u00e7a ser\u00e1 aprovada em breve, portanto temos pouco tempo para parar Belo Monte antes que as escavadeiras comecem a trabalhar. Vamos desafiar a Dilma no seu primeiro m\u00eas na presid\u00eancia, com um chamado ensurdecedor para ela fazer a coisa certa: parar Belo Monte, assine agora:<\/p>\n<p><a href=\"http:\/\/www.avaaz.org\/po\/pare_belo_monte\/97.php\" target=\"_blank\">http:\/\/www.avaaz.org\/po\/pare_belo_monte\/97.php<\/a><\/p>\n<p>Acreditamos em um Brasil do futuro, que trar\u00e1 progresso nas negocia\u00e7\u00f5es clim\u00e1ticas e que ir\u00e1 unir pa\u00edses do norte e do sul, se tornando um mediador de bom senso e esperan\u00e7a na pol\u00edtica global. Agora, esta esperan\u00e7a ser\u00e1 depositada na Presidente Dilma. Vamos desafi\u00e1-la a rejeitar Belo Monte e buscar um caminho melhor. N\u00f3s a convidamos a honrar esta oportunidade, criando um futuro para todos nos, desde as tribos do Xingu \u00e0s crian\u00e7as dos centros urbanos, o qual todos n\u00f3s podemos ter orgulho.<\/p>\n<p>Com esperan\u00e7a<\/p>\n<p>Ben, Graziela, Alice, Ricken, Rewan e toda a equipe da Avaaz<\/p>\n<p>Fontes:<\/p>\n<p>Belo Monte derruba presidente do Ibama:<\/p>\n<p><a href=\"http:\/\/colunas.epoca.globo.com\/politico\/2011\/01\/12\/belo-monte-derruba-presidente-do-ibama\/\" target=\"_blank\">http:\/\/colunas.epoca.globo.com\/politico\/2011\/01\/12\/belo-monte-derruba-presidente-do-ibama\/<\/a><\/p>\n<p>Belo Monte ser\u00e1 hidrel\u00e9trica menos produtiva e mais cara, dizem t\u00e9cnicos:<\/p>\n<p><a href=\"http:\/\/g1.globo.com\/economia-e-negocios\/noticia\/2010\/04\/belo-monte-sera-hidreletrica-menos-produtiva-e-mais-cara-dizem-tecnicos.html\" target=\"_blank\">http:\/\/g1.globo.com\/economia-e-negocios\/noticia\/2010\/04\/belo-monte-sera-hidreletrica-menos-produtiva-e-mais-cara-dizem-tecnicos.html<\/a><\/p>\n<p>V\u00eddeo sobre impacto de Belo Monte:<\/p>\n<p><a href=\"http:\/\/www.youtube.com\/watch?v=4k0X1bHjf3E\" target=\"_blank\">http:\/\/www.youtube.com\/watch?v=4k0X1bHjf3E<\/a><\/p>\n<p>Uma discuss\u00e3o para nos iluminar:<\/p>\n<p><a href=\"http:\/\/www.estadao.com.br\/estadaodehoje\/20101224\/not_imp657702,0.php\" target=\"_blank\">http:\/\/www.estadao.com.br\/estadaodehoje\/20101224\/not_imp657702,0.php<\/a><\/p>\n<p>Dilma: desenvolvimento com preserva\u00e7\u00e3o do meio ambiente \u00e9 &#8220;miss\u00e3o sagrada&#8221;:<\/p>\n<p><a href=\"http:\/\/www.pernambuco.com\/ultimas\/nota.asp?materia=20110101161250&amp;assunto=27&amp;onde=Politica\" target=\"_blank\">http:\/\/www.pernambuco.com\/ultimas\/nota.asp?materia=20110101161250&amp;assunto=27&amp;onde=Politica<\/a><\/p>\n<p>Em nota, 56 entidades chamam concess\u00e3o de Belo Monte de &#8216;senten\u00e7a de morte do Xingu&#8217;:<\/p>\n<p><a href=\"http:\/\/oglobo.globo.com\/economia\/mat\/2010\/08\/26\/em-nota-56-entidades-chamam-concessao-de-belo-monte-de-sentenca-de-morte-do-xingu-917481377.asp\" target=\"_blank\">http:\/\/oglobo.globo.com\/economia\/mat\/2010\/08\/26\/em-nota-56-entidades-chamam-concessao-de-belo-monte-de-sentenca-de-morte-do-xingu-917481377.asp<\/a><\/p>\n<p>Marina Silva considera &#8216;graves&#8217; as press\u00f5es sobre o Ibama:<\/p>\n<p><a href=\"http:\/\/www.estadao.com.br\/noticias\/economia,marina-silva-considera-graves-as-pressoes-sobre-o-ibama,475782,0.htm\" target=\"_blank\">http:\/\/www.estadao.com.br\/noticias\/economia,marina-silva-considera-graves-as-pressoes-sobre-o-ibama,475782,0.htm<\/a><\/p>\n<p>Seguran\u00e7a energ\u00e9tica, alternativas e vis\u00e3o do WWF-Brasil:<\/p>\n<p><a href=\"http:\/\/assets.wwfbr.panda.org\/downloads\/posicao_barragens_wwf_brasil.pdf\" target=\"_blank\">http:\/\/assets.wwfbr.panda.org\/downloads\/posicao_barragens_wwf_brasil.pdf<\/a><\/p>\n<hr \/>\n<p><strong>A Avaaz \u00e9 uma rede de campanhas globais de 5,6 milh\u00f5es de pessoas<\/strong> que se mobiliza para garantir que os valores e vis\u00f5es da sociedade civil global influenciem quest\u00f5es pol\u00edticas internacionais. (&#8220;Avaaz&#8221; significa &#8220;voz&#8221; e &#8220;can\u00e7\u00e3o&#8221; em v\u00e1rias l\u00ednguas). Membros da Avaaz vivem em todos os pa\u00edses do planeta e a nossa equipe est\u00e1 espalhada em 13 pa\u00edses de 4 continentes, operando em 14 l\u00ednguas. Saiba mais sobre as nossas campanhas <a href=\"http:\/\/avaaz.org\/po\/july_2009_report_back\" target=\"_blank\">aqui<\/a>, nos siga no <a href=\"http:\/\/www.facebook.com\/Avaaz\" target=\"_blank\">Facebook<\/a> ou <a href=\"http:\/\/twitter.com\/Avaaz\" target=\"_blank\">Twitter<\/a>.<\/p>\n<p>Esta mensagem foi enviada para <a href=\"mailto:leomoji@gmail.com\" target=\"_blank\">leomoji@gmail.com<\/a>. Para mudar o seu email, l\u00edngua ou outras informa\u00e7\u00f5es, envie um email para info [@]t <a href=\"http:\/\/avaaz.org\/\" target=\"_blank\">avaaz.org<\/a>. N\u00e3o quer mais receber nossos alertas? <a href=\"https:\/\/secure.avaaz.org\/act\/?r=unsub&amp;email=leomoji@gmail.com&amp;lang=po&amp;cid=1092\" target=\"_blank\">Clique aqui para remover o seu email<\/a>.Para entrar em contato com a Avaaz, <strong>n\u00e3o responda este email<\/strong>, escreva para n\u00f3s no link <a href=\"http:\/\/www.avaaz.org\/po\/contact?footer\" target=\"_blank\">www.avaaz.org\/po\/contact<\/a>.<\/p>\n","protected":false},"excerpt":{"rendered":"\n\n\nCr\u00e9dito: Avaaz.org\n\n\n\n\n\n\n\n\nAvaaz.org\n<a class=\"moretag\" href=\"https:\/\/pcb.org.br\/portal2\/1139\"> <\/a>","protected":false},"author":1,"featured_media":0,"comment_status":"open","ping_status":"open","sticky":false,"template":"","format":"standard","meta":{"jetpack_post_was_ever_published":false,"_jetpack_newsletter_access":"","_jetpack_dont_email_post_to_subs":false,"_jetpack_newsletter_tier_id":0,"_jetpack_memberships_contains_paywalled_content":false,"_jetpack_memberships_contains_paid_content":false,"footnotes":"","jetpack_publicize_message":"","jetpack_publicize_feature_enabled":true,"jetpack_social_post_already_shared":false,"jetpack_social_options":{"image_generator_settings":{"template":"highway","default_image_id":0,"font":"","enabled":false},"version":2}},"categories":[54],"tags":[],"class_list":["post-1139","post","type-post","status-publish","format-standard","hentry","category-c65-lulismo"],"jetpack_publicize_connections":[],"jetpack_featured_media_url":"","jetpack_shortlink":"https:\/\/wp.me\/p659gw-in","jetpack-related-posts":[],"jetpack_likes_enabled":true,"jetpack_sharing_enabled":true,"_links":{"self":[{"href":"https:\/\/pcb.org.br\/portal2\/wp-json\/wp\/v2\/posts\/1139","targetHints":{"allow":["GET"]}}],"collection":[{"href":"https:\/\/pcb.org.br\/portal2\/wp-json\/wp\/v2\/posts"}],"about":[{"href":"https:\/\/pcb.org.br\/portal2\/wp-json\/wp\/v2\/types\/post"}],"author":[{"embeddable":true,"href":"https:\/\/pcb.org.br\/portal2\/wp-json\/wp\/v2\/users\/1"}],"replies":[{"embeddable":true,"href":"https:\/\/pcb.org.br\/portal2\/wp-json\/wp\/v2\/comments?post=1139"}],"version-history":[{"count":0,"href":"https:\/\/pcb.org.br\/portal2\/wp-json\/wp\/v2\/posts\/1139\/revisions"}],"wp:attachment":[{"href":"https:\/\/pcb.org.br\/portal2\/wp-json\/wp\/v2\/media?parent=1139"}],"wp:term":[{"taxonomy":"category","embeddable":true,"href":"https:\/\/pcb.org.br\/portal2\/wp-json\/wp\/v2\/categories?post=1139"},{"taxonomy":"post_tag","embeddable":true,"href":"https:\/\/pcb.org.br\/portal2\/wp-json\/wp\/v2\/tags?post=1139"}],"curies":[{"name":"wp","href":"https:\/\/api.w.org\/{rel}","templated":true}]}}