{"id":11433,"date":"2021-07-27T16:59:59","date_gmt":"2021-07-27T19:59:59","guid":{"rendered":"http:\/\/pcb.org.br\/portal2\/?p=11433"},"modified":"2021-07-27T17:51:43","modified_gmt":"2021-07-27T20:51:43","slug":"o-aumento-do-preco-do-gas-e-as-privatizacoes","status":"publish","type":"post","link":"https:\/\/pcb.org.br\/portal2\/11433","title":{"rendered":"O aumento do pre\u00e7o do g\u00e1s e as privatiza\u00e7\u00f5es"},"content":{"rendered":"<p><img decoding=\"async\" class=\"imagem\" src=\"http:\/\/i0.wp.com\/riparodasolo.it\/wp-content\/uploads\/2013\/04\/fornelli-gas-1024x768.jpg\" alt=\"imagem\" \/><!--more-->Por Vanessa Freitas<\/p>\n<p>Jornal O MOMENTO &#8211; PCB da Bahia<\/p>\n<p>O Aumento do Pre\u00e7o do G\u00e1s e a Pol\u00edtica de Privatiza\u00e7\u00f5es<\/p>\n<p>Os custos da atual crise no Brasil continuam a recair sobre os trabalhadores mais empobrecidos. A realidade \u00e9 cada vez mais alarmante: grande parte da popula\u00e7\u00e3o atua na informalidade, sem nenhuma garantia de renda mensal, ao passo que a taxa de desocupa\u00e7\u00e3o em Salvador j\u00e1 atinge 21,3%, segundo dados do IBGE. As fam\u00edlias brasileiras, dantes enfrentando o desemprego e a inseguran\u00e7a alimentar \u2013 considerando o aumento do pre\u00e7o da cesta b\u00e1sica desde o \u00faltimo trimestre de 2020 -, seguem enfrentando o crescente pre\u00e7o do g\u00e1s de cozinha, que incide diretamente nas condi\u00e7\u00f5es de acesso e consumo da classe trabalhadora.<\/p>\n<p>No in\u00edcio de junho deste ano, a Petrobr\u00e1s anunciou um reajuste de 5,9% no pre\u00e7o do GLP (G\u00e1s Liquefeito de Petr\u00f3leo), e estima-se que o pre\u00e7o de um \u00fanico botij\u00e3o pode ultrapassar a faixa dos R$100,00 em Salvador. Os pre\u00e7os do GLP variam de acordo com as distribuidoras dos bairros da capital baiana, com uma varia\u00e7\u00e3o de R$80,00 a R$95,00. O aumento do pre\u00e7o do g\u00e1s de cozinha dificulta ainda mais as condi\u00e7\u00f5es de vida da maioria da popula\u00e7\u00e3o, afetando tamb\u00e9m os pequenos comerciantes que trabalham no setor de servi\u00e7os de alimenta\u00e7\u00e3o, al\u00e9m dos trabalhadores informais, que, sem garantias, n\u00e3o conseguem arcar com o aumento excessivo dos custos.<\/p>\n<p>O reajuste do pre\u00e7o do g\u00e1s de cozinha, o GLP, \u00e9 um reflexo da pol\u00edtica ultraliberal que vem sendo orquestrada pelo Governo Federal, com sua agenda de privatiza\u00e7\u00f5es que entrega setores estrat\u00e9gicos nacionais ao mercado acionista. Tal aumento no montante do g\u00e1s se d\u00e1 pela atual Pol\u00edtica de Pre\u00e7os da Petrobr\u00e1s, que corresponde \u00e0 cota\u00e7\u00e3o do petr\u00f3leo no mercado internacional e n\u00e3o atende \u00e0 demanda do mercado interno, influenciando, portanto, no pre\u00e7o final do produto, que \u00e9 derivado do petr\u00f3leo. Dessa forma, esse processo impacta na comercializa\u00e7\u00e3o do g\u00e1s de cozinha, que \u00e9 um insumo de consumo popular.<\/p>\n<p>A defesa das estatais brasileiras contra a pol\u00edtica de privatiza\u00e7\u00f5es \u00e9 uma necessidade hist\u00f3rica, que atua na perspectiva de garantir autonomia e soberania do pa\u00eds frente ao capital privado, promovendo a capacidade de produ\u00e7\u00e3o e correspond\u00eancia da demanda nacional interna e superando as rela\u00e7\u00f5es de depend\u00eancia no com\u00e9rcio internacional, bem como o PPI (Pre\u00e7o de Paridade Internacional) que est\u00e1 em curso.<\/p>\n<p>Assegurar as condi\u00e7\u00f5es de acesso a produtos essenciais e o bem-estar da popula\u00e7\u00e3o, especialmente num cen\u00e1rio de pandemia, deveria ser quest\u00e3o priorit\u00e1ria; mas o governo Bolsonaro-Mour\u00e3o n\u00e3o opera com vistas a isso, pois seu projeto liberal \u00e9 antag\u00f4nico aos interesses da popula\u00e7\u00e3o pobre e perif\u00e9rica. Mais do que nunca, \u00e9 preciso defender as condi\u00e7\u00f5es de vida do povo brasileiro. Contra a precariza\u00e7\u00e3o, a fome e a cont\u00ednua retirada de direitos.<\/p>\n","protected":false},"excerpt":{"rendered":"<a class=\"moretag\" href=\"https:\/\/pcb.org.br\/portal2\/11433\"> <\/a>","protected":false},"author":1,"featured_media":0,"comment_status":"closed","ping_status":"closed","sticky":false,"template":"","format":"standard","meta":{"jetpack_post_was_ever_published":false,"_jetpack_newsletter_access":"","_jetpack_dont_email_post_to_subs":false,"_jetpack_newsletter_tier_id":0,"_jetpack_memberships_contains_paywalled_content":false,"_jetpack_memberships_contains_paid_content":false,"footnotes":"","jetpack_publicize_message":"","jetpack_publicize_feature_enabled":true,"jetpack_social_post_already_shared":true,"jetpack_social_options":{"image_generator_settings":{"template":"highway","default_image_id":0,"font":"","enabled":false},"version":2}},"categories":[105],"tags":[225],"class_list":["post-11433","post","type-post","status-publish","format-standard","hentry","category-c118-privatizacao","tag-4a"],"jetpack_publicize_connections":[],"jetpack_featured_media_url":"","jetpack_shortlink":"https:\/\/wp.me\/p659gw-2Yp","jetpack-related-posts":[],"jetpack_likes_enabled":true,"jetpack_sharing_enabled":true,"_links":{"self":[{"href":"https:\/\/pcb.org.br\/portal2\/wp-json\/wp\/v2\/posts\/11433","targetHints":{"allow":["GET"]}}],"collection":[{"href":"https:\/\/pcb.org.br\/portal2\/wp-json\/wp\/v2\/posts"}],"about":[{"href":"https:\/\/pcb.org.br\/portal2\/wp-json\/wp\/v2\/types\/post"}],"author":[{"embeddable":true,"href":"https:\/\/pcb.org.br\/portal2\/wp-json\/wp\/v2\/users\/1"}],"replies":[{"embeddable":true,"href":"https:\/\/pcb.org.br\/portal2\/wp-json\/wp\/v2\/comments?post=11433"}],"version-history":[{"count":0,"href":"https:\/\/pcb.org.br\/portal2\/wp-json\/wp\/v2\/posts\/11433\/revisions"}],"wp:attachment":[{"href":"https:\/\/pcb.org.br\/portal2\/wp-json\/wp\/v2\/media?parent=11433"}],"wp:term":[{"taxonomy":"category","embeddable":true,"href":"https:\/\/pcb.org.br\/portal2\/wp-json\/wp\/v2\/categories?post=11433"},{"taxonomy":"post_tag","embeddable":true,"href":"https:\/\/pcb.org.br\/portal2\/wp-json\/wp\/v2\/tags?post=11433"}],"curies":[{"name":"wp","href":"https:\/\/api.w.org\/{rel}","templated":true}]}}