{"id":11470,"date":"2016-07-01T18:35:16","date_gmt":"2016-07-01T21:35:16","guid":{"rendered":"http:\/\/pcb.org.br\/portal2\/?p=11470"},"modified":"2016-07-18T18:10:47","modified_gmt":"2016-07-18T21:10:47","slug":"povo-tupinamba-faz-apelo-as-autoridades-pedindo-o-fim-da-violencia-contra-indigenas","status":"publish","type":"post","link":"https:\/\/pcb.org.br\/portal2\/11470","title":{"rendered":"Povo Tupinamb\u00e1 faz apelo \u00e0s autoridades pedindo o fim da viol\u00eancia contra ind\u00edgenas"},"content":{"rendered":"<p><img data-recalc-dims=\"1\" decoding=\"async\" class=\"imagem\" title=\"imagem\" src=\"https:\/\/i0.wp.com\/www.cimi.org.br\/pub\/Bahia\/2016-03_Babau-teity_tupinamba_renato-santana-01.JPG?w=747\" alt=\"imagem\" \/>Caciques e lideran\u00e7as Tupinamb\u00e1 reunidos em Oliven\u00e7a, sul da Bahia, divulgaram na manh\u00e3 desta quarta-feira, 29, um comunicado pedindo o fim da viol\u00eancia e do preconceito contra os povos ind\u00edgenas. A manifesta\u00e7\u00e3o \u00e9 dirigida \u00e0s autoridades brasileiras e organismos internacionais diante das repetidas viola\u00e7\u00f5es de direitos humanos dos povos ind\u00edgenas no Brasil.<!--more--><\/p>\n<p>O Massacre de Caarap\u00f3, perpetrado por fazendeiros contra a aldeia Tey&#8217;i Jusu e que terminou com o assassinato do Guarani e Kaiow\u00e1 Clodiodi Aquileu Rodrigues de Souza, no \u00faltimo dia 14 de junho, al\u00e9m de outros seis baleados por tiros de arma de fogo, gerou revolta entre os Tupinamb\u00e1.<\/p>\n<p>\u201cN\u00f3s, povos ind\u00edgenas, sofremos quase que diariamente com ataques, criminaliza\u00e7\u00e3o e persegui\u00e7\u00f5es. Se n\u00e3o bastasse o sangue que nossos antepassados derramaram por essa Terra com o genoc\u00eddio sofrido pelo povo ind\u00edgena brasileiro\u201d, destaca trecho do comunicado. Os Tupinamb\u00e1 lembram que essa pol\u00edtica de genoc\u00eddio nasce no pr\u00f3prio Estado brasileiro, que com medidas Executivas e Legislativas tentam descontruir os direitos ind\u00edgenas.<\/p>\n<p>Os Tupinamb\u00e1 lembram ainda das declara\u00e7\u00f5es de \u00f3dio feitas pelos ruralistas. \u201cAssim como acontece com os parentes Guarani Kaiow\u00e1, n\u00f3s tamb\u00e9m sofremos ataques de mil\u00edcias armadas, e de muitos interesses pol\u00edticos da regi\u00e3o. Aproveitamos para repudiar todas as declara\u00e7\u00f5es caluniosas que s\u00e3o feitas aos nossos povos e pedimos provid\u00eancias da Justi\u00e7a brasileira e dos \u00f3rg\u00e3os internacionais de Direitos Humanos contra estas declara\u00e7\u00f5es\u201d, diz trecho do comunicado.<\/p>\n<p>Leia o comunicado na \u00edntegra:<\/p>\n<p>CHEGA DE VIOL\u00caNCIA E PRECONCEITO CONTRA OS POVOS IND\u00cdGENAS.<\/p>\n<p>N\u00f3s, povo Tupinamb\u00e1 da regi\u00e3o sul da Bahia queremos mostrar o nosso apoio e solidariedade ao povo Guarani e Kaiow\u00e1, e nossa total como\u00e7\u00e3o, revolta e indigna\u00e7\u00e3o com os recentes e constantes ataques contra nossos parentes. N\u00f3s povo ind\u00edgena sofremos quase que diariamente com ataques, criminaliza\u00e7\u00e3o, e persegui\u00e7\u00f5es. Se n\u00e3o bastasse o sangue que nossos antepassados derramaram por essa Terra com o genoc\u00eddio sofrido pelo povo ind\u00edgena do Brasil. Nos tempos de hoje continuam a nos atacar, perseguir, criminalizar. Em fim n\u00e3o se contentaram com os ataques aos povos com a cria\u00e7\u00e3o da PEC 215, PLP 227, portaria 303 da AGU. Resolveram voltar ao tempo dos coron\u00e9is e a ordem agora \u00e9 matar e extinguir os povos ind\u00edgenas no Brasil; o que j\u00e1 come\u00e7ou com os parentes Guarani Kaiow\u00e1. Queremos chamar a aten\u00e7\u00e3o da popula\u00e7\u00e3o brasileira e internacional para o que esta prestes a acontecer com nosso pa\u00eds. Ruralistas difamam e acusam que n\u00f3s povos ind\u00edgenas somos um empecilho para o progresso, mas n\u00e3o percebem que n\u00f3s estamos aqui para ajudar a manter e proteger nosso maior tesouro, que \u00e9 a m\u00e3e natureza &#8211; sem falar que s\u00e3o eles que s\u00e3o \u201cdonos\u201d de quase todo territ\u00f3rio nacional, representando 1% da popula\u00e7\u00e3o brasileira. A outra parte das terras fica para ser dividida com o restante dos brasileiros. A popula\u00e7\u00e3o precisa abrir os olhos, porque eles querem acabar com nosso Brasil.<\/p>\n<p>Com n\u00f3s, povo Tupinamb\u00e1 de Oliven\u00e7a situado nos munic\u00edpios de Ilh\u00e9us, Una e Buerarema, Bahia, n\u00e3o \u00e9 diferente e tamb\u00e9m estamos sofrendo com os ataques pol\u00edticos e a tiros. Na regi\u00e3o j\u00e1 s\u00e3o cerca de 30 assassinatos de ind\u00edgenas por conta dos conflitos relacionados ao processo de demarca\u00e7\u00e3o de terra, que vem rolando h\u00e1 cerca de 16 anos sem resposta concreta do governo federal. Agora recentemente o interesse sobre o nosso territ\u00f3rio vem atrav\u00e9s dos mineradores que visam tirar de nossa terra toda areia e min\u00e9rios que ainda n\u00e3o conseguiram nos roubar, mais os grandes empreendimentos que vem cada vez mais ocupando espa\u00e7os em nossa regi\u00e3o. Enquanto isso, mais uma vez sofremos: sem nossa Terra sagrada que o sangue de nossos antepassados foi derramou n\u00e3o temos como viver, porque a Terra \u00e9 nossa M\u00e3e e M\u00e3e n\u00e3o se negocia.<\/p>\n<p>Assim como acontece com os parentes Guarani Kaiow\u00e1, n\u00f3s tamb\u00e9m sofremos ataques de mil\u00edcias armadas e de muitos interesses pol\u00edticos da regi\u00e3o. Aproveitamos para repudiar todas as declara\u00e7\u00f5es caluniosas que s\u00e3o feitas aos nossos povos e pedimos provid\u00eancias da Justi\u00e7a brasileira e dos \u00f3rg\u00e3os internacionais de Direitos Humanos contra estas declara\u00e7\u00f5es que s\u00f3 incentivam e aumentam o preconceito e \u00f3dio contra o nosso povo, a exemplo das diversas declara\u00e7\u00f5es do deputado federal Lu\u00eds Carlos Heinze (PP\/RS) &#8211; assista aqui; e o \u00faltimo v\u00eddeo, onde ele faz acusa\u00e7\u00f5es e diz mentiras sobre o processo de demarca\u00e7\u00e3o de nossa Terra no sul da Bahia &#8211; assista aqui.<\/p>\n<p>Querem nos exterminar, mas cada vez que morre um \u00edndio serve como semente e brotam novos guerreiros, pois enquanto houver \u00edndio haver\u00e1 luta pelo que \u00e9 nosso por direito, que \u00e9 a Terra!! \u00c9 preciso resistir para existir.<\/p>\n<p>Oliven\u00e7a, 20 de junho de 2016.<\/p>\n<p>Caciques e lideran\u00e7as Tupinamb\u00e1.<\/p>\n<p>http:\/\/www.cimi.org.br\/site\/pt-br\/?system=news&#038;conteudo_id=8796&#038;action=read<\/p>\n","protected":false},"excerpt":{"rendered":"Caciques e lideran\u00e7as Tupinamb\u00e1 reunidos em Oliven\u00e7a, sul da Bahia, divulgaram na manh\u00e3 desta quarta-feira, 29, um comunicado pedindo o fim da viol\u00eancia \n<a class=\"moretag\" href=\"https:\/\/pcb.org.br\/portal2\/11470\"> <\/a>","protected":false},"author":1,"featured_media":0,"comment_status":"closed","ping_status":"closed","sticky":false,"template":"","format":"standard","meta":{"jetpack_post_was_ever_published":false,"_jetpack_newsletter_access":"","_jetpack_dont_email_post_to_subs":false,"_jetpack_newsletter_tier_id":0,"_jetpack_memberships_contains_paywalled_content":false,"_jetpack_memberships_contains_paid_content":false,"footnotes":"","jetpack_publicize_message":"","jetpack_publicize_feature_enabled":true,"jetpack_social_post_already_shared":false,"jetpack_social_options":{"image_generator_settings":{"template":"highway","default_image_id":0,"font":"","enabled":false},"version":2}},"categories":[163],"tags":[],"class_list":["post-11470","post","type-post","status-publish","format-standard","hentry","category-movimento-indigena"],"jetpack_publicize_connections":[],"jetpack_featured_media_url":"","jetpack_shortlink":"https:\/\/wp.me\/p659gw-2Z0","jetpack-related-posts":[],"jetpack_likes_enabled":true,"jetpack_sharing_enabled":true,"_links":{"self":[{"href":"https:\/\/pcb.org.br\/portal2\/wp-json\/wp\/v2\/posts\/11470","targetHints":{"allow":["GET"]}}],"collection":[{"href":"https:\/\/pcb.org.br\/portal2\/wp-json\/wp\/v2\/posts"}],"about":[{"href":"https:\/\/pcb.org.br\/portal2\/wp-json\/wp\/v2\/types\/post"}],"author":[{"embeddable":true,"href":"https:\/\/pcb.org.br\/portal2\/wp-json\/wp\/v2\/users\/1"}],"replies":[{"embeddable":true,"href":"https:\/\/pcb.org.br\/portal2\/wp-json\/wp\/v2\/comments?post=11470"}],"version-history":[{"count":0,"href":"https:\/\/pcb.org.br\/portal2\/wp-json\/wp\/v2\/posts\/11470\/revisions"}],"wp:attachment":[{"href":"https:\/\/pcb.org.br\/portal2\/wp-json\/wp\/v2\/media?parent=11470"}],"wp:term":[{"taxonomy":"category","embeddable":true,"href":"https:\/\/pcb.org.br\/portal2\/wp-json\/wp\/v2\/categories?post=11470"},{"taxonomy":"post_tag","embeddable":true,"href":"https:\/\/pcb.org.br\/portal2\/wp-json\/wp\/v2\/tags?post=11470"}],"curies":[{"name":"wp","href":"https:\/\/api.w.org\/{rel}","templated":true}]}}