{"id":11553,"date":"2016-07-09T21:21:16","date_gmt":"2016-07-10T00:21:16","guid":{"rendered":"http:\/\/pcb.org.br\/portal2\/?p=11553"},"modified":"2023-02-26T01:06:02","modified_gmt":"2023-02-26T04:06:02","slug":"ivan-pinheiro-o-governo-interino-e-ilegitimo-e-corrupto","status":"publish","type":"post","link":"https:\/\/pcb.org.br\/portal2\/11553","title":{"rendered":"Ivan Pinheiro: &#8220;O governo interino \u00e9 ileg\u00edtimo e corrupto&#8221;"},"content":{"rendered":"<p><img data-recalc-dims=\"1\" decoding=\"async\" class=\"imagem\" title=\"imagem\" src=\"https:\/\/i0.wp.com\/lh3.googleusercontent.com\/-zWeUAgzzEZ0\/V4GU1K06onI\/AAAAAAAAMTM\/Gut-oisI2FYfS8dUoRJo3LunUc825A1aQCCo\/s500\/a-verdade.jpg?w=747&#038;ssl=1\" alt=\"imagem\" \/>9 de julho de 2016<\/p>\n<p><strong><em>A Verdade <\/em><\/strong><em>entrevistou Ivan Pinheiro, 70 anos, secret\u00e1rio-geral do Partido Comunista Brasileiro (PCB). Advogado, Ivan iniciou sua milit\u00e2ncia pol\u00edtica ainda na juventude, no movimento estudantil do Rio de Janeiro. Em 1976, ingressou no PCB e foi eleito presidente do Sindicato dos Banc\u00e1rios, importante trincheira de resist\u00eancia \u00e0 Ditadura Militar. Nesta entrevista, exp\u00f5e a opini\u00e3o do PCB sobre a conjuntura nacional, a luta contra o governo golpista de Michel Temer e defende a unidade das for\u00e7as populares na constru\u00e7\u00e3o de uma alternativa \u00e0 esquerda para a crise capitalista.\u00a0<\/em><strong><em>Da Reda\u00e7\u00e3o<\/em><\/strong><!--more--><\/p>\n<p><strong><em>A Verdade \u2013 Qual \u00e9 a avalia\u00e7\u00e3o do PCB sobre a conjuntura brasileira?<\/em><\/strong><\/p>\n<p><strong>Ivan Pinheiro \u2013<\/strong> Os governos do PT s\u00f3 interessaram \u00e0 burguesia enquanto garantiam lucros ao capital <em>\u201ccomo nunca antes na hist\u00f3ria do Pa\u00eds\u201d<\/em>, nas palavras de Lula, e, ao mesmo tempo, funcionavam como eficientes bombeiros da luta de classe, cooptando entidades sindicais e de massas e passando para os trabalhadores a ilus\u00e3o de que o governo (e n\u00e3o as suas lutas) garantiria seus direitos e seu futuro.<\/p>\n<p>Em junho de 2013, veio o primeiro sinal de esgotamento desse ciclo de concilia\u00e7\u00e3o de classe, quando come\u00e7aram a chegar ao Brasil fortes ventos da crise mundial sist\u00eamica do capitalismo e os ind\u00edcios de que o PT j\u00e1 n\u00e3o mais controlava e desmobilizava os trabalhadores e os setores populares.<\/p>\n<p>Nesse quadro, para vencer a reelei\u00e7\u00e3o em 2014, Dilma fez um discurso desenvolvimentista, negando a crise econ\u00f4mica, dizendo que era mais f\u00e1cil <em>\u201ca vaca tossir\u201d<\/em> do que retirar direitos trabalhistas. Vencendo a elei\u00e7\u00e3o, passou a governar com o programa neoliberal do candidato do PSDB, chamando Joaquim Levy para o Minist\u00e9rio da Fazenda para fazer o ajuste fiscal, cortes em programas sociais e servi\u00e7os p\u00fablicos, flexibilizar direitos trabalhistas e previdenci\u00e1rios, privatiza\u00e7\u00f5es em grande escala, etc. A presidente implanta a Lei Antiterrorismo para reprimir os movimentos populares e, em 18 de dezembro de 2015, assina o Acordo Militar Brasil\/Estados Unidos\u00b9, junto com Aldo Rabelo, ent\u00e3o ministro da Defesa, de um partido que se apresenta como comunista.<\/p>\n<p>Mesmo o governo cedendo \u00e0s exig\u00eancias do capital, a economia continua em recess\u00e3o, criando um ambiente de ingovernabilidade. Mas, j\u00e1 no in\u00edcio de 2015, parte da burguesia come\u00e7ara a pautar o afastamento de Dilma porque \u2013 por mais que Lula e o PT palaciano aceitassem ceder mais \u00e0s press\u00f5es burguesas \u2013 as contradi\u00e7\u00f5es internas com alguns setores petistas ligados aos movimentos de massa atrasavam a concilia\u00e7\u00e3o. Durante 2015, continuaram as diverg\u00eancias no seio das classes dominantes em rela\u00e7\u00e3o ao <em>impeachment<\/em>. Mas, no in\u00edcio de 2016, com o an\u00fancio de mais queda no PIB e o aprofundamento da ingovernabilidade, o <em>\u201ccomit\u00ea central\u201d<\/em> da burguesia fecha quest\u00e3o em afastar a presidente e impor o ileg\u00edtimo governo Temer, para tentar acelerar os ajustes que o PT vinha fazendo aos poucos.<\/p>\n<p>O <em>impeachment<\/em> n\u00e3o foi um golpe de Estado cl\u00e1ssico, at\u00e9 porque n\u00e3o se tratava de um governo de esquerda, nem mesmo reformista. Nos 13 anos de governos petistas, n\u00e3o houve qualquer avan\u00e7o estrutural ou institucional. Mas \u00e9 \u00f3bvio que a direita usou e abusou de manipula\u00e7\u00f5es midi\u00e1ticas e jur\u00eddicas escandalosas e evidentes manobras institucionais e parlamentares, nos marcos \u201clegais\u201d da democracia burguesa. Na verdade, uma ditadura das classes dominantes. O PT havia cavado sua pr\u00f3pria sepultura ao optar, desde a primeira posse de Lula, por alian\u00e7as com partidos de centro-direita.<\/p>\n<p><strong><em>Como analisam o Governo Temer?<\/em><\/strong><\/p>\n<p>O surgimento do ileg\u00edtimo governo interino Temer deve ser usado didaticamente pelos comunistas para combatermos as ilus\u00f5es de classe entre os trabalhadores, como a fal\u00e1cia de que \u00e9 poss\u00edvel reformar e humanizar o capitalismo, de que nesse sistema h\u00e1 uma \u201cdemocracia\u201d, um \u201cEstado Democr\u00e1tico de Direito\u201d. Reparem que o partido que \u201ctraiu\u201d o PT era seu principal aliado. No governo afastado, o PMDB tinha o vice-presidente, os presidentes da C\u00e2mara e do Senado e sete minist\u00e9rios! Temos que combater Temer com toda energia, n\u00e3o lhe dar tr\u00e9gua um minuto sequer, para impedir que aplique as receitas que lhe encomendaram as classes dominantes. O governo interino \u00e9 t\u00e3o ileg\u00edtimo e corrupto que est\u00e1 tamb\u00e9m diante de uma crise de governabilidade. Minha impress\u00e3o pessoal \u00e9 de que o tiro da burguesia saiu pela culatra e que novas manobras institucionais est\u00e3o sendo preparadas. Mas n\u00e3o podemos subestimar nem ficar esperando solu\u00e7\u00f5es dentro do sistema, pois a pauta neoliberal vai avan\u00e7ando no Parlamento.<\/p>\n<p>A meu ver, as for\u00e7as anticapitalistas e populares n\u00e3o devem gastar energias pela volta de um governo social-liberal petista, seja com a volta de Dilma ou com a elei\u00e7\u00e3o de Lula. Durante toda esta crise, ficou evidente que a trajet\u00f3ria do PT para a direita \u00e9 um caminho sem volta. Para garantir a governabilidade, Dilma chegou ao ponto de propor publicamente um pacto nacional com a oposi\u00e7\u00e3o de direita e de fazer de tudo para criar um novo \u201ccentr\u00e3o\u201d com as legendas mais fisiol\u00f3gicas e corruptas. N\u00e3o esque\u00e7amos que o czar da economia no governo Temer \u00e9 o mesmo Henrique Meirelles, presidente do Banco Central nos oito anos de Governo Lula que, no auge do <em>impeachment<\/em>, tentava convencer Dilma a nomear esse banqueiro ministro da Fazenda para agradar ao \u201cmercado\u201d, aos credores e aos investidores nacionais e estrangeiros.<\/p>\n<p>N\u00e3o devemos tamb\u00e9m alimentar ilus\u00f5es reformistas, como as propostas que circulam na esquerda, de novas elei\u00e7\u00f5es, reforma pol\u00edtica ou constituinte. Com o poss\u00edvel fracasso do vergonhoso Governo Temer, essas alternativas institucionais ser\u00e3o a t\u00e1bua de salva\u00e7\u00e3o para a burguesia: com a hegemonia que mant\u00e9m na sociedade, eleger um \u201cnovo\u201d governo do capital, agora legitimado pela \u201cvontade popular\u201d, para seguir com sua ofensiva contra os direitos sociais e trabalhistas.<\/p>\n<p><strong><em>Como o PCB v\u00ea a import\u00e2ncia da unidade das for\u00e7as populares e as alternativas para a crise? <\/em><\/strong><\/p>\n<p>O centro da nossa luta hoje deve ser o FORA TEMER, entendido como a resist\u00eancia \u00e0 ofensiva do capital, que atribuiu a ele a tarefa de flexibilizar mais ainda os direitos trabalhistas, generalizar a terceiriza\u00e7\u00e3o, privatizar o que resta de p\u00fablico e aprofundar os cortes nos programas sociais e a explora\u00e7\u00e3o do proletariado, al\u00e9m de saquear o or\u00e7amento p\u00fablico, tudo para garantir a recupera\u00e7\u00e3o das taxas de lucro dos grandes monop\u00f3lios, o que se dar\u00e1 ao pre\u00e7o de mais repress\u00e3o \u00e0s lutas populares e restri\u00e7\u00f5es aos direitos de organiza\u00e7\u00e3o e manifesta\u00e7\u00e3o.<\/p>\n<p>Com o agravamento da crise mundial do capitalismo, que chega ao Brasil agora de forma dram\u00e1tica, haver\u00e1 um acirramento das contradi\u00e7\u00f5es entre o capital e o trabalho, portanto, da luta de classes, agora sem a coopta\u00e7\u00e3o do movimento sindical e de massas e com mais possibilidades de unidade na a\u00e7\u00e3o das for\u00e7as da esquerda socialista. Seja qual for o governo de turno (a volta de Dilma, a perman\u00eancia de Temer ou um novo presidente eleito), a ofensiva do capital seguir\u00e1. Mas est\u00e3o criadas as condi\u00e7\u00f5es para um grande crescimento do movimento de massas. No movimento sindical e oper\u00e1rio, acredito em uma explos\u00e3o semelhante \u00e0 que ocorreu entre 1978 e 1985, quando os trabalhadores varreram os pelegos dos sindicatos. Haver\u00e1 um grande crescimento das lutas por terra, teto, trabalho, direitos civis, sa\u00fade, educa\u00e7\u00e3o e transportes p\u00fablicos, e contra as discrimina\u00e7\u00f5es de qualquer tipo.<\/p>\n<p>Os comunistas e as for\u00e7as populares de orienta\u00e7\u00e3o anticapitalista t\u00eam o dever de contribuir para a unidade de a\u00e7\u00e3o nessas lutas. \u00c9 preciso que essas for\u00e7as promovam uma reuni\u00e3o nacional, o mais breve poss\u00edvel, para criarmos as condi\u00e7\u00f5es de construir uma Frente Anticapitalista e Anti-imperialista e realizarmos, no primeiro semestre de 2017, um Encontro Nacional da Classe Trabalhadora e dos Movimentos Populares \u2013 independente do nome que venha a ter esse evento \u2013, para que possamos dar amplitude nacional a um grande movimento de resist\u00eancia \u00e0s ofensivas do capital, que acumule para o surgimento de uma alternativa do proletariado na constru\u00e7\u00e3o do poder popular e para pavimentar o caminho ao socialismo.<\/p>\n<p>Nota: <u>http:\/\/www.planalto.gov.br\/ccivil_03\/_Ato2015-2018\/2015\/Decreto\/D8609.htm<\/u><\/p>\n<blockquote class=\"wp-embedded-content\" data-secret=\"V5kE4RgCTo\"><p><a href=\"https:\/\/averdade.org.br\/2016\/07\/ivan-pinheiro-o-governo-interino-e-ilegitimo-e-corrupto\/\">Ivan Pinheiro: \u201cO governo interino \u00e9 ileg\u00edtimo e corrupto\u201d<\/a><\/p><\/blockquote>\n<p><iframe loading=\"lazy\" class=\"wp-embedded-content\" sandbox=\"allow-scripts\" security=\"restricted\" style=\"position: absolute; clip: rect(1px, 1px, 1px, 1px);\" title=\"&#8220;Ivan Pinheiro: \u201cO governo interino \u00e9 ileg\u00edtimo e corrupto\u201d&#8221; &#8212; Jornal A Verdade\" src=\"https:\/\/averdade.org.br\/2016\/07\/ivan-pinheiro-o-governo-interino-e-ilegitimo-e-corrupto\/embed\/#?secret=s7DyolPYTs#?secret=V5kE4RgCTo\" data-secret=\"V5kE4RgCTo\" width=\"600\" height=\"338\" frameborder=\"0\" marginwidth=\"0\" marginheight=\"0\" scrolling=\"no\"><\/iframe><\/p>\n","protected":false},"excerpt":{"rendered":"9 de julho de 2016 A Verdade entrevistou Ivan Pinheiro, 70 anos, secret\u00e1rio-geral do Partido Comunista Brasileiro (PCB). Advogado, Ivan iniciou sua milit\u00e2ncia \n<a class=\"moretag\" href=\"https:\/\/pcb.org.br\/portal2\/11553\"> <\/a>","protected":false},"author":1,"featured_media":0,"comment_status":"closed","ping_status":"closed","sticky":false,"template":"","format":"standard","meta":{"jetpack_post_was_ever_published":false,"_jetpack_newsletter_access":"","_jetpack_dont_email_post_to_subs":false,"_jetpack_newsletter_tier_id":0,"_jetpack_memberships_contains_paywalled_content":false,"_jetpack_memberships_contains_paid_content":false,"footnotes":"","jetpack_publicize_message":"","jetpack_publicize_feature_enabled":true,"jetpack_social_post_already_shared":false,"jetpack_social_options":{"image_generator_settings":{"template":"highway","default_image_id":0,"font":"","enabled":false},"version":2}},"categories":[5,383],"tags":[],"class_list":["post-11553","post","type-post","status-publish","format-standard","hentry","category-s4-pcb","category-pronunciamentos-da-secretaria-geral"],"jetpack_publicize_connections":[],"jetpack_featured_media_url":"","jetpack_shortlink":"https:\/\/wp.me\/p659gw-30l","jetpack-related-posts":[],"jetpack_likes_enabled":true,"jetpack_sharing_enabled":true,"_links":{"self":[{"href":"https:\/\/pcb.org.br\/portal2\/wp-json\/wp\/v2\/posts\/11553","targetHints":{"allow":["GET"]}}],"collection":[{"href":"https:\/\/pcb.org.br\/portal2\/wp-json\/wp\/v2\/posts"}],"about":[{"href":"https:\/\/pcb.org.br\/portal2\/wp-json\/wp\/v2\/types\/post"}],"author":[{"embeddable":true,"href":"https:\/\/pcb.org.br\/portal2\/wp-json\/wp\/v2\/users\/1"}],"replies":[{"embeddable":true,"href":"https:\/\/pcb.org.br\/portal2\/wp-json\/wp\/v2\/comments?post=11553"}],"version-history":[{"count":0,"href":"https:\/\/pcb.org.br\/portal2\/wp-json\/wp\/v2\/posts\/11553\/revisions"}],"wp:attachment":[{"href":"https:\/\/pcb.org.br\/portal2\/wp-json\/wp\/v2\/media?parent=11553"}],"wp:term":[{"taxonomy":"category","embeddable":true,"href":"https:\/\/pcb.org.br\/portal2\/wp-json\/wp\/v2\/categories?post=11553"},{"taxonomy":"post_tag","embeddable":true,"href":"https:\/\/pcb.org.br\/portal2\/wp-json\/wp\/v2\/tags?post=11553"}],"curies":[{"name":"wp","href":"https:\/\/api.w.org\/{rel}","templated":true}]}}