{"id":1156,"date":"2011-01-26T02:53:47","date_gmt":"2011-01-26T02:53:47","guid":{"rendered":"http:\/\/pcb.org.br\/portal2\/?p=1156"},"modified":"2011-01-26T02:53:47","modified_gmt":"2011-01-26T02:53:47","slug":"valenca-6-de-fevereiro-de-2011-pcb-apoia-francisco-lima-para-prefeito","status":"publish","type":"post","link":"https:\/\/pcb.org.br\/portal2\/1156","title":{"rendered":"Valen\u00e7a, 6 de Fevereiro de 2011: PCB ap\u00f3ia Francisco Lima para Prefeito"},"content":{"rendered":"\n<p><strong>No dia 6 de fevereiro, em Valen\u00e7a, haver\u00e1 elei\u00e7\u00e3o para a prefeitura. Diante do quadro eleitoral, em que os Partidos que representam as grandes oligarquias capitalistas gastam fortunas na campanha e se utilizam de mecanismos de coa\u00e7\u00e3o e cal\u00fania para defender seus interesses econ\u00f4micos e pol\u00edticos na regi\u00e3o, o Partido Comunista Brasileiro ap\u00f3ia o candidato do PSOL, Francisco Lima. <\/strong><\/p>\n<p><strong>Ex-dirigente sindical, Francisco Lima \u00e9 um lutador das causas populares em Valen\u00e7a, atuando como advogado \u2013 na Rede Nacional de Advogados Populares. \u00c9 o \u00fanico entre os concorrentes \u00e0 prefeitura que se coloca de forma clara e incisiva contra as privatiza\u00e7\u00f5es \u2013 com destaque para a quest\u00e3o da \u00e1gua \u2013, defende a distribui\u00e7\u00e3o justa da renda, pol\u00edticas p\u00fablicas de qualidade e investimentos maci\u00e7os em moradia, sa\u00fade, educa\u00e7\u00e3o, saneamento b\u00e1sico e outras \u00e1reas priorit\u00e1rias para os trabalhadores.<\/strong><\/p>\n<p><strong>O voto em Francisco Lima contribuir\u00e1, certamente, para a o avan\u00e7o das lutas populares e da organiza\u00e7\u00e3o dos trabalhadores, e far\u00e1 avan\u00e7ar a constru\u00e7\u00e3o, em Valen\u00e7a, de uma sociedade justa e igualit\u00e1ria.<\/strong><\/p>\n<p><strong>Partido Comunista Brasileiro<\/strong><\/p>\n<p><strong>Comiss\u00e3o Pol\u00edtica Estadual \u2013 Rio de Janeiro<\/strong><\/p>\n","protected":false},"excerpt":{"rendered":"\n\n\nCr\u00e9dito: t2.gstatic.com\n\n\n\n\n\n\n\n\nRio de Janeiro\n<a class=\"moretag\" href=\"https:\/\/pcb.org.br\/portal2\/1156\"> <\/a>","protected":false},"author":1,"featured_media":0,"comment_status":"open","ping_status":"open","sticky":false,"template":"","format":"standard","meta":{"jetpack_post_was_ever_published":false,"_jetpack_newsletter_access":"","_jetpack_dont_email_post_to_subs":false,"_jetpack_newsletter_tier_id":0,"_jetpack_memberships_contains_paywalled_content":false,"_jetpack_memberships_contains_paid_content":false,"footnotes":"","jetpack_publicize_message":"","jetpack_publicize_feature_enabled":true,"jetpack_social_post_already_shared":false,"jetpack_social_options":{"image_generator_settings":{"template":"highway","default_image_id":0,"font":"","enabled":false},"version":2}},"categories":[26],"tags":[],"class_list":["post-1156","post","type-post","status-publish","format-standard","hentry","category-c25-notas-politicas-do-pcb"],"jetpack_publicize_connections":[],"jetpack_featured_media_url":"","jetpack_shortlink":"https:\/\/wp.me\/p659gw-iE","jetpack-related-posts":[],"jetpack_likes_enabled":true,"jetpack_sharing_enabled":true,"_links":{"self":[{"href":"https:\/\/pcb.org.br\/portal2\/wp-json\/wp\/v2\/posts\/1156","targetHints":{"allow":["GET"]}}],"collection":[{"href":"https:\/\/pcb.org.br\/portal2\/wp-json\/wp\/v2\/posts"}],"about":[{"href":"https:\/\/pcb.org.br\/portal2\/wp-json\/wp\/v2\/types\/post"}],"author":[{"embeddable":true,"href":"https:\/\/pcb.org.br\/portal2\/wp-json\/wp\/v2\/users\/1"}],"replies":[{"embeddable":true,"href":"https:\/\/pcb.org.br\/portal2\/wp-json\/wp\/v2\/comments?post=1156"}],"version-history":[{"count":0,"href":"https:\/\/pcb.org.br\/portal2\/wp-json\/wp\/v2\/posts\/1156\/revisions"}],"wp:attachment":[{"href":"https:\/\/pcb.org.br\/portal2\/wp-json\/wp\/v2\/media?parent=1156"}],"wp:term":[{"taxonomy":"category","embeddable":true,"href":"https:\/\/pcb.org.br\/portal2\/wp-json\/wp\/v2\/categories?post=1156"},{"taxonomy":"post_tag","embeddable":true,"href":"https:\/\/pcb.org.br\/portal2\/wp-json\/wp\/v2\/tags?post=1156"}],"curies":[{"name":"wp","href":"https:\/\/api.w.org\/{rel}","templated":true}]}}