{"id":11574,"date":"2016-07-13T16:22:07","date_gmt":"2016-07-13T19:22:07","guid":{"rendered":"http:\/\/pcb.org.br\/portal2\/?p=11574"},"modified":"2016-08-02T00:59:18","modified_gmt":"2016-08-02T03:59:18","slug":"mexico-marchas-bloqueios-e-concentracoes-dos-professores-da-cnte-para-pressionar-o-governo","status":"publish","type":"post","link":"https:\/\/pcb.org.br\/portal2\/11574","title":{"rendered":"M\u00e9xico &#8211; Marchas, bloqueios e concentra\u00e7\u00f5es dos professores da CNTE para pressionar o Governo"},"content":{"rendered":"<p><img data-recalc-dims=\"1\" height=\"400\" width=\"620\" decoding=\"async\" class=\"imagem\" title=\"imagem\" src=\"https:\/\/i0.wp.com\/www.resumenlatinoamericano.org\/wp-content\/uploads\/2016\/07\/marchasale-620x400.jpg?resize=620%2C400\" alt=\"imagem\" \/>Por Laura Poy Solano\/ 11 de julho de 2016 \u2013 Professores da Coordenadora Nacional de Trabalhadores da Educa\u00e7\u00e3o (CNTE) marcharam desde as imedia\u00e7\u00f5es da resid\u00eancia oficial de Los Pinos \u00e0 Secretaria de Governo para exigir que na mesa de di\u00e1logo que se formou nesta tarde, se apresentem acordos concretos para solucionar o conflito docente.<!--more--><\/p>\n<p>Pais de fam\u00edlia e professores mostram faixas e cartazes aos motoristas durante os sinais vermelhos como uma a\u00e7\u00e3o informativa, enquanto dezenas est\u00e3o \u00e0 espera da chegada de integrantes da dire\u00e7\u00e3o nacional.<\/p>\n<p>Integrantes da dire\u00e7\u00e3o pol\u00edtica do magist\u00e9rio dissidente informaram que se mobilizar\u00e3o at\u00e9 o Pal\u00e1cio Cobi\u00e1n para esperar uma resposta a suas demandas.<\/p>\n<p>A mobiliza\u00e7\u00e3o foi encabe\u00e7ada por representantes de diversos estados, entre eles Sinaloa, Nuevo Le\u00f3n, Michoac\u00e1n e Ciudad de M\u00e9xico, entre outros.<\/p>\n<p>Os docentes inconformados assinalaram que, nesta tarde, os integrantes da Comiss\u00e3o Nacional \u00danica de Negocia\u00e7\u00e3o (CNUN) solicitaram ao Senado da Rep\u00fablica uma reuni\u00e3o com legisladores para demandar que se inicie o processo para suspender a reforma educativa, por isso n\u00e3o se confirmou a participa\u00e7\u00e3o de integrantes da CNUN nesta marcha.<\/p>\n<p><b>Integrantes da CNTE \u201ctomam\u201d cabines de ped\u00e1gio em Sonora<\/b><\/p>\n<p>Por Cristina G\u00f3mez Lima, correspondente,11 de julho de 2016<\/p>\n<p><i>Hermosillo, Son.<\/i> Integrantes da Coordenadora Nacional de Trabalhadores pela Educa\u00e7\u00e3o (CNTE) tomaram as cabines de ped\u00e1gio de Sonora, assim como o posto de controle de Nogales, cruzamento fronteiri\u00e7o com os Estados Unidos, como parte das medidas de press\u00e3o contra o Governo Federal.<\/p>\n<p>Na manh\u00e3 desta segunda-feira, uns cem membros da CNTE bloquearam a cabine de ped\u00e1gio Nogales 153, cederam a passagem gratuita aos ve\u00edculos que transitavam pela dita estrada.<\/p>\n<p>Irene R\u00edos Figueroa, porta-voz da Assembleia Docente, assegurou que esta a\u00e7\u00e3o \u00e9 parte das medidas que efetuar\u00e3o para exigir do secret\u00e1rio de Governo, Miguel \u00c1ngel Osorio Chong, um di\u00e1logo que ofere\u00e7a solu\u00e7\u00e3o a favor de seu movimento contra a reforma educativa.<\/p>\n<p>Reunidos com cartazes e faixas, os professores manifestaram seu rep\u00fadio pela repress\u00e3o do Governo Federal, pela hostilidade ao magist\u00e9rio e pela revoga\u00e7\u00e3o da reforma educativa.<\/p>\n<p>Exigiram tamb\u00e9m a reintegra\u00e7\u00e3o de professores demitidos h\u00e1 alguns meses e a libera\u00e7\u00e3o dos quatro l\u00edderes da CNTE reclusos no Centro Federal de Readapta\u00e7\u00e3o (Cefereso) 11, em Hermosillo.<\/p>\n<p><b>Bloqueiam estrada em Veracruz em apoio \u00e0 CNTE<\/b><\/p>\n<p><i>Coatzacoalcos, Ver.<\/i> Integrantes do Movimento Docente Popular Veracruzano tomaram novamente a estrada federal Cosoleacaque-Nuevo Teapa, em seu entroncamento com Minatitl\u00e1n, para expor seu apoio \u00e0 Coordenadora Nacional de Trabalhadores da Educa\u00e7\u00e3o (CNTE).<\/p>\n<p>Desde as 8:30 horas de hoje iniciaram o bloqueio de uma das principais estradas do sudeste do pa\u00eds e a \u00fanica que conduz para os centros de carga dos complexos petroqu\u00edmicos e terminais de refinamento da Petr\u00f3leos Mexicanos (Pemex).<\/p>\n<p>Os professores decidiram novamente tomar as estradas por um per\u00edodo de 12 horas para manter a press\u00e3o contra o Governo Federal, que se reunir\u00e1 com a CNTE, e respaldar a proposta de modifica\u00e7\u00e3o da reforma educativa.<\/p>\n<p>Apenas um grupo de 200 professores da Sierra de Santa Martha e dos munic\u00edpios de Coatzacoalcos, Minatitl\u00e1n, Cosoleacaque, Acayucan e Cosoleacaque, mant\u00e9m este bloqueio a caminh\u00f5es de cargas pesada. S\u00f3 deixam circular os autom\u00f3veis particulares e ambul\u00e2ncias.<\/p>\n<p>De maneira intermitente, os manifestantes abrem a circula\u00e7\u00e3o para n\u00e3o ocasionar maiores danos aos motoristas do transporte de carga, que constantemente manifestam seu desagrado por ter que esperar v\u00e1rias horas para seguir seu caminho.<\/p>\n<p>Este bloqueio terminar\u00e1 depois da reuni\u00e3o entre o secret\u00e1rio de governo, Miguel \u00c1ngel Osorio Chong, e os representantes da CNTE.<\/p>\n<p><b>Concentra\u00e7\u00e3o dos 43 e CNTE em frente da PRG<\/b><\/p>\n<p>Por Laura Poy Solanolun, 11 de julho de 2016<\/p>\n<p><b>Ciudad de M\u00e9xico, 11 de julho de 2016. <\/b><b>Familiares dos 43 normalistas desaparecidos exigiram a destitui\u00e7\u00e3o de Tom\u00e1s Zer\u00f3n \u00e0 frente da Ag\u00eancia de Investiga\u00e7\u00e3o Criminal da PGR.<\/b><\/p>\n<p>Depois de permanecer por cerca de duas horas em frente \u00e0s instala\u00e7\u00f5es da Procuradoria Geral da Rep\u00fablica (PGR) para demandar a destitui\u00e7\u00e3o de Tom\u00e1s Zer\u00f3n de Lucio como titular da Unidade de Investiga\u00e7\u00e3o Criminal, pais dos 43 normalistas desaparecidos e professores dissidentes conclu\u00edram sua manifesta\u00e7\u00e3o.<\/p>\n<p>Em torno das 13:30 horas, dezenas de educadores se transferiram em opera\u00e7\u00e3o formiga para o plant\u00e3o que mant\u00eam na Pra\u00e7a da Ciudadela, de onde novamente se mobilizar\u00e3o para participar da marcha convocada pela Coordenadora Nacional de Trabalhadores da Educa\u00e7\u00e3o (CNTE) da resid\u00eancia oficial de Los Pinos \u00e0 Secretaria de Governo (SG) \u00e0s quatro da tarde.<\/p>\n<p>Os manifestantes mantiveram bloqueados as pistas centrais da avenida Paseo de la Reforma em seu cruzamento com a rua de R\u00edo Neva, as quais j\u00e1 foram abertas \u00e0 circula\u00e7\u00e3o.<\/p>\n<p>Fonte: http:\/\/www.resumenlatinoamericano.org\/2016\/07\/11\/marchas-bloqueos-y-mities-de-los-maestros-de-la-cnte-para-presionar-al-gobierno\/<\/p>\n<p>Tradu\u00e7\u00e3o: Partido Comunista Brasileiro (PCB)<\/p>\n","protected":false},"excerpt":{"rendered":"Por Laura Poy Solano\/ 11 de julho de 2016 \u2013 Professores da Coordenadora Nacional de Trabalhadores da Educa\u00e7\u00e3o (CNTE) marcharam desde as imedia\u00e7\u00f5es \n<a class=\"moretag\" href=\"https:\/\/pcb.org.br\/portal2\/11574\"> <\/a>","protected":false},"author":1,"featured_media":0,"comment_status":"closed","ping_status":"closed","sticky":false,"template":"","format":"standard","meta":{"jetpack_post_was_ever_published":false,"_jetpack_newsletter_access":"","_jetpack_dont_email_post_to_subs":false,"_jetpack_newsletter_tier_id":0,"_jetpack_memberships_contains_paywalled_content":false,"_jetpack_memberships_contains_paid_content":false,"footnotes":"","jetpack_publicize_message":"","jetpack_publicize_feature_enabled":true,"jetpack_social_post_already_shared":false,"jetpack_social_options":{"image_generator_settings":{"template":"highway","default_image_id":0,"font":"","enabled":false},"version":2}},"categories":[90],"tags":[],"class_list":["post-11574","post","type-post","status-publish","format-standard","hentry","category-c103-mexico"],"jetpack_publicize_connections":[],"jetpack_featured_media_url":"","jetpack_shortlink":"https:\/\/wp.me\/p659gw-30G","jetpack-related-posts":[],"jetpack_likes_enabled":true,"jetpack_sharing_enabled":true,"_links":{"self":[{"href":"https:\/\/pcb.org.br\/portal2\/wp-json\/wp\/v2\/posts\/11574","targetHints":{"allow":["GET"]}}],"collection":[{"href":"https:\/\/pcb.org.br\/portal2\/wp-json\/wp\/v2\/posts"}],"about":[{"href":"https:\/\/pcb.org.br\/portal2\/wp-json\/wp\/v2\/types\/post"}],"author":[{"embeddable":true,"href":"https:\/\/pcb.org.br\/portal2\/wp-json\/wp\/v2\/users\/1"}],"replies":[{"embeddable":true,"href":"https:\/\/pcb.org.br\/portal2\/wp-json\/wp\/v2\/comments?post=11574"}],"version-history":[{"count":0,"href":"https:\/\/pcb.org.br\/portal2\/wp-json\/wp\/v2\/posts\/11574\/revisions"}],"wp:attachment":[{"href":"https:\/\/pcb.org.br\/portal2\/wp-json\/wp\/v2\/media?parent=11574"}],"wp:term":[{"taxonomy":"category","embeddable":true,"href":"https:\/\/pcb.org.br\/portal2\/wp-json\/wp\/v2\/categories?post=11574"},{"taxonomy":"post_tag","embeddable":true,"href":"https:\/\/pcb.org.br\/portal2\/wp-json\/wp\/v2\/tags?post=11574"}],"curies":[{"name":"wp","href":"https:\/\/api.w.org\/{rel}","templated":true}]}}