{"id":11602,"date":"2016-07-16T23:36:35","date_gmt":"2016-07-17T02:36:35","guid":{"rendered":"http:\/\/pcb.org.br\/portal2\/?p=11602"},"modified":"2016-08-02T01:00:29","modified_gmt":"2016-08-02T04:00:29","slug":"greve-geral-no-uruguai-quando-o-governo-vai-para-a-direita-atuamos-firmes","status":"publish","type":"post","link":"https:\/\/pcb.org.br\/portal2\/11602","title":{"rendered":"Greve Geral no Uruguai: Quando o governo vai para a direita, atuamos firmes"},"content":{"rendered":"<p><img data-recalc-dims=\"1\" decoding=\"async\" class=\"imagem\" title=\"imagem\" src=\"https:\/\/i0.wp.com\/www.pitcnt.uy\/media\/k2\/items\/cache\/12eb06590dc80d1ec796967956abe661_XL.jpg?w=747\" alt=\"imagem\" \/><\/p>\n<p>O movimento sindical uruguaio viveu hoje uma das maiores greves gerais, em ades\u00e3o e participa\u00e7\u00e3o dos trabalhadores e organiza\u00e7\u00f5es sociais, desde que a Frente Ampla (FA) assumiu a presid\u00eancia da Rep\u00fablica. Nesta terceira greve geral de 24 horas, todas elas realizadas durante o governo de Tabar\u00e9 V\u00e1zquez, estima-se que se somaram \u00e0 medida cerca de um milh\u00e3o de pessoas, que se converteram em uma rotunda \u201cgreve do movimento popular uruguaio\u201d. <!--more-->\u201cQue ningu\u00e9m se confunda. N\u00f3s trabalhadores passamos pela prova de luta contra a ditadura fascista, de luta de 20 longos anos de neoliberalismo e quando, \u00e0s vezes, o governo vai para a direita, atuamos firmes para colocar as coisas em seus eixos\u201d, afirmou Marcelo Abdala, Secret\u00e1rio Geral do PIT-CNT, na coletiva de imprensa.<\/p>\n<p>Fernando Pereira, Presidente do PIT-CNT, na coletiva de imprensa, informou que o percurso realizado nas primeiras horas do dia demonstrava que a ades\u00e3o \u00e0 greve era muito importante e que \u201cera emocionante ver o terminal de \u00f4nibus do Cerro absolutamente vazio e ver a linha 125 (de Cutcsa) sem gente\u201d (aplausos). Acrescentou que \u201choje \u00e9 o final da etapa. Uma greve n\u00e3o \u00e9 uma greve espont\u00e2nea. Esta greve foi preparada por milhares de trabalhadores ao longo e ao largo do pa\u00eds. Foram eles que distribu\u00edram mais de meio milh\u00e3o de panfletos, conversaram com pequenos e m\u00e9dios comerciantes, com o pequeno produtor e geraram consci\u00eancia de que se os trabalhadores v\u00e3o bem, o povo vai bem. Se a gente ganha um pouco mais, compra um pouco mais de fruta e verdura. <span lang=\"es-ES\">Vai \u00e0 fam\u00e1cia e compra o medicamento que necessita\u2026\u201d.<\/span><\/p>\n<p>Disse que v\u00e1rios \u201ccompanheiros dirigentes sindicais projetaram que a ades\u00e3o \u00e0 greve seria o dobro dos 400.000 filiados \u00e0 central sindical e descobrimos que conseguimos. Podemos assegurar que cerca de um milh\u00e3o de trabalhadores aderiram a essa medida. Em qualquer parte do mundo isto \u00e9 muito. \u00c9 a participa\u00e7\u00e3o de trabalhadores, aposentados, estudantes, cooperativistas, entre outros setores que se somam \u00e0 plataforma do PIT-CNT. Isto \u00e9 a constata\u00e7\u00e3o de que n\u00e3o estamos apenas ante uma greve do movimento sindical. \u00c9 uma greve do movimento popular uruguaio, do bloco social das mudan\u00e7as, ao qual nunca iremos renunciar. Por isso, est\u00e3o conosco nossos queridos companheiros da Fucvam, da FEUU, dos aposentados e pensionistas organizados em todo pa\u00eds atrav\u00e9s da Onajpu. O Reitor da Universidade da Rep\u00fablica, Roberto Markarian, tamb\u00e9m apoiou a plataforma do PIT-CNT. Alguns acreditar\u00e3o que \u00e9 uma surpresa, no entanto seria uma surpresa que a Universidade n\u00e3o estivesse junto da classe trabalhadora. Esta \u00e9 a mesma Universidade da sa\u00edda da ditadura, \u00e9 a academia comprometida com a classe trabalhadora e como povo. Saudamos o reitor e a todos os companheiros universit\u00e1rios, docente e n\u00e3o docentes, e aos estudantes. Todos unidos, de uma forma ou outra, \u00e0 classe trabalhadora em sua mais ampla express\u00e3o\u201d.<\/p>\n<p>Pereira destacou que todos estes setores apostam em \u201cuma p\u00e1tria diferente. Agora parece um pecado diz\u00ea-lo, por\u00e9m n\u00f3s vamos rumo ao socialismo. \u00c9 longo o caminho, por\u00e9m vamos por ali. Estamos festejando 50 anos de unidade sindical, o que n\u00e3o \u00e9 ter uma organiza\u00e7\u00e3o unida durante 50 anos. \u00c9 seguir determinados postulados que os forjadores da unidade foram capazes de fazer. Um desses postulados \u00e9 que por tr\u00e1s da luta, o movimento sindical sempre se baseia em ideias. N\u00e3o inicia lutas e depois pergunta para que. Primeiro, apresenta ideias e, depois, v\u00ea quais s\u00e3o as medidas t\u00e1ticas para lev\u00e1-las adiante. Para n\u00f3s, parar 24 horas n\u00e3o \u00e9 um esporte. Paramos para mudar a realidade. Entre a realidade que queremos mudar est\u00e1 a pauta salarial que o Poder Executivo fixou para esta rodada de Conselhos de Sal\u00e1rios, a qual \u00e9 muito negativa para os interesses dos trabalhadores. \u00c9 pior que a do ano de 2015\u201d.<\/p>\n<p>Ap\u00f3s explicar os motivos pelos quais a pauta \u00e9 pior, assinala que \u201cvamos utilizar todos os instrumentos que estejam ao nosso alcance para modificar esta pauta. E se n\u00e3o ela n\u00e3o for modificada, \u00e9 evidente, \u00e9 not\u00f3rio, e n\u00e3o \u00e9 porque o diga, os sindicatos est\u00e3o se preparando para uma mobiliza\u00e7\u00e3o gigantesca para o pr\u00f3ximo semestre. O que devemos ter claro \u00e9 que o povo mobilizado conquista coisas, companheiros. Obt\u00e9m mudan\u00e7as. Conseguir\u00e3o coisas como o servi\u00e7o dom\u00e9stico, \u201co que ajuda em minha casa\u201d, conseguiu em seu quarto conv\u00eanio coletivo (aplausos). Trata-se de que o Poder Executivo entenda que estamos tentando manter o sal\u00e1rio. O fazemos atrav\u00e9s de duas medidas muito simples: que sejam utilizados os acordos do ano passado e que seja colocada uma corre\u00e7\u00e3o ao final de cada ano\u201d.<\/p>\n<p>Pereira assinalou que o an\u00fancio do governo de um investimento da UPM n\u00e3o diminui o protagonismo da greve do PIT-CNT e \u201cse ocorrer um investimento no Uruguai, que gerar\u00e1 milhares de empregos na \u00e1rea da constru\u00e7\u00e3o e da metalurgia, se cuidar do meio ambiente, se acontecer por parte da empresa negocia\u00e7\u00e3o com o movimento sindical, se servir para o desenvolvimento da ferrovia uruguaia, estamos diante de uma boa not\u00edcia. As boas not\u00edcias s\u00e3o aplaudidas. N\u00e3o temos a ilus\u00e3o de que em um dia de greve n\u00e3o podemos aplaudir algo que pode ser positivo para o Uruguai. O que reclamamos \u00e9 que os insumos dessas plantas sejam uruguaios e que se gere produto nacional. Uma greve de um milh\u00e3o de trabalhadores n\u00e3o se obscurece com nenhuma not\u00edcia\u201d.<\/p>\n<p>O Presidente do PIT-CNT lembrou da reuni\u00e3o com a bancada da Frente Ampla (FA), na qual pediram que n\u00e3o demorem a investir na \u00e1rea da educa\u00e7\u00e3o, da sa\u00fade e o INAU.<\/p>\n<p>Finalmente, Pereira emocionado disse que \u201cnos sentimos orgulhosos de pertencer a este movimento sindical, que comemora 50 anos. Porque quando \u00e9 preciso dizer presente, diz presente. Quando \u00e9 preciso demonstrar a independ\u00eancia de classe, a demonstra. Quando \u00e9 preciso demonstrar que n\u00e3o somos indiferentes \u00e0 mudan\u00e7a, tamb\u00e9m o demonstra. Est\u00e1 muito equivocado aquele que acredita que \u00e9 a mesma coisa para o movimento sindical a era progressista que a era neoliberal. Isso n\u00e3o tem nenhuma rela\u00e7\u00e3o, porque tem \u00e9ticas distintas. Por\u00e9m, tampouco estamos dispostos a voltar atr\u00e1s nos avan\u00e7os que conquistamos\u201d.<\/p>\n<p>Fonte: http:\/\/www.pitcnt.uy\/index.php\/sala-de-prensa\/item\/1588-cuando-el-gobierno-se-nos-va-para-la-derecha-actuamos-firmes<\/p>\n<p>Tradu\u00e7\u00e3o: Partido Comunista Brasileiro (PCB)<\/p>\n","protected":false},"excerpt":{"rendered":"O movimento sindical uruguaio viveu hoje uma das maiores greves gerais, em ades\u00e3o e participa\u00e7\u00e3o dos trabalhadores e organiza\u00e7\u00f5es sociais, desde que a \n<a class=\"moretag\" href=\"https:\/\/pcb.org.br\/portal2\/11602\"> <\/a>","protected":false},"author":1,"featured_media":0,"comment_status":"closed","ping_status":"closed","sticky":false,"template":"","format":"standard","meta":{"jetpack_post_was_ever_published":false,"_jetpack_newsletter_access":"","_jetpack_dont_email_post_to_subs":false,"_jetpack_newsletter_tier_id":0,"_jetpack_memberships_contains_paywalled_content":false,"_jetpack_memberships_contains_paid_content":false,"footnotes":"","jetpack_publicize_message":"","jetpack_publicize_feature_enabled":true,"jetpack_social_post_already_shared":false,"jetpack_social_options":{"image_generator_settings":{"template":"highway","default_image_id":0,"font":"","enabled":false},"version":2}},"categories":[76],"tags":[],"class_list":["post-11602","post","type-post","status-publish","format-standard","hentry","category-c89-uruguai"],"jetpack_publicize_connections":[],"jetpack_featured_media_url":"","jetpack_shortlink":"https:\/\/wp.me\/p659gw-318","jetpack-related-posts":[],"jetpack_likes_enabled":true,"jetpack_sharing_enabled":true,"_links":{"self":[{"href":"https:\/\/pcb.org.br\/portal2\/wp-json\/wp\/v2\/posts\/11602","targetHints":{"allow":["GET"]}}],"collection":[{"href":"https:\/\/pcb.org.br\/portal2\/wp-json\/wp\/v2\/posts"}],"about":[{"href":"https:\/\/pcb.org.br\/portal2\/wp-json\/wp\/v2\/types\/post"}],"author":[{"embeddable":true,"href":"https:\/\/pcb.org.br\/portal2\/wp-json\/wp\/v2\/users\/1"}],"replies":[{"embeddable":true,"href":"https:\/\/pcb.org.br\/portal2\/wp-json\/wp\/v2\/comments?post=11602"}],"version-history":[{"count":0,"href":"https:\/\/pcb.org.br\/portal2\/wp-json\/wp\/v2\/posts\/11602\/revisions"}],"wp:attachment":[{"href":"https:\/\/pcb.org.br\/portal2\/wp-json\/wp\/v2\/media?parent=11602"}],"wp:term":[{"taxonomy":"category","embeddable":true,"href":"https:\/\/pcb.org.br\/portal2\/wp-json\/wp\/v2\/categories?post=11602"},{"taxonomy":"post_tag","embeddable":true,"href":"https:\/\/pcb.org.br\/portal2\/wp-json\/wp\/v2\/tags?post=11602"}],"curies":[{"name":"wp","href":"https:\/\/api.w.org\/{rel}","templated":true}]}}