{"id":11621,"date":"2016-07-18T17:54:22","date_gmt":"2016-07-18T20:54:22","guid":{"rendered":"http:\/\/pcb.org.br\/portal2\/?p=11621"},"modified":"2016-08-02T01:01:07","modified_gmt":"2016-08-02T04:01:07","slug":"greve-geral-no-uruguai-mobiliza-mais-de-um-milhao-de-pessoas-contra-o-ajuste-fiscal","status":"publish","type":"post","link":"https:\/\/pcb.org.br\/portal2\/11621","title":{"rendered":"Greve geral no Uruguai mobiliza mais de um milh\u00e3o de pessoas contra o ajuste fiscal"},"content":{"rendered":"<p><img data-recalc-dims=\"1\" decoding=\"async\" class=\"imagem\" title=\"imagem\" src=\"https:\/\/i0.wp.com\/portal.andes.org.br\/imprensa\/noticias\/imp-ult-809906765.jpg?w=747\" alt=\"imagem\" \/>Sindicato Nacional dos Docentes das Institui\u00e7\u00f5es de Ensino Superior &#8211; ANDES-SN<\/p>\n<p><strong>Greve geral no Uruguai mobiliza mais de um milh\u00e3o de pessoas contra o ajuste fiscal<\/strong><!--more--><\/p>\n<p><em>Um dos questionamento dos grevistas \u00e9 a perda da soberania nacional \u00a0<\/em><\/p>\n<p>Nesta quinta (14), a central sindical do Uruguai Plen\u00e1rio Intersindical de Trabalhadores &#8211; Conven\u00e7\u00e3o Nacional de Trabalhadores (PIT-CNT) convocou uma greve geral em defesa do trabalho, do sal\u00e1rio, das condi\u00e7\u00f5es de vida, da previd\u00eancia e do gasto social, frente \u00e0s medidas de ajuste fiscal impulsionadas pelo governo uruguaio de Tabar\u00e9 Vazquez (Frente Ampla). Pr\u00f3ximo \u00e0s negocia\u00e7\u00f5es salariais do segundo semestre nos Conselhos Salariais, os trabalhadores temem por perdas reais de sal\u00e1rio.<\/p>\n<p>Segundo a organiza\u00e7\u00e3o, cerca de um milh\u00e3o de trabalhadores aderiram ao protesto, que contou com a participa\u00e7\u00e3o de docentes e servidores da Universidade da Rep\u00fablica (Udelar), a Federa\u00e7\u00e3o de Estudantes Universit\u00e1rios do Uruguai (FEUU), a Federa\u00e7\u00e3o Uruguaia de Cooperativas de Vivenda (Fucvam), o Sindicato \u00danico de Telecomunica\u00e7\u00f5es (Antel), a Uni\u00e3o de Trabalhadores Estatais (UTA), sindicatos de docentes, entre outros movimentos organizados.<\/p>\n<p>Em entrevista \u00e0 imprensa, representantes sindicais denunciaram que o aumento da infla\u00e7\u00e3o tem atingido o poder aquisitivo do sal\u00e1rio e que a crise tem fortalecido uma contraofensiva da direita. Segundo o presidente da central sindical PIT-CNT, Fern\u00e1ndez Pereira, \u201cse questiona que a \u00fanica vari\u00e1vel de ajuste seja o que a classe oper\u00e1ria tem para oferecer: sua for\u00e7a de trabalho\u201d.<\/p>\n<p>Os sindicatos unificados em torno da greve geral prop\u00f5em pol\u00edticas antic\u00edclicas para expandir a capacidade de consumo interno, como a cria\u00e7\u00e3o de novos postos de trabalho, o aumento dos investimentos p\u00fablicos e est\u00edmulos para a compra de insumos nacionais de produtores uruguaios.\u00a0 A queda dos pre\u00e7os das mat\u00e9rias primas e o car\u00e1ter dependente da economia uruguaia t\u00eam atingido fortemente a popula\u00e7\u00e3o.<\/p>\n<p>Claudio Arbes\u00fan, da FEUU, denunciou tamb\u00e9m o corte do or\u00e7amento universit\u00e1rio. Segundo ele, \u201cna universidade se produz o 80% das investiga\u00e7\u00f5es cientificas no pa\u00eds, o corte no or\u00e7amento implica cortar a possibilidade do desenvolvimento nacional\u201d.<\/p>\n<p><em>*Com edi\u00e7\u00e3o do ANDES-SN<\/em><\/p>\n<p>http:\/\/www.andes.org.br:8080\/andes\/print-ultimas-noticias.andes?id=8230<\/p>\n","protected":false},"excerpt":{"rendered":"Sindicato Nacional dos Docentes das Institui\u00e7\u00f5es de Ensino Superior &#8211; ANDES-SN Greve geral no Uruguai mobiliza mais de um milh\u00e3o de pessoas contra \n<a class=\"moretag\" href=\"https:\/\/pcb.org.br\/portal2\/11621\"> <\/a>","protected":false},"author":1,"featured_media":0,"comment_status":"closed","ping_status":"closed","sticky":false,"template":"","format":"standard","meta":{"jetpack_post_was_ever_published":false,"_jetpack_newsletter_access":"","_jetpack_dont_email_post_to_subs":false,"_jetpack_newsletter_tier_id":0,"_jetpack_memberships_contains_paywalled_content":false,"_jetpack_memberships_contains_paid_content":false,"footnotes":"","jetpack_publicize_message":"","jetpack_publicize_feature_enabled":true,"jetpack_social_post_already_shared":false,"jetpack_social_options":{"image_generator_settings":{"template":"highway","default_image_id":0,"font":"","enabled":false},"version":2}},"categories":[76],"tags":[],"class_list":["post-11621","post","type-post","status-publish","format-standard","hentry","category-c89-uruguai"],"jetpack_publicize_connections":[],"jetpack_featured_media_url":"","jetpack_shortlink":"https:\/\/wp.me\/p659gw-31r","jetpack-related-posts":[],"jetpack_likes_enabled":true,"jetpack_sharing_enabled":true,"_links":{"self":[{"href":"https:\/\/pcb.org.br\/portal2\/wp-json\/wp\/v2\/posts\/11621","targetHints":{"allow":["GET"]}}],"collection":[{"href":"https:\/\/pcb.org.br\/portal2\/wp-json\/wp\/v2\/posts"}],"about":[{"href":"https:\/\/pcb.org.br\/portal2\/wp-json\/wp\/v2\/types\/post"}],"author":[{"embeddable":true,"href":"https:\/\/pcb.org.br\/portal2\/wp-json\/wp\/v2\/users\/1"}],"replies":[{"embeddable":true,"href":"https:\/\/pcb.org.br\/portal2\/wp-json\/wp\/v2\/comments?post=11621"}],"version-history":[{"count":0,"href":"https:\/\/pcb.org.br\/portal2\/wp-json\/wp\/v2\/posts\/11621\/revisions"}],"wp:attachment":[{"href":"https:\/\/pcb.org.br\/portal2\/wp-json\/wp\/v2\/media?parent=11621"}],"wp:term":[{"taxonomy":"category","embeddable":true,"href":"https:\/\/pcb.org.br\/portal2\/wp-json\/wp\/v2\/categories?post=11621"},{"taxonomy":"post_tag","embeddable":true,"href":"https:\/\/pcb.org.br\/portal2\/wp-json\/wp\/v2\/tags?post=11621"}],"curies":[{"name":"wp","href":"https:\/\/api.w.org\/{rel}","templated":true}]}}