{"id":11645,"date":"2016-07-23T00:42:58","date_gmt":"2016-07-23T03:42:58","guid":{"rendered":"http:\/\/pcb.org.br\/portal2\/?p=11645"},"modified":"2016-08-11T01:20:44","modified_gmt":"2016-08-11T04:20:44","slug":"colombia-e-um-dos-10-paises-mais-perigosos-para-os-sindicalistas","status":"publish","type":"post","link":"https:\/\/pcb.org.br\/portal2\/11645","title":{"rendered":"Col\u00f4mbia \u00e9 um dos 10 pa\u00edses mais perigosos para os sindicalistas"},"content":{"rendered":"<p><img data-recalc-dims=\"1\" height=\"400\" width=\"620\" decoding=\"async\" class=\"imagem\" title=\"imagem\" src=\"https:\/\/i0.wp.com\/www.resumenlatinoamericano.org\/wp-content\/uploads\/2016\/07\/1-de-mayo-4-20161-770x400-620x400.jpg?resize=620%2C400\" alt=\"imagem\" \/><\/p>\n<p>Resumen Latinoamericano\/ 15 de julho de 2016 \u2013 A Col\u00f4mbia \u00e9 um dos 10 pa\u00edses do mundo onde menos se respeita os direitos dos trabalhadores, assim o conclui em recente estudo da Confedera\u00e7\u00e3o Sindical Internacional (CSI). O organismo tamb\u00e9m assinala que as restri\u00e7\u00f5es da liberdade de express\u00e3o e <!--more-->de reuni\u00e3o, incluindo intensas campanhas de repress\u00e3o em alguns pa\u00edses, aumentaram em uns 22%, registrando-se restri\u00e7\u00f5es em 50 dos 141 pa\u00edses inclu\u00eddos no informe.<\/p>\n<p>De acordo com Carlos Julio D\u00edaz, diretor da Escola Nacional Sindical, \u201cDe cada 100 atos de viol\u00eancia contra sindicalistas no mundo, a metade ocorre na Col\u00f4mbia, onde o direito \u00e0 greve est\u00e1 em via de extin\u00e7\u00e3o\u201d.<\/p>\n<p>Este tipo de infra\u00e7\u00e3o aos direitos dos trabalhadores \u00e9 poss\u00edvel devido ao fato de que o Estado colombiano n\u00e3o efetua um controle e acompanhamento oportuno aos marcos regulat\u00f3rios que devem garantir os direitos dos trabalhadores, o que evidencia que o Estado \u00e9 um dos grandes respons\u00e1veis pelas viol\u00eancias aos direitos humanos pela incapacidade e falta de vontade para atuar, explica D\u00edaz.<\/p>\n<p>\u201cO setor empresarial na Col\u00f4mbia tem uma l\u00f3gica antissindical\u201d, explica o diretor da Escola Nacional Sindical, acrescentando que o TLC com a Coreia que teve in\u00edcio nesta sexta-feira, tamb\u00e9m impossibilita o desenvolvimento industrial colombiano: \u201cContinuamos sendo um dos 10 pa\u00edses onde \u00e9 mais dif\u00edcil ser sindicalista\u201d.<\/p>\n<p>Frente ao panorama internacional, Sharan Burrow, Secret\u00e1ria Geral da CSI, afirma \u201cEstamos sendo testemunhas do fechamento de espa\u00e7os democr\u00e1ticos e do aumento da inseguran\u00e7a, do temor e da intimida\u00e7\u00e3o para com os trabalhadores e trabalhadoras. Pelo ritmo em que se est\u00e3o intensificando os ataques contra os direitos, inclusive em algumas democracias, como por exemplo, as propostas do Governo da Finl\u00e2ndia ou a nova lei de sindicatos do Reino Unido, indica uma alarmante tend\u00eancia para os trabalhadores\/as e suas fam\u00edlias\u201d.<\/p>\n<p>Cabe ressaltar que a Organiza\u00e7\u00e3o para a Coopera\u00e7\u00e3o e Desenvolvimento Econ\u00f4mico (OCDE), informou, semanas atr\u00e1s, que um dos pa\u00edses onde mais se trabalha ao ano \u00e9 a Col\u00f4mbia, com 2.496 horas em m\u00e9dia. Bielorr\u00fassia, China, Col\u00f4mbia, Camboja, Guatemala, \u00cdndia, Ir\u00e3, Qatar, Turquia e os Emirados \u00c1rabes Unidos, s\u00e3o os dez piores pa\u00edses do mundo para os trabalhadores e trabalhadoras.<\/p>\n<p>\u201cO panorama \u00e9 complicado, por\u00e9m os acordos de paz de Havana nos abrem possibilidades democr\u00e1ticas\u201d, conclui Carlos Julio D\u00edaz.<\/p>\n<p>Fonte: http:\/\/www.resumenlatinoamericano.org\/2016\/07\/18\/colombia-es-uno-de-los-10-paises-mas-peligrosos-para-los-sindicalistas\/<\/p>\n<p>Tradu\u00e7\u00e3o: Partido Comunista Brasileiro (PCB)<\/p>\n","protected":false},"excerpt":{"rendered":"Resumen Latinoamericano\/ 15 de julho de 2016 \u2013 A Col\u00f4mbia \u00e9 um dos 10 pa\u00edses do mundo onde menos se respeita os direitos \n<a class=\"moretag\" href=\"https:\/\/pcb.org.br\/portal2\/11645\"> <\/a>","protected":false},"author":1,"featured_media":0,"comment_status":"closed","ping_status":"closed","sticky":false,"template":"","format":"standard","meta":{"jetpack_post_was_ever_published":false,"_jetpack_newsletter_access":"","_jetpack_dont_email_post_to_subs":false,"_jetpack_newsletter_tier_id":0,"_jetpack_memberships_contains_paywalled_content":false,"_jetpack_memberships_contains_paid_content":false,"footnotes":"","jetpack_publicize_message":"","jetpack_publicize_feature_enabled":true,"jetpack_social_post_already_shared":false,"jetpack_social_options":{"image_generator_settings":{"template":"highway","default_image_id":0,"font":"","enabled":false},"version":2}},"categories":[34],"tags":[],"class_list":["post-11645","post","type-post","status-publish","format-standard","hentry","category-c39-colombia"],"jetpack_publicize_connections":[],"jetpack_featured_media_url":"","jetpack_shortlink":"https:\/\/wp.me\/p659gw-31P","jetpack-related-posts":[],"jetpack_likes_enabled":true,"jetpack_sharing_enabled":true,"_links":{"self":[{"href":"https:\/\/pcb.org.br\/portal2\/wp-json\/wp\/v2\/posts\/11645","targetHints":{"allow":["GET"]}}],"collection":[{"href":"https:\/\/pcb.org.br\/portal2\/wp-json\/wp\/v2\/posts"}],"about":[{"href":"https:\/\/pcb.org.br\/portal2\/wp-json\/wp\/v2\/types\/post"}],"author":[{"embeddable":true,"href":"https:\/\/pcb.org.br\/portal2\/wp-json\/wp\/v2\/users\/1"}],"replies":[{"embeddable":true,"href":"https:\/\/pcb.org.br\/portal2\/wp-json\/wp\/v2\/comments?post=11645"}],"version-history":[{"count":0,"href":"https:\/\/pcb.org.br\/portal2\/wp-json\/wp\/v2\/posts\/11645\/revisions"}],"wp:attachment":[{"href":"https:\/\/pcb.org.br\/portal2\/wp-json\/wp\/v2\/media?parent=11645"}],"wp:term":[{"taxonomy":"category","embeddable":true,"href":"https:\/\/pcb.org.br\/portal2\/wp-json\/wp\/v2\/categories?post=11645"},{"taxonomy":"post_tag","embeddable":true,"href":"https:\/\/pcb.org.br\/portal2\/wp-json\/wp\/v2\/tags?post=11645"}],"curies":[{"name":"wp","href":"https:\/\/api.w.org\/{rel}","templated":true}]}}