{"id":11674,"date":"2016-07-25T12:28:03","date_gmt":"2016-07-25T15:28:03","guid":{"rendered":"http:\/\/pcb.org.br\/portal2\/?p=11674"},"modified":"2016-08-11T01:21:24","modified_gmt":"2016-08-11T04:21:24","slug":"liberdade-ao-camarada-bilal-kayed-e-a-todos-os-presos-politicos-palestinos","status":"publish","type":"post","link":"https:\/\/pcb.org.br\/portal2\/11674","title":{"rendered":"Liberdade ao camarada Bilal Kayed e a todos os presos pol\u00edticos palestinos"},"content":{"rendered":"<p><img data-recalc-dims=\"1\" decoding=\"async\" class=\"imagem\" title=\"imagem\" src=\"https:\/\/i0.wp.com\/www.abpnoticias.org\/images\/palestina\/bilal2.gif?w=747\" alt=\"imagem\" \/>O Movimento Continental Bolivariano (MCB) expressa sua solidariedade com o camarada BILAL KAYED, Comandante da Frente Popular pela Liberta\u00e7\u00e3o da Palestina (FPLP), que terminou sua condena\u00e7\u00e3o injusta e ilegal de quinze (15) anos e, quando se preparava para sair em liberdade, foi declarado pelas for\u00e7as de sionistas de ocupa\u00e7\u00e3o \u201cdetido administrativo\u201d, considerando-o como \u201camea\u00e7a e perigo para a <!--more-->seguran\u00e7a de Israel\u201d. O camarada Bilal Kayed, por conta desta decis\u00e3o brutal e fascista dos sionistas, iniciou uma greve de fome indefinida, que j\u00e1 dura mais de trinta e cinco (35) dias ingerindo apenas \u00e1gua.<\/p>\n<p>A Lei de Deten\u00e7\u00e3o Administrativa \u00e9 uma lei da \u00e9poca do colonialismo brit\u00e2nico, e os sionistas a mant\u00e9m em vig\u00eancia com outras leis fascistas para torturar e reprimir o povo palestino, especialmente os presos pol\u00edticos.<\/p>\n<p>Uma deten\u00e7\u00e3o administrativa significa que as autoridades carcer\u00e1rias podem renovar a deten\u00e7\u00e3o de um preso pol\u00edtico v\u00e1rias vezes, sem que o detido goze do direito de estar informado sobre as raz\u00f5es de sua deten\u00e7\u00e3o e, tamb\u00e9m, que o advogado tenha acesso \u00e0 informa\u00e7\u00e3o sobre o caso ou \u00e0 acusa\u00e7\u00e3o com a desculpa de que \u00e9 um segredo militar do tribunal.<\/p>\n<p>Os sionistas tentaram negociar sua liberdade oferecendo-lhe viver fora da Palestina (como expulso) e ele respondeu: \u201cminha liberdade e meu direito \u00e0 luta pela liberta\u00e7\u00e3o de minha P\u00e1tria e meu Povo n\u00e3o se negociam\u201d. Hoje, seu estado de sa\u00fade \u00e9 sumamente delicado e sua vida est\u00e1 seriamente amea\u00e7ada. Por isso, as autoridades carcer\u00e1rias o transferiram para um hospital. Os camaradas presos do FPLP e, principalmente, o camarada AHMAD SAADAT, Secret\u00e1rio Geral da Frente, em apoio e solidariedade com o camarada BILAL, entraram em greve de fome, exigindo a liberta\u00e7\u00e3o imediata do mesmo. N\u00f3s do Movimento Continental Bolivariano (MCB) e das for\u00e7as pol\u00edticas e partidos da Am\u00e9rica Latina, terra de luta anti-imperialista e de libertadores, apoiamos nosso camarada BILAL KAYED e exigimos sua imediata liberta\u00e7\u00e3o e a liberta\u00e7\u00e3o de todos os presos pol\u00edticos nos c\u00e1rceres sionistas.<\/p>\n<p>Mais uma vez, reiteramos nosso apoio \u00e0 luta heroica do Povo Palestino, pela liberta\u00e7\u00e3o da Palestina do colonialismo sionista e imperialista, como condi\u00e7\u00e3o vital para realizar o retorno de todos os palestinos expatriados a seus lugares de origem e, assim, viver em um estado democr\u00e1tico sem nenhum tipo de racismo, discrimina\u00e7\u00e3o e explora\u00e7\u00e3o.<\/p>\n<p>Cerramos fileiras com os camaradas da Frente Popular e todos os lutadores anti-imperialistas e antissionistas palestinos e \u00e1rabes para tornar mais pr\u00f3ximo o dia da vit\u00f3ria final em nossa Am\u00e9rica Latina e na P\u00e1tria \u00c1rabe.<\/p>\n<p><b>Movimento Continental Bolivariano (MCB).<\/b><\/p>\n<p>Narciso Isa Conde, Coordenador \u2013 Presid\u00eancia Coletiva do MCB<\/p>\n<p>Carlos Casanueva Troncoso, Secret\u00e1rio Geral \u2013 Dire\u00e7\u00e3o Executiva do MCB.<\/p>\n<p>Caracas, 19 de julho de 2016.<\/p>\n<p>Fonte: http:\/\/www.abpnoticias.org\/index.php\/nosotros\/prisioneros-politicos\/3247-libertad-al-camarada-bilal-kayed<\/p>\n<p>Tradu\u00e7\u00e3o: Partido Comunista Brasileiro (PCB)<\/p>\n","protected":false},"excerpt":{"rendered":"O Movimento Continental Bolivariano (MCB) expressa sua solidariedade com o camarada BILAL KAYED, Comandante da Frente Popular pela Liberta\u00e7\u00e3o da Palestina (FPLP), que \n<a class=\"moretag\" href=\"https:\/\/pcb.org.br\/portal2\/11674\"> <\/a>","protected":false},"author":1,"featured_media":0,"comment_status":"closed","ping_status":"closed","sticky":false,"template":"","format":"standard","meta":{"jetpack_post_was_ever_published":false,"_jetpack_newsletter_access":"","_jetpack_dont_email_post_to_subs":false,"_jetpack_newsletter_tier_id":0,"_jetpack_memberships_contains_paywalled_content":false,"_jetpack_memberships_contains_paid_content":false,"footnotes":"","jetpack_publicize_message":"","jetpack_publicize_feature_enabled":true,"jetpack_social_post_already_shared":false,"jetpack_social_options":{"image_generator_settings":{"template":"highway","default_image_id":0,"font":"","enabled":false},"version":2}},"categories":[78],"tags":[],"class_list":["post-11674","post","type-post","status-publish","format-standard","hentry","category-c91-solidariedade-a-palestina"],"jetpack_publicize_connections":[],"jetpack_featured_media_url":"","jetpack_shortlink":"https:\/\/wp.me\/p659gw-32i","jetpack-related-posts":[],"jetpack_likes_enabled":true,"jetpack_sharing_enabled":true,"_links":{"self":[{"href":"https:\/\/pcb.org.br\/portal2\/wp-json\/wp\/v2\/posts\/11674","targetHints":{"allow":["GET"]}}],"collection":[{"href":"https:\/\/pcb.org.br\/portal2\/wp-json\/wp\/v2\/posts"}],"about":[{"href":"https:\/\/pcb.org.br\/portal2\/wp-json\/wp\/v2\/types\/post"}],"author":[{"embeddable":true,"href":"https:\/\/pcb.org.br\/portal2\/wp-json\/wp\/v2\/users\/1"}],"replies":[{"embeddable":true,"href":"https:\/\/pcb.org.br\/portal2\/wp-json\/wp\/v2\/comments?post=11674"}],"version-history":[{"count":0,"href":"https:\/\/pcb.org.br\/portal2\/wp-json\/wp\/v2\/posts\/11674\/revisions"}],"wp:attachment":[{"href":"https:\/\/pcb.org.br\/portal2\/wp-json\/wp\/v2\/media?parent=11674"}],"wp:term":[{"taxonomy":"category","embeddable":true,"href":"https:\/\/pcb.org.br\/portal2\/wp-json\/wp\/v2\/categories?post=11674"},{"taxonomy":"post_tag","embeddable":true,"href":"https:\/\/pcb.org.br\/portal2\/wp-json\/wp\/v2\/tags?post=11674"}],"curies":[{"name":"wp","href":"https:\/\/api.w.org\/{rel}","templated":true}]}}