{"id":1175,"date":"2011-02-02T00:53:22","date_gmt":"2011-02-02T00:53:22","guid":{"rendered":"http:\/\/pcb.org.br\/portal2\/?p=1175"},"modified":"2011-02-02T00:53:22","modified_gmt":"2011-02-02T00:53:22","slug":"carta-ao-consulado-do-egito","status":"publish","type":"post","link":"https:\/\/pcb.org.br\/portal2\/1175","title":{"rendered":"CARTA AO CONSULADO DO EGITO"},"content":{"rendered":"\n<p>Ao Consulado da Rep\u00fablica \u00c1rabe do Egito no Rio de Janeiro<\/p>\n<p>Exma Senhora C\u00f4nsul Ministra Plenipotenci\u00e1ria Amany Mohamed Kamal El Etr<\/p>\n<p>Muitos de n\u00f3s brasileiros, signat\u00e1rios desta carta, estivemos nas trincheiras da luta contra a Ditadura Militar no Brasil, derrotada pela for\u00e7a do povo nas ruas. Por isso, somos capazes de entender com profundidade o sofrimento do povo eg\u00edpcio que, h\u00e1 trinta anos, vem sendo submetido a um regime cruel que, na defesa de seus interesses mesquinhos e para atender \u00e0s exig\u00eancias da geopol\u00edtica dos Estados Unidos, seu patrocinador, n\u00e3o tem hesitado em prender e torturar seus opositores, desafiando, impunemente, as leis internacionais que tratam dos Direitos Humanos. E se assim o faz \u00e9 porque tem a prote\u00e7\u00e3o, o apoio e a cumplicidade dos Estados Unidos que, em troca de uma substancial ajuda militar e da manuten\u00e7\u00e3o dos privil\u00e9gios dos governantes corruptos e de uma elite insens\u00edvel, imp\u00f5e um regime ditatorial e violento que faz da mis\u00e9ria, da fome, do desemprego e do analfabetismo de grande parte da popula\u00e7\u00e3o, seus principais trunfos para manter-se no poder e assim perpetuar a domina\u00e7\u00e3o imperialista e sionista no Oriente M\u00e9dio.<\/p>\n<p>As manifesta\u00e7\u00f5es de protesto dos eg\u00edpcios e suas reivindica\u00e7\u00f5es t\u00eam a simpatia e a solidariedade de todas as pessoas de consci\u00eancia no mundo. Eles t\u00eam todo o direito de se revoltarem e de exigir a sa\u00edda do ditador, o fim de seu regime autorit\u00e1rio e o rompimento definitivo com os EUA e Israel, sem o qual nada muda, porque suportaram durante trinta anos o cont\u00ednuo rebaixamento de seu n\u00edvel de vida, sendo privados de seus direitos mais elementares, tudo em nome das poderosas pot\u00eancias estrangeiras que usurpam o petr\u00f3leo do Oriente M\u00e9dio e exercem seu poder pol\u00edtico e militar sobre os povos \u00e1rabes.<\/p>\n<p>O povo eg\u00edpcio, agora, est\u00e1 disposto a ir at\u00e9 o fim para encerrar de vez a era de arb\u00edtrio, e construir em seu lugar, um governo democr\u00e1tico que seja capaz de devolver a eles todos os seus direitos usurpados, que respeite sua autodetermina\u00e7\u00e3o e o seu direito de organizar seus partidos e sindicatos, construindo para este pa\u00eds uma nova era em que a liberdade seja a base e que a bandeira da solidariedade seja levantada toda vez que um povo estiver sendo oprimido.<\/p>\n<p>Manifestamos o nosso mais profundo pesar \u00e0s fam\u00edlias daqueles que tombaram durante essa jornada de lutas e repudiamos essa atitude violenta do governo Mubarak que pretende, pela for\u00e7a das armas, silenciar os protestos, demonstrando que n\u00e3o tem o menor respeito pelo seu povo e reafirmamos o desejo do povo eg\u00edpcio em romper com a interfer\u00eancia estrangeira em sua soberania.<\/p>\n<p>Daqui do Brasil, nossas vozes ecoar\u00e3o atrav\u00e9s de todos os meios poss\u00edveis para fortalecer o grito de liberdade do povo eg\u00edpcio e esperamos que V. Ex.\u00aa, como representante deste pa\u00eds no Brasil, fa\u00e7a chegar at\u00e9 o governo Mubarak a nossa mensagem.<\/p>\n<p><strong>Assinam:<\/strong><\/p>\n<p>CSP \u2013 CONLUTAS<\/p>\n<p>INTERSINDICAL<\/p>\n<p>CUT \u2013 CENTRAL \u00daNICA DOS TRABALHADORES<\/p>\n<p>PCB<\/p>\n<p>PSTU<\/p>\n<p>O MORENA \u2013 C\u00cdRCULOS BOLIVARIANOS<\/p>\n<p>JUBILEU SUL<\/p>\n<p>ANEL<\/p>\n<p>UJC \u2013 UNI\u00c3O DA JUVENTUDE COMUNISTA<\/p>\n<p>N\u00daCLEO FREI TITO DE DIREITOS HUMANOS, COMUNICA\u00c7\u00c3O E CULTURA DO PSOL<\/p>\n<p>MST \u2013 MOVIMENTO DOS TRABALHADORES SEM TERRA<\/p>\n<p>COMIT\u00ca DE SOLIDARIEDADE \u00c0 LUTA DO POVO PALESTINO RJ<\/p>\n<p>Fonte: http:\/\/somostodospalestinos.blogspot.com\/2011\/02\/carta-ao-consulado-do-egito.html<\/p>\n","protected":false},"excerpt":{"rendered":"\n\n\nCr\u00e9dito: t3.gstatic.com\n\n\n\n\n\n\n\n\nRio de Janeiro, 01 de fevereiro de 2011\n<a class=\"moretag\" href=\"https:\/\/pcb.org.br\/portal2\/1175\"> <\/a>","protected":false},"author":1,"featured_media":0,"comment_status":"open","ping_status":"open","sticky":false,"template":"","format":"standard","meta":{"jetpack_post_was_ever_published":false,"_jetpack_newsletter_access":"","_jetpack_dont_email_post_to_subs":false,"_jetpack_newsletter_tier_id":0,"_jetpack_memberships_contains_paywalled_content":false,"_jetpack_memberships_contains_paid_content":false,"footnotes":"","jetpack_publicize_message":"","jetpack_publicize_feature_enabled":true,"jetpack_social_post_already_shared":false,"jetpack_social_options":{"image_generator_settings":{"template":"highway","default_image_id":0,"font":"","enabled":false},"version":2}},"categories":[71],"tags":[],"class_list":["post-1175","post","type-post","status-publish","format-standard","hentry","category-c84-solidariedade"],"jetpack_publicize_connections":[],"jetpack_featured_media_url":"","jetpack_shortlink":"https:\/\/wp.me\/p659gw-iX","jetpack-related-posts":[],"jetpack_likes_enabled":true,"jetpack_sharing_enabled":true,"_links":{"self":[{"href":"https:\/\/pcb.org.br\/portal2\/wp-json\/wp\/v2\/posts\/1175","targetHints":{"allow":["GET"]}}],"collection":[{"href":"https:\/\/pcb.org.br\/portal2\/wp-json\/wp\/v2\/posts"}],"about":[{"href":"https:\/\/pcb.org.br\/portal2\/wp-json\/wp\/v2\/types\/post"}],"author":[{"embeddable":true,"href":"https:\/\/pcb.org.br\/portal2\/wp-json\/wp\/v2\/users\/1"}],"replies":[{"embeddable":true,"href":"https:\/\/pcb.org.br\/portal2\/wp-json\/wp\/v2\/comments?post=1175"}],"version-history":[{"count":0,"href":"https:\/\/pcb.org.br\/portal2\/wp-json\/wp\/v2\/posts\/1175\/revisions"}],"wp:attachment":[{"href":"https:\/\/pcb.org.br\/portal2\/wp-json\/wp\/v2\/media?parent=1175"}],"wp:term":[{"taxonomy":"category","embeddable":true,"href":"https:\/\/pcb.org.br\/portal2\/wp-json\/wp\/v2\/categories?post=1175"},{"taxonomy":"post_tag","embeddable":true,"href":"https:\/\/pcb.org.br\/portal2\/wp-json\/wp\/v2\/tags?post=1175"}],"curies":[{"name":"wp","href":"https:\/\/api.w.org\/{rel}","templated":true}]}}