{"id":1185,"date":"2011-02-05T15:25:36","date_gmt":"2011-02-05T15:25:36","guid":{"rendered":"http:\/\/pcb.org.br\/portal2\/?p=1185"},"modified":"2011-02-05T15:25:36","modified_gmt":"2011-02-05T15:25:36","slug":"manifestantes-fazem-ato-contra-presidente-do-egito-no-centro-de-sp","status":"publish","type":"post","link":"https:\/\/pcb.org.br\/portal2\/1185","title":{"rendered":"Manifestantes fazem ato contra presidente do Egito no Centro de SP"},"content":{"rendered":"\n<p><strong>Roberta Steganha<\/strong> Do G1 SP<\/p>\n<p>Pessoas fazem passeata em ruas da regi\u00e3o.<\/p>\n<p>Cerca 200 pessoas, segundo c\u00e1lculos da Pol\u00edcia Militar, se reuniram na regi\u00e3o da 25 de Mar\u00e7o, no Centro de S\u00e3o Paulo, para um ato p\u00fablico de apoio \u00e0 revolu\u00e7\u00e3o no Egito na tarde desta sexta-feira (4).<\/p>\n<p>Os manifestantantes se dizem contr\u00e1rios \u00e0 &#8220;ditadura instaurada pelo presidente Hosni Mubarak&#8221; e pedem sua sa\u00edda imediata. O protesto \u00e9 organizado por entidades \u00e1rabes e centrais sindicais. Eles fizeram uma concentra\u00e7\u00e3o nas esquinas das ruas 25 de Mar\u00e7o e Carlos Nazar\u00e9 com faixas e bandeiras com inscri\u00e7\u00f5es como &#8220;o povo eg\u00edpcio \u00e9 meu amigo, mexeu com ele, mexeu comigo&#8221;. \u00c0s 18h, seguiram em passeata por ruas da regi\u00e3o.<\/p>\n<p>Para o comerciante Mohamad Elkadri, de 48 anos, descendente de libaneses, a ideia \u00e9 prestar solidariedade ao povo eg\u00edpcio que est\u00e1 sofrendo com o governo atual. &#8220;O isl\u00e3 \u00e9 a submiss\u00e3o a Deus e n\u00e3o a governantes tiranos do mundo \u00e1rabe.&#8221;<\/p>\n<p>Para a advogada Luciana Cury, de 49 anos, convertida ao isl\u00e3 em 2010, n\u00e3o existe a possibilidade de se esperar uma transi\u00e7\u00e3o moderada. &#8220;Agora n\u00e3o existe outra forma que n\u00e3o uma revolu\u00e7\u00e3o&#8221;, afirma.<\/p>\n<p>No Cairo, dezenas de milhares de eg\u00edpicios oraram na Pra\u00e7a Tahrir nesta sexta pedindo a sa\u00edda do presidente, no que foi chamado o &#8220;Dia da Sa\u00edda&#8221;.<\/p>\n<p>Os protestos no Egito &#8211; assim como no Marrocos, no I\u00eamen, na S\u00edria, na Jord\u00e2nia e em outros pa\u00edses mu\u00e7ulmanos &#8211; foram inspirados pelo levante popular que derrubou o presidente da Tun\u00edsia, Zine El Abidine Ben Ali, que caiu pela press\u00e3o popular ap\u00f3s 23 anos no poder.<\/p>\n<p>Fonte: <a href=\"http:\/\/g1.globo.com\/sao-paulo\/noticia\/2011\/02\/manifestantes-fazem-ato-contra-presidente-do-egito-no-centro-de-sp.html?utm_source=g1&amp;utm_medium=email&amp;utm_campaign=sharethis\" target=\"_blank\">G1<\/a><\/p>\n","protected":false},"excerpt":{"rendered":"\n\n\nCr\u00e9dito: s.glbimg.com\n\n\n\n\n\n\n\n\nEntidades \u00e1rabes e centrais sindicais pedem sa\u00edda de Hosni Mubarak.\n<a class=\"moretag\" href=\"https:\/\/pcb.org.br\/portal2\/1185\"> <\/a>","protected":false},"author":1,"featured_media":0,"comment_status":"open","ping_status":"open","sticky":false,"template":"","format":"standard","meta":{"jetpack_post_was_ever_published":false,"_jetpack_newsletter_access":"","_jetpack_dont_email_post_to_subs":false,"_jetpack_newsletter_tier_id":0,"_jetpack_memberships_contains_paywalled_content":false,"_jetpack_memberships_contains_paid_content":false,"footnotes":"","jetpack_publicize_message":"","jetpack_publicize_feature_enabled":true,"jetpack_social_post_already_shared":false,"jetpack_social_options":{"image_generator_settings":{"template":"highway","default_image_id":0,"font":"","enabled":false},"version":2}},"categories":[71],"tags":[],"class_list":["post-1185","post","type-post","status-publish","format-standard","hentry","category-c84-solidariedade"],"jetpack_publicize_connections":[],"jetpack_featured_media_url":"","jetpack_shortlink":"https:\/\/wp.me\/p659gw-j7","jetpack-related-posts":[],"jetpack_likes_enabled":true,"jetpack_sharing_enabled":true,"_links":{"self":[{"href":"https:\/\/pcb.org.br\/portal2\/wp-json\/wp\/v2\/posts\/1185","targetHints":{"allow":["GET"]}}],"collection":[{"href":"https:\/\/pcb.org.br\/portal2\/wp-json\/wp\/v2\/posts"}],"about":[{"href":"https:\/\/pcb.org.br\/portal2\/wp-json\/wp\/v2\/types\/post"}],"author":[{"embeddable":true,"href":"https:\/\/pcb.org.br\/portal2\/wp-json\/wp\/v2\/users\/1"}],"replies":[{"embeddable":true,"href":"https:\/\/pcb.org.br\/portal2\/wp-json\/wp\/v2\/comments?post=1185"}],"version-history":[{"count":0,"href":"https:\/\/pcb.org.br\/portal2\/wp-json\/wp\/v2\/posts\/1185\/revisions"}],"wp:attachment":[{"href":"https:\/\/pcb.org.br\/portal2\/wp-json\/wp\/v2\/media?parent=1185"}],"wp:term":[{"taxonomy":"category","embeddable":true,"href":"https:\/\/pcb.org.br\/portal2\/wp-json\/wp\/v2\/categories?post=1185"},{"taxonomy":"post_tag","embeddable":true,"href":"https:\/\/pcb.org.br\/portal2\/wp-json\/wp\/v2\/tags?post=1185"}],"curies":[{"name":"wp","href":"https:\/\/api.w.org\/{rel}","templated":true}]}}