{"id":11901,"date":"2016-08-22T23:29:12","date_gmt":"2016-08-23T02:29:12","guid":{"rendered":"https:\/\/pcb.org.br\/portal2\/?p=11901"},"modified":"2016-09-27T15:25:32","modified_gmt":"2016-09-27T18:25:32","slug":"israel-faria-empalidecer-o-proprio-herodes","status":"publish","type":"post","link":"https:\/\/pcb.org.br\/portal2\/11901","title":{"rendered":"Israel faria empalidecer o pr\u00f3prio Herodes"},"content":{"rendered":"<p><img data-recalc-dims=\"1\" height=\"400\" width=\"620\" decoding=\"async\" class=\"imagem\" title=\"imagem\" src=\"https:\/\/i0.wp.com\/www.resumenlatinoamericano.org\/wp-content\/uploads\/2016\/08\/unnamed-file-1-620x400.jpg?resize=620%2C400\" alt=\"imagem\" \/>(por Carlos Azn\u00e1rez)<\/p>\n<p>Resumen Latinoamericano\/ 17 de agosto de 2016 \u2013\u00a0A atitude desp\u00f3tica que Israel demonstra diariamente contra o povo palestino se iguala \u00e0 praticada pela \u00c1frica do Sul durante os anos de Apartheid, que foi logicamente repudiado pela comunidade internacional. <!--more-->No entanto, Israel e o sionismo que controlam h\u00e1 anos seu governo parecem ter luz verde para as barbaridades que sua pol\u00edtica repressiva comete no marco de uma ocupa\u00e7\u00e3o ilegal a partir de todo ponto de vista.<\/p>\n<p>N\u00e3o basta manter nas pris\u00f5es do horror mais de 7.000 prisioneiros e prisioneiras palestinas, ou ter enviado ao c\u00e1rcere, no ano de 2016, 560 menores de idade s\u00f3 da zona de Jerusal\u00e9m. Agora tamb\u00e9m voltou a desafiar (ou provocar) a racionalidade, sancionando uma lei de n\u00edvel parlamentar que permite a deten\u00e7\u00e3o de crian\u00e7as de 12 anos que tenham cometido delitos contra a seguran\u00e7a israelense. Isto que em qualquer outro pa\u00eds do mundo geraria uma onda de protestos e interven\u00e7\u00f5es de organismos defensores da inf\u00e2ncia, como a UNICEF, ou outras plataformas de direitos humanos, n\u00e3o custa nada a Israel.<\/p>\n<p>Todo este \u00faltimo levante repressivo come\u00e7ou, \u00e9 preciso recordar, no ano passado, quando um grupo de colonos ultrassionistas acompanhados por integrantes do ex\u00e9rcito, bloqueou as ruas de Jerusal\u00e9m, tentou entrar na Mesquita de Al Aqsa e, como ocorreu resist\u00eancia por parte dos defensores da mesma e de numerosos jovens palestinos, os atacantes geraram um tumulto e atiraram bombas no interior do lugar sagrado para os mu\u00e7ulmanos. A partir desse momento, se desencadearam m\u00faltiplos protestos em toda Cisjord\u00e2nia e tamb\u00e9m em Gaza.<\/p>\n<p>O ex\u00e9rcito israelense vem reprimindo brutalmente. Desde ent\u00e3o, centenas de palestinos foram assassinados, detidos e muitos deles torturados. Dada a dificuldade que o governo sionista tem para submeter aqueles que todos os dias resistem nas ruas, surgem ideias descabeladas como a que agora o Congresso israelense coloca em pr\u00e1tica.<\/p>\n<p>\u201cSe \u00e9 preciso encarcerar os terroristas e seus filhos, o faremos com gosto para assegurar a paz\u201d, disse a ministra da Justi\u00e7a, Ayelet Shaked, a mesma que adquiriu notoriedade quando, sendo deputada pelo partido Lar Judeu, prop\u00f4s assassinar todas as m\u00e3es palestinas que davam a luz a \u201cpequenas serpentes\u201d. Estas propostas e outras similares t\u00eam inquestion\u00e1vel peso em importantes setores da sociedade israelense e \u00e9 por isso que ningu\u00e9m acha absurdo quando parlamentares de um pa\u00eds que tem legalizada a tortura, agora aponte toda sua bateria repressiva contra meninos e meninas palestinos de apenas 12 anos. Em virtude disso, estas criaturas podem ser detidas, interrogadas durante mais de um m\u00eas (isso marca a obscura \u201clegalidade\u201d sionista), pressionadas com todo tipo de torturas psicol\u00f3gicas e n\u00e3o poucos golpes (desses que n\u00e3o deixam marcas, e que por d\u00favida alguma um organismo internacional ousaria interessar-se no caso) e, finalmente, enviadas a esses c\u00e1rceres-tumba pelos quais passaram centenas de menores.<\/p>\n<p>A decis\u00e3o deste Parlamento do terror estatal n\u00e3o deixa d\u00favidas sobre o que est\u00e1 sendo posto em marcha, j\u00e1 que a nova lei permite deter menores de 12, 13 e 14 anos que sejam acusados de lan\u00e7ar pedras ou \u201catacar civis israelenses e pessoal militar\u201d. Tamb\u00e9m d\u00e1 liberdade aos tribunais israelenses \u201cpara adiar a data da transfer\u00eancia do menor condenado de uma instala\u00e7\u00e3o fechada a uma pris\u00e3o, reduzir a senten\u00e7a de pris\u00e3o do menor sentenciado ou cancela-la\u201d. Com a nova norma, os tribunais decidir\u00e3o se um menor de at\u00e9 12 anos pode ser condenado \u00e0 pris\u00e3o, por\u00e9m enquanto durarem esses \u201cdebates\u201d nas Cortes, \u201co menor deve permanecer encarcerado em uma instala\u00e7\u00e3o fechada\u201d.<\/p>\n<p>Aqui vale fazer um esclarecimento que descobre ainda mais o absurdo desta legisla\u00e7\u00e3o: na grande maioria dos casos, s\u00e3o os cidad\u00e3os israelenses que atuam como ju\u00edzes improvisados j\u00e1 que apontam com seu dedo homens, mulheres ou crian\u00e7as que lhes pare\u00e7am \u2013 dentro de sua paranoia belicista habitual \u2013 poder converter-se ou se fazerem suspeitos de realizar uma agress\u00e3o. Sem duvida-lo, a soldadesca israelense, no melhor dos casos, os det\u00e9m. No pior, os assassina sem mais escr\u00fapulos. Ali, existem dezenas de v\u00eddeos mostrando estas execu\u00e7\u00f5es sum\u00e1rias.<\/p>\n<p>Portanto, \u201ca maior democracia do Oriente M\u00e9dio\u201d, nas palavras do carniceiro Netanyahu, produz desta forma um novo argumento que faria empalidecer o pr\u00f3prio Herodes. Apontam aqueles que mais temem: a inf\u00e2ncia palestina, esses meninos e meninas que, pela imposi\u00e7\u00e3o da ocupa\u00e7\u00e3o, substitu\u00edram os jogos e divers\u00f5es que s\u00e3o habituais em seus coleguinhas do mundo e correm pelas ruas esgrimindo a arma mais temida: com seus pequenos dedinhos fazem o V da vit\u00f3ria.<\/p>\n<p>Fonte: http:\/\/www.resumenlatinoamericano.org\/2016\/08\/17\/israel-haria-empalidecer-al-propio-herodes-por-carlos-aznarez\/<\/p>\n<p>Tradu\u00e7\u00e3o: Partido Comunista Brasileiro (PCB)<\/p>\n","protected":false},"excerpt":{"rendered":"(por Carlos Azn\u00e1rez) Resumen Latinoamericano\/ 17 de agosto de 2016 \u2013\u00a0A atitude desp\u00f3tica que Israel demonstra diariamente contra o povo palestino se iguala \n<a class=\"moretag\" href=\"https:\/\/pcb.org.br\/portal2\/11901\"> <\/a>","protected":false},"author":1,"featured_media":0,"comment_status":"closed","ping_status":"closed","sticky":false,"template":"","format":"standard","meta":{"jetpack_post_was_ever_published":false,"_jetpack_newsletter_access":"","_jetpack_dont_email_post_to_subs":false,"_jetpack_newsletter_tier_id":0,"_jetpack_memberships_contains_paywalled_content":false,"_jetpack_memberships_contains_paid_content":false,"footnotes":"","jetpack_publicize_message":"","jetpack_publicize_feature_enabled":true,"jetpack_social_post_already_shared":true,"jetpack_social_options":{"image_generator_settings":{"template":"highway","default_image_id":0,"font":"","enabled":false},"version":2}},"categories":[65],"tags":[],"class_list":["post-11901","post","type-post","status-publish","format-standard","hentry","category-c78-internacional"],"jetpack_publicize_connections":[],"jetpack_featured_media_url":"","jetpack_shortlink":"https:\/\/wp.me\/p659gw-35X","jetpack-related-posts":[],"jetpack_likes_enabled":true,"jetpack_sharing_enabled":true,"_links":{"self":[{"href":"https:\/\/pcb.org.br\/portal2\/wp-json\/wp\/v2\/posts\/11901","targetHints":{"allow":["GET"]}}],"collection":[{"href":"https:\/\/pcb.org.br\/portal2\/wp-json\/wp\/v2\/posts"}],"about":[{"href":"https:\/\/pcb.org.br\/portal2\/wp-json\/wp\/v2\/types\/post"}],"author":[{"embeddable":true,"href":"https:\/\/pcb.org.br\/portal2\/wp-json\/wp\/v2\/users\/1"}],"replies":[{"embeddable":true,"href":"https:\/\/pcb.org.br\/portal2\/wp-json\/wp\/v2\/comments?post=11901"}],"version-history":[{"count":0,"href":"https:\/\/pcb.org.br\/portal2\/wp-json\/wp\/v2\/posts\/11901\/revisions"}],"wp:attachment":[{"href":"https:\/\/pcb.org.br\/portal2\/wp-json\/wp\/v2\/media?parent=11901"}],"wp:term":[{"taxonomy":"category","embeddable":true,"href":"https:\/\/pcb.org.br\/portal2\/wp-json\/wp\/v2\/categories?post=11901"},{"taxonomy":"post_tag","embeddable":true,"href":"https:\/\/pcb.org.br\/portal2\/wp-json\/wp\/v2\/tags?post=11901"}],"curies":[{"name":"wp","href":"https:\/\/api.w.org\/{rel}","templated":true}]}}