{"id":11908,"date":"2016-08-23T00:19:46","date_gmt":"2016-08-23T03:19:46","guid":{"rendered":"https:\/\/pcb.org.br\/portal2\/?p=11908"},"modified":"2016-09-27T15:25:44","modified_gmt":"2016-09-27T18:25:44","slug":"pesquisa-aponta-que-falta-de-territorio-causa-desnutricao-de-indigenas-guarani-kaiowa","status":"publish","type":"post","link":"https:\/\/pcb.org.br\/portal2\/11908","title":{"rendered":"Pesquisa aponta que falta de territ\u00f3rio causa desnutri\u00e7\u00e3o de ind\u00edgenas Guarani Kaiow\u00e1"},"content":{"rendered":"<p><img data-recalc-dims=\"1\" decoding=\"async\" class=\"imagem\" title=\"imagem\" src=\"https:\/\/i0.wp.com\/farm8.staticflickr.com\/7471\/28427714914_c22ee7ebe5_z.jpg?w=747&#038;ssl=1\" alt=\"imagem\" \/>Documento traz a an\u00e1lise das viola\u00e7\u00f5es de direitos que s\u00e3o respons\u00e1veis pela situa\u00e7\u00e3o de inseguran\u00e7a alimentar \u00edndigena<\/p>\n<p>Juliana Gon\u00e7alvesBrasil de Fato<\/p>\n<p>S\u00e3o Paulo (SP),\u00a017 de Agosto de 2016<!--more--><\/p>\n<p>No Brasil, o \u00edndice de inseguran\u00e7a alimentar, que mede a dificuldade de acesso a alimentos em quantidade e qualidade adequadas, \u00e9 de 22,6%. Em tr\u00eas comunidades Guarani e Kaiow\u00e1 do Mato Grosso do Sul\u00a0que lutam por seu territ\u00f3rio, esse \u00edndice\u00a0\u00e9 de 100%, ou seja,\u00a0todas as fam\u00edlias entrevistadas sofrem algum tipo de viola\u00e7\u00e3o ao direito de ter uma alimenta\u00e7\u00e3o adequada.<\/p>\n<p>Os n\u00fameros s\u00e3o\u00a0da pesquisa \u201cO Direito Humano \u00e0 Alimenta\u00e7\u00e3o Adequada e \u00e0 Nutri\u00e7\u00e3o do povo Guarani e Kaiow\u00e1 \u2013 um enfoque hol\u00edstico\u201d , coordenada pela FIAN Brasil e pelo Conselho Indigenista Mission\u00e1rio (CIMI), que coletou dados durante tr\u00eas anos junto a ind\u00edgenas Kurusu Amb\u00e1, Ypo\u2019i e Guaiviry de 96 domic\u00edlios.\u00a0O resumo executivo da pesquisa foi lan\u00e7ado nesta ter\u00e7a (16).<\/p>\n<p>Para Cleber C\u00e9sar Buzatto, secret\u00e1rio-executivo do CIMI, h\u00e1 uma rela\u00e7\u00e3o direta entre a fome dos ind\u00edgenas e a falta de posse das terras.<\/p>\n<p>\u201cMuitas comunidades est\u00e3o na beira de estradas ou em \u00e1reas retomadas, sem nenhum espa\u00e7o para plantar ou sem fonte de renda fixa, a n\u00e3o ser o aux\u00edlio de programas sociais\u201d, avalia.<\/p>\n<p>Segundo a publica\u00e7\u00e3o, em 76% dos domic\u00edlios, o entrevistado afirmou que, no m\u00eas anterior, houve dias em que as\u00a0crian\u00e7as e os jovens da casa passaram sem comer e foram dormir com fome, porque n\u00e3o havia comida na casa.<\/p>\n<p>Em 80% das casas, o adulto entrevistado disse ter comido menos para deixar comida para as crian\u00e7as e, em\u00a082%, as pessoas comeram menos do que julgavam ser necess\u00e1rio, porque n\u00e3o dispunham de recursos para obter alimentos.<\/p>\n<p>N\u00e3o falta s\u00f3 comida<br \/>\nAo todo, o grupo dos Guarani\u00a0Kaiow\u00e1 do Mato Grosso do Sul somam mais de 45 mil pessoas e sofrem de in\u00fameras priva\u00e7\u00f5es de direitos.<\/p>\n<p>\u201cGeralmente, as viola\u00e7\u00f5es de direitos dos povos ind\u00edgenas acontecem em raz\u00e3o de sua identidade cultural, e abrem\u00a0portas para a nega\u00e7\u00e3o de outros direitos, incluindo o direito \u00e0 alimenta\u00e7\u00e3o e \u00e0 nutri\u00e7\u00e3o adequadas. Estas viola\u00e7\u00f5es s\u00e3o hist\u00f3ricas, est\u00e3o associadas ao processo de explora\u00e7\u00e3o econ\u00f4mica e s\u00e3o de responsabilidade das tr\u00eas fun\u00e7\u00f5es do Estado brasileiro, como procuramos evidenciar no documento\u201d, ressalta a secret\u00e1ria geral da FIAN Brasil, Val\u00e9ria Burity.<\/p>\n<p>Edi\u00e7\u00e3o:\u00a0Camila Rodrigues da Silva<\/p>\n<p>https:\/\/www.brasildefato.com.br\/2016\/08\/17\/pesquisa-aponta-que-falta-de-territorio-causa-desnutricao-de-indios-guarani-kaiowa\/<\/p>\n","protected":false},"excerpt":{"rendered":"Documento traz a an\u00e1lise das viola\u00e7\u00f5es de direitos que s\u00e3o respons\u00e1veis pela situa\u00e7\u00e3o de inseguran\u00e7a alimentar \u00edndigena Juliana Gon\u00e7alvesBrasil de Fato S\u00e3o Paulo \n<a class=\"moretag\" href=\"https:\/\/pcb.org.br\/portal2\/11908\"> <\/a>","protected":false},"author":1,"featured_media":0,"comment_status":"closed","ping_status":"closed","sticky":false,"template":"","format":"standard","meta":{"jetpack_post_was_ever_published":false,"_jetpack_newsletter_access":"","_jetpack_dont_email_post_to_subs":false,"_jetpack_newsletter_tier_id":0,"_jetpack_memberships_contains_paywalled_content":false,"_jetpack_memberships_contains_paid_content":false,"footnotes":"","jetpack_publicize_message":"","jetpack_publicize_feature_enabled":true,"jetpack_social_post_already_shared":true,"jetpack_social_options":{"image_generator_settings":{"template":"highway","default_image_id":0,"font":"","enabled":false},"version":2}},"categories":[163],"tags":[],"class_list":["post-11908","post","type-post","status-publish","format-standard","hentry","category-movimento-indigena"],"jetpack_publicize_connections":[],"jetpack_featured_media_url":"","jetpack_shortlink":"https:\/\/wp.me\/p659gw-364","jetpack-related-posts":[],"jetpack_likes_enabled":true,"jetpack_sharing_enabled":true,"_links":{"self":[{"href":"https:\/\/pcb.org.br\/portal2\/wp-json\/wp\/v2\/posts\/11908","targetHints":{"allow":["GET"]}}],"collection":[{"href":"https:\/\/pcb.org.br\/portal2\/wp-json\/wp\/v2\/posts"}],"about":[{"href":"https:\/\/pcb.org.br\/portal2\/wp-json\/wp\/v2\/types\/post"}],"author":[{"embeddable":true,"href":"https:\/\/pcb.org.br\/portal2\/wp-json\/wp\/v2\/users\/1"}],"replies":[{"embeddable":true,"href":"https:\/\/pcb.org.br\/portal2\/wp-json\/wp\/v2\/comments?post=11908"}],"version-history":[{"count":0,"href":"https:\/\/pcb.org.br\/portal2\/wp-json\/wp\/v2\/posts\/11908\/revisions"}],"wp:attachment":[{"href":"https:\/\/pcb.org.br\/portal2\/wp-json\/wp\/v2\/media?parent=11908"}],"wp:term":[{"taxonomy":"category","embeddable":true,"href":"https:\/\/pcb.org.br\/portal2\/wp-json\/wp\/v2\/categories?post=11908"},{"taxonomy":"post_tag","embeddable":true,"href":"https:\/\/pcb.org.br\/portal2\/wp-json\/wp\/v2\/tags?post=11908"}],"curies":[{"name":"wp","href":"https:\/\/api.w.org\/{rel}","templated":true}]}}