{"id":12014,"date":"2016-09-08T13:43:40","date_gmt":"2016-09-08T16:43:40","guid":{"rendered":"https:\/\/pcb.org.br\/portal2\/?p=12014"},"modified":"2016-09-27T15:11:02","modified_gmt":"2016-09-27T18:11:02","slug":"nunca-nos-calarao-fora-temer","status":"publish","type":"post","link":"https:\/\/pcb.org.br\/portal2\/12014","title":{"rendered":"Nunca nos calar\u00e3o &#8211; Fora Temer!"},"content":{"rendered":"<p><img data-recalc-dims=\"1\" decoding=\"async\" class=\"imagem\" title=\"imagem\" src=\"https:\/\/i0.wp.com\/www.aduneb.com.br\/uploads\/news\/imagens\/00005804_1_20160905145114_Temer%20FINAL.jpg?w=747\" alt=\"imagem\" \/><em><strong>A Aduneb continua na luta pelo Fora Temer, por entender que se trata de um golpe contra os trabalhadores<\/strong><\/em><\/p>\n<p>O afastamento em definitivo, pelo Senado, da presidente Dilma Rousseff <!--more-->se consolida como um conjunto absurdo e esp\u00fario de manobras institucionais praticados por 61 senadores que representam o lumpesinato da pol\u00edtica (balc\u00e3o de pequenos neg\u00f3cios), a m\u00eddia reacion\u00e1ria e as fra\u00e7\u00f5es da burguesia que querem, de forma c\u00e9lere, aplicar um imenso ataque aos direitos sociais, previdenci\u00e1rios e trabalhistas do povo brasileiro.<\/p>\n<p>O ingrediente principal que move esse movimento, do lixo da pol\u00edtica, torna-se evidente nas a\u00e7\u00f5es do usurpador e das alian\u00e7as que lhe d\u00e3o sustenta\u00e7\u00e3o. Trata-se de um golpe que tem como interesse a reforma da previd\u00eancia, o ataque aos direitos dos trabalhadores na reforma trabalhista, a desvincula\u00e7\u00e3o dos aumentos do sal\u00e1rio m\u00ednimo dos benef\u00edcios previdenci\u00e1rios, o congelamento dos gastos p\u00fablicos por vinte anos, a viol\u00eancia do ajuste fiscal para garantir as condi\u00e7\u00f5es favor\u00e1veis ao pagamento da d\u00edvida p\u00fablica, a entrega do Pr\u00e9-sal, o ataque \u00e0 sa\u00fade e \u00e0 educa\u00e7\u00e3o p\u00fablica, o ataque aos direitos conquistados pelas mulheres, o ataque ao movimento feminista classista e negro, o ataque \u00e0 popula\u00e7\u00e3o LGBT, o ataque \u00e0 popula\u00e7\u00e3o negra, pobre e a prioridade aos interesses privados dos grandes monop\u00f3lios e do capital estrangeiro.<\/p>\n<p>Estamos diante do mais profundo ataque aos trabalhadores. Denunciamos, mais uma vez, que a conta est\u00e1 sendo jogada nas costas dos trabalhadores. No nosso caso, a proposta do usurpador \u00e9 atacar a universidade p\u00fablica para torn\u00e1-la privada.<\/p>\n<p>Esse processo de fraude, que tirou a presidente eleita do cargo, contou com a profunda manipula\u00e7\u00e3o da m\u00eddia, que conseguiu iludir e manipular uma parcela significativa do povo com o falso discurso do combate a corrup\u00e7\u00e3o. Vejam a \u201cfolha corrida\u201d desses senadores e logo todos perceber\u00e3o que se trata de vampiros em banco de sangue.<\/p>\n<p>\u00c9 p\u00fablico e not\u00f3rio o apoio incondicional das diversas esferas do poder com as manobras institucionais que consolidaram o impedimento da presidente. A hist\u00f3ria, com certeza, julgar\u00e1 o Supremo Tribunal Federal (STF) pela flagrante ilegalidade no processo. Pois sabemos que n\u00e3o houve crime de responsabilidade. Foi uma articula\u00e7\u00e3o do parlamento com o judici\u00e1rio e o executivo, orquestrado pelo interino usurpador, que encetaram suas a\u00e7\u00f5es para fechar o processo da forma como planejaram.<\/p>\n<p>Uma importante li\u00e7\u00e3o n\u00e3o deve ser esquecida nesse processo. Apesar de muitos anos de pacto social e de ilus\u00e3o de classes, de tentativa de apassivar as lutas dos trabalhadores, est\u00e3o ressurgindo as lutas sociais e as resist\u00eancias populares. Contudo, o conservadorismo e a rea\u00e7\u00e3o tamb\u00e9m cresceram no \u00faltimo per\u00edodo o que abre uma quadra da luta de classes onde o imprevisto pode aparecer.<\/p>\n<p>Precisamos, neste cen\u00e1rio, construir a unidade de a\u00e7\u00e3o dos trabalhadores e das for\u00e7as de esquerda, para enfrentarmos com capacidade de vit\u00f3ria as for\u00e7as do obscurantismo, do conservadorismo e do projeto neoliberal.<\/p>\n<p><strong>Continuamos na luta:<\/strong><\/p>\n<p><strong>&#8211; Fora Temer!<\/strong><\/p>\n<p><strong>&#8211; Contra a Lei da Morda\u00e7a!\u00a0<\/strong><\/p>\n<p><strong>&#8211; Pelo Encontro Nacional das Classes Trabalhadoras (ENCLAT)!\u00a0<\/strong><\/p>\n<p><strong>&#8211; Nenhum direito pol\u00edtico, humano, trabalhista, previdenci\u00e1rio, social e cultural a menos!<\/strong><\/p>\n<p>Diretoria Executiva Colegiada ADUNEB<\/p>\n<p>http:\/\/www.aduneb.com.br\/noticias.php?news_not_pk=5804<\/p>\n","protected":false},"excerpt":{"rendered":"A Aduneb continua na luta pelo Fora Temer, por entender que se trata de um golpe contra os trabalhadores O afastamento em definitivo, \n<a class=\"moretag\" href=\"https:\/\/pcb.org.br\/portal2\/12014\"> <\/a>","protected":false},"author":1,"featured_media":0,"comment_status":"closed","ping_status":"closed","sticky":false,"template":"","format":"standard","meta":{"jetpack_post_was_ever_published":false,"_jetpack_newsletter_access":"","_jetpack_dont_email_post_to_subs":false,"_jetpack_newsletter_tier_id":0,"_jetpack_memberships_contains_paywalled_content":false,"_jetpack_memberships_contains_paid_content":false,"footnotes":"","jetpack_publicize_message":"","jetpack_publicize_feature_enabled":true,"jetpack_social_post_already_shared":true,"jetpack_social_options":{"image_generator_settings":{"template":"highway","default_image_id":0,"font":"","enabled":false},"version":2}},"categories":[190],"tags":[],"class_list":["post-12014","post","type-post","status-publish","format-standard","hentry","category-fora-temer"],"jetpack_publicize_connections":[],"jetpack_featured_media_url":"","jetpack_shortlink":"https:\/\/wp.me\/p659gw-37M","jetpack-related-posts":[],"jetpack_likes_enabled":true,"jetpack_sharing_enabled":true,"_links":{"self":[{"href":"https:\/\/pcb.org.br\/portal2\/wp-json\/wp\/v2\/posts\/12014","targetHints":{"allow":["GET"]}}],"collection":[{"href":"https:\/\/pcb.org.br\/portal2\/wp-json\/wp\/v2\/posts"}],"about":[{"href":"https:\/\/pcb.org.br\/portal2\/wp-json\/wp\/v2\/types\/post"}],"author":[{"embeddable":true,"href":"https:\/\/pcb.org.br\/portal2\/wp-json\/wp\/v2\/users\/1"}],"replies":[{"embeddable":true,"href":"https:\/\/pcb.org.br\/portal2\/wp-json\/wp\/v2\/comments?post=12014"}],"version-history":[{"count":0,"href":"https:\/\/pcb.org.br\/portal2\/wp-json\/wp\/v2\/posts\/12014\/revisions"}],"wp:attachment":[{"href":"https:\/\/pcb.org.br\/portal2\/wp-json\/wp\/v2\/media?parent=12014"}],"wp:term":[{"taxonomy":"category","embeddable":true,"href":"https:\/\/pcb.org.br\/portal2\/wp-json\/wp\/v2\/categories?post=12014"},{"taxonomy":"post_tag","embeddable":true,"href":"https:\/\/pcb.org.br\/portal2\/wp-json\/wp\/v2\/tags?post=12014"}],"curies":[{"name":"wp","href":"https:\/\/api.w.org\/{rel}","templated":true}]}}