{"id":1203,"date":"2011-02-11T11:37:26","date_gmt":"2011-02-11T11:37:26","guid":{"rendered":"http:\/\/pcb.org.br\/portal2\/?p=1203"},"modified":"2011-02-11T11:37:26","modified_gmt":"2011-02-11T11:37:26","slug":"tocou-terra-cubana-cabo-submarino-de-telecomunicacoes","status":"publish","type":"post","link":"https:\/\/pcb.org.br\/portal2\/1203","title":{"rendered":"TOCOU TERRA CUBANA CABO SUBMARINO DE TELECOMUNICA\u00c7\u00d5ES"},"content":{"rendered":"\n<p>Santiago de Cuba, 9 fev (Prensa Latina) O cabo submarino de fibra \u00f3ptica que enla\u00e7a a Cuba com Venezuela tocou terra hoje na praia de Siboney, nesta prov\u00edncia oriental, como parte da primeira etapa do sistema ALBA 1.<\/p>\n<p>O vice-presidente cubano Ramiro Vald\u00e9s encabe\u00e7ou o ato de recep\u00e7\u00e3o junto a Hamadou Tour\u00e9, secret\u00e1rio geral da Uni\u00e3o Internacional de Telecomunica\u00e7\u00f5es; Manuel Fern\u00e1ndez, vice-ministro de Telecomunica\u00e7\u00f5es de Venezuela, e outras personalidades.<\/p>\n<p>Wilfredo Morales, presidente da Empresa de Telecomunica\u00e7\u00f5es Gran Caribe, a cargo das obras, expressou que se cumpriu o cronograma e em julho pr\u00f3ximo deve entrar em opera\u00e7\u00f5es o sistema, que chegar\u00e1 at\u00e9 Oito Rios, na vizinha Jamaica.<\/p>\n<p>Fez uma contagem deste empenho, iniciado em 2007 pelo presidente Hugo Ch\u00e1vez com a cria\u00e7\u00e3o dessa entidade mista e com um ponto culminante com a viagem de 19 dias do barco franc\u00eas Ille de Batz, que trouxe a conex\u00e3o a costa cubana.<\/p>\n<p>Por sua parte, Manuel Fern\u00e1ndez real\u00e7ou o simbolismo da conex\u00e3o f\u00edsica entre as duas na\u00e7\u00f5es, que derruba s\u00e9culos de incomunica\u00e7\u00e3o e avan\u00e7a no caminho de ambos os governos por fazer felizes a cubanos e venezuelanos.<\/p>\n<p>O Ministro cubano da Inform\u00e1tica e as Comunica\u00e7\u00f5es, Medardo D\u00edaz, real\u00e7ou que o cabo submarino abre uma brecha no bloqueio estadunidense contra Cuba e refor\u00e7ar a soberania nacional nas telecomunica\u00e7\u00f5es.<\/p>\n<p>Destacou que o sistema tem bases auto-sustentaveis e sem \u00e2nimos de lucro, como uma ferramenta que fortalecer\u00e1 o desenvolvimento dessa esfera no pa\u00eds e na regi\u00e3o.<\/p>\n<p>Os embaixadores da China, Jamaica e Fran\u00e7a compartilharam com diretores e trabalhadores das empresas envolvidas no tendido do cabo e as pessoas do Conselho Popular Siboney, ponto de acesso desse talento tecnol\u00f3gico.<\/p>\n<p>aab \/ arc \/ jrr \/ mc<\/p>\n<p><a href=\"http:\/\/www.youtube.com\/watch?v=erIHV6QDsOg&amp;feature=player_embedded\" target=\"_blank\">http:\/\/www.youtube.com\/watch?v=erIHV6QDsOg<\/a><\/p>\n","protected":false},"excerpt":{"rendered":"\n\n\nCr\u00e9dito: Patrialatina\n\n\n\n\n\n\n\n\n09 de febrero de 2011, 13:30\n<a class=\"moretag\" href=\"https:\/\/pcb.org.br\/portal2\/1203\"> <\/a>","protected":false},"author":1,"featured_media":0,"comment_status":"open","ping_status":"open","sticky":false,"template":"","format":"standard","meta":{"jetpack_post_was_ever_published":false,"_jetpack_newsletter_access":"","_jetpack_dont_email_post_to_subs":false,"_jetpack_newsletter_tier_id":0,"_jetpack_memberships_contains_paywalled_content":false,"_jetpack_memberships_contains_paid_content":false,"footnotes":"","jetpack_publicize_message":"","jetpack_publicize_feature_enabled":true,"jetpack_social_post_already_shared":false,"jetpack_social_options":{"image_generator_settings":{"template":"highway","default_image_id":0,"font":"","enabled":false},"version":2}},"categories":[47],"tags":[],"class_list":["post-1203","post","type-post","status-publish","format-standard","hentry","category-c57-revolucao-cubana"],"jetpack_publicize_connections":[],"jetpack_featured_media_url":"","jetpack_shortlink":"https:\/\/wp.me\/p659gw-jp","jetpack-related-posts":[],"jetpack_likes_enabled":true,"jetpack_sharing_enabled":true,"_links":{"self":[{"href":"https:\/\/pcb.org.br\/portal2\/wp-json\/wp\/v2\/posts\/1203","targetHints":{"allow":["GET"]}}],"collection":[{"href":"https:\/\/pcb.org.br\/portal2\/wp-json\/wp\/v2\/posts"}],"about":[{"href":"https:\/\/pcb.org.br\/portal2\/wp-json\/wp\/v2\/types\/post"}],"author":[{"embeddable":true,"href":"https:\/\/pcb.org.br\/portal2\/wp-json\/wp\/v2\/users\/1"}],"replies":[{"embeddable":true,"href":"https:\/\/pcb.org.br\/portal2\/wp-json\/wp\/v2\/comments?post=1203"}],"version-history":[{"count":0,"href":"https:\/\/pcb.org.br\/portal2\/wp-json\/wp\/v2\/posts\/1203\/revisions"}],"wp:attachment":[{"href":"https:\/\/pcb.org.br\/portal2\/wp-json\/wp\/v2\/media?parent=1203"}],"wp:term":[{"taxonomy":"category","embeddable":true,"href":"https:\/\/pcb.org.br\/portal2\/wp-json\/wp\/v2\/categories?post=1203"},{"taxonomy":"post_tag","embeddable":true,"href":"https:\/\/pcb.org.br\/portal2\/wp-json\/wp\/v2\/tags?post=1203"}],"curies":[{"name":"wp","href":"https:\/\/api.w.org\/{rel}","templated":true}]}}