{"id":1207,"date":"2011-02-11T21:38:45","date_gmt":"2011-02-11T21:38:45","guid":{"rendered":"http:\/\/pcb.org.br\/portal2\/?p=1207"},"modified":"2011-02-11T21:38:45","modified_gmt":"2011-02-11T21:38:45","slug":"as-farc-impuseram-4341-baixas-as-forcas-da-oligarquia","status":"publish","type":"post","link":"https:\/\/pcb.org.br\/portal2\/1207","title":{"rendered":"As FARC impuseram 4.341 baixas \u00e0s for\u00e7as da oligarquia"},"content":{"rendered":"\n<p><a href=\"http:\/\/www.resistencia-colombia.org\/\">Resist\u00eancia Colombia<\/a><\/p>\n<p>Segundo o Estado Maior Central da FARC EP, em seu informe anual sobre a guerra (2010), publicado em <a href=\"http:\/\/www.resistencia-colombia.org\/\">www.resistencia-colombia.org<\/a>, foram 4.341 baixas impostas \u00e0s For\u00e7as Militares e Paramilitares da Col\u00f4mbia.<\/p>\n<p>O informe, mesmo com limita\u00e7\u00f5es pr\u00f3prias da confronta\u00e7\u00e3o, apresenta os resultados de 2.272 a\u00e7\u00f5es.<\/p>\n<p>Entre as baixas foram contabilizados 2.097 mortos: 48 oficiais e suboficiais, 1.697 soldados, 218 policiais e 115 paramilitares e colaboradores do Ex\u00e9rcito. O informe registrou 2.242 feridos: 26 oficiais e suboficiais, 1.938 soldados, 223 policiais e 45 paramilitares e colaboradores do Ex\u00e9rcito. Relata tamb\u00e9m 21 desaparecidos.<\/p>\n<p>A guerrilha bolivariana informou que foi destru\u00eddo um helic\u00f3ptero e outros 75 foram avariados. Al\u00e9m dos helic\u00f3pteros, 21 avi\u00f5es foram avariados, 13 embarca\u00e7\u00f5es da Armada, 2 navios. tanques e outros ve\u00edculos. Torres de energia e diversas infraestruturas foram destru\u00eddas. Finalmente informaram a apreens\u00e3o de diversos materiais de intelig\u00eancia.<\/p>\n<p>Com tais cifras, as FARC desmentiram informes parcializados tanto das for\u00e7as oficiais, como dos meios de comunica\u00e7\u00e3o e os autodenominados centros de investiga\u00e7\u00e3o que supostamente observam e analisam o conflito.<\/p>\n<p><a href=\"http:\/\/www.resistencia-colombia.org\/pdf\/partes_2010_farc.pdf\">Acesse o informe completo na p\u00e1gina Resit\u00eancia Col\u00f4mbia.<\/a><\/p>\n<p>Fonte: <a href=\"http:\/\/www.abpnoticias.com\/index.php?option=com_k2&amp;view=item&amp;id=317\">http:\/\/www.abpnoticias.com\/index.php?option=com_k2&amp;view=item&amp;id=317<\/a><\/p>\n<p>Traduzido por Dario da Silva<\/p>\n","protected":false},"excerpt":{"rendered":"\n\n\nCr\u00e9dito: ABP Not\u00edcias\n\n\n\n\n\n\n\n\nABP \u2013 07\/02\/2011\n<a class=\"moretag\" href=\"https:\/\/pcb.org.br\/portal2\/1207\"> <\/a>","protected":false},"author":1,"featured_media":0,"comment_status":"open","ping_status":"open","sticky":false,"template":"","format":"standard","meta":{"jetpack_post_was_ever_published":false,"_jetpack_newsletter_access":"","_jetpack_dont_email_post_to_subs":false,"_jetpack_newsletter_tier_id":0,"_jetpack_memberships_contains_paywalled_content":false,"_jetpack_memberships_contains_paid_content":false,"footnotes":"","jetpack_publicize_message":"","jetpack_publicize_feature_enabled":true,"jetpack_social_post_already_shared":false,"jetpack_social_options":{"image_generator_settings":{"template":"highway","default_image_id":0,"font":"","enabled":false},"version":2}},"categories":[34],"tags":[],"class_list":["post-1207","post","type-post","status-publish","format-standard","hentry","category-c39-colombia"],"jetpack_publicize_connections":[],"jetpack_featured_media_url":"","jetpack_shortlink":"https:\/\/wp.me\/p659gw-jt","jetpack-related-posts":[],"jetpack_likes_enabled":true,"jetpack_sharing_enabled":true,"_links":{"self":[{"href":"https:\/\/pcb.org.br\/portal2\/wp-json\/wp\/v2\/posts\/1207","targetHints":{"allow":["GET"]}}],"collection":[{"href":"https:\/\/pcb.org.br\/portal2\/wp-json\/wp\/v2\/posts"}],"about":[{"href":"https:\/\/pcb.org.br\/portal2\/wp-json\/wp\/v2\/types\/post"}],"author":[{"embeddable":true,"href":"https:\/\/pcb.org.br\/portal2\/wp-json\/wp\/v2\/users\/1"}],"replies":[{"embeddable":true,"href":"https:\/\/pcb.org.br\/portal2\/wp-json\/wp\/v2\/comments?post=1207"}],"version-history":[{"count":0,"href":"https:\/\/pcb.org.br\/portal2\/wp-json\/wp\/v2\/posts\/1207\/revisions"}],"wp:attachment":[{"href":"https:\/\/pcb.org.br\/portal2\/wp-json\/wp\/v2\/media?parent=1207"}],"wp:term":[{"taxonomy":"category","embeddable":true,"href":"https:\/\/pcb.org.br\/portal2\/wp-json\/wp\/v2\/categories?post=1207"},{"taxonomy":"post_tag","embeddable":true,"href":"https:\/\/pcb.org.br\/portal2\/wp-json\/wp\/v2\/tags?post=1207"}],"curies":[{"name":"wp","href":"https:\/\/api.w.org\/{rel}","templated":true}]}}