{"id":121,"date":"2009-09-24T04:18:44","date_gmt":"2009-09-24T04:18:44","guid":{"rendered":"http:\/\/pcb.org.br\/portal2\/?p=121"},"modified":"2009-09-24T04:18:44","modified_gmt":"2009-09-24T04:18:44","slug":"manifesto-em-defesa-da-democracia-e-do-mst","status":"publish","type":"post","link":"https:\/\/pcb.org.br\/portal2\/121","title":{"rendered":"Manifesto em Defesa da Democracia e do MST"},"content":{"rendered":"\n<p>A reconstru\u00e7\u00e3o da democracia no Brasil tem exigido, h\u00e1 trinta anos, enormes sacrif\u00edcios dos trabalhadores. Desde a reconstru\u00e7\u00e3o de suas organiza\u00e7\u00f5es, destru\u00eddas por duas d\u00e9cadas de repress\u00e3o da ditadura militar, at\u00e9 a inven\u00e7\u00e3o de novas formas de movimentos e de lutas capazes de responder ao desafio de enfrentar uma das sociedades mais desiguais do mundo. Isto tem implicado, tamb\u00e9m, apresentar aos herdeiros da cultura escravocrata de cinco s\u00e9culos, os trabalhadores da cidade e do campo como cidad\u00e3os e como participantes leg\u00edtimos n\u00e3o apenas da produ\u00e7\u00e3o da riqueza do Pa\u00eds (como ocorreu desde sempre), mas igualmente como benefici\u00e1rios da partilha da riqueza produzida.<\/p>\n<p>O \u00f3dio das oligarquias rurais e urbanas n\u00e3o perde de vista um \u00fanico dia, um desses novos instrumentos de organiza\u00e7\u00e3o e luta criados pelos trabalhadores brasileiros a partir de 1984: o Movimento dos Trabalhadores Rurais sem Terra \u2013 MST. E esse Movimento paga diariamente com suor e sangue \u2013 como ocorreu h\u00e1 pouco no Rio Grande do Sul, por sua ousadia de questionar um dos pilares da desigualdade social no Brasil: o monop\u00f3lio da terra. O gesto de levantar sua bandeira numa ocupa\u00e7\u00e3o traduz-se numa frase simples de entender e, por isso, intoler\u00e1vel aos ouvidos dos senhores da terra e do agroneg\u00f3cio. Um Pa\u00eds, onde 1% da popula\u00e7\u00e3o tem a propriedade de 46% do territ\u00f3rio, defendida por cercas, agentes do Estado e matadores de aluguel, n\u00e3o podemos considerar uma Rep\u00fablica. Menos ainda, uma democracia.<\/p>\n<p>A Constitui\u00e7\u00e3o de 1988 determina que os latif\u00fandios improdutivos e terras usadas para a planta\u00e7\u00e3o de mat\u00e9rias primas para a produ\u00e7\u00e3o de drogas, devem ser destinados \u00e0 Reforma Agr\u00e1ria. Mas, desde a assinatura da nova Carta, os sucessivos Governos t\u00eam negligenciado o seu cumprimento. \u00c0 ousadia dos trabalhadores rurais de garantir esses direitos conquistados na Constitui\u00e7\u00e3o, pressionando as autoridades atrav\u00e9s de ocupa\u00e7\u00f5es pac\u00edficas, soma-se outra ousadia, igualmente intoler\u00e1vel para os senhores do grande capital do campo e das cidades: a disputa leg\u00edtima e legal do Or\u00e7amento P\u00fablico.<\/p>\n<p>Em quarenta anos, desde a cria\u00e7\u00e3o do Incra (Instituto Nacional de Coloniza\u00e7\u00e3o e Reforma Agr\u00e1ria), cerca de um milh\u00e3o de fam\u00edlias rurais foram assentadas &#8211; mais da metade de 2003 pra c\u00e1. Para viabilizar a atividade econ\u00f4mica dessas fam\u00edlias, para integr\u00e1-las ao processo produtivo de alimentos e divisas no novo ciclo de desenvolvimento, \u00e9 necess\u00e1rio travar a disputa di\u00e1ria pelos investimentos p\u00fablicos. Da\u00ed resulta o \u00f3dio dos ruralistas e outros setores do grande capital, habituados desde sempre ao acesso exclusivo aos cr\u00e9ditos, subs\u00eddios e ao perd\u00e3o peri\u00f3dico de suas d\u00edvidas.<\/p>\n<p>O compromisso do Governo de rever os crit\u00e9rios de produtividade para a agricultura brasileira, responde a uma bandeira de quatro d\u00e9cadas de lutas dos movimentos dos trabalhadores do campo. Ao exigir a atualiza\u00e7\u00e3o desses \u00edndices, os trabalhadores do campo est\u00e3o apenas exigindo o cumprimento da Constitui\u00e7\u00e3o Federal, e que os avan\u00e7os cient\u00edficos e tecnol\u00f3gicos ocorridos nas \u00faltimas quatro d\u00e9cadas, sejam incorporados aos m\u00e9todos de medir a produtividade agr\u00edcola do nosso Pa\u00eds.<\/p>\n<p>\u00c9 contra essa bandeira que a bancada ruralista do Congresso Nacional reage, e ataca o MST. Como repres\u00e1lia, buscam, mais uma vez, articular a forma\u00e7\u00e3o de uma CPI (Comiss\u00e3o Parlamentar de Inqu\u00e9rito) contra o MST. Seria a terceira em cinco anos. Se a agricultura brasileira \u00e9 t\u00e3o moderna e produtiva \u2013 como alardeia o agroneg\u00f3cio, por que temem tanto a atualiza\u00e7\u00e3o desses \u00edndices?<\/p>\n<p>E, por que n\u00e3o \u00e9 criada uma \u00fanica CPI para analisar os recursos p\u00fablicos destinados \u00e0s organiza\u00e7\u00f5es da classe patronal rural? Uma CPI que desse conta, por exemplo, de responder a algumas perguntas, t\u00e3o simples como: O que ocorreu ao longo desses quarenta anos no campo brasileiro em termos de ganho de produtividade? Quanto a sociedade brasileira investiu para que uma verdadeira revolu\u00e7\u00e3o \u2013 do ponto de vista de incorpora\u00e7\u00e3o de novas tecnologias \u2013 tornasse a agricultura brasileira capaz de alimentar nosso povo e se afirmar como uma das maiores exportadoras de alimentos? Quantos perd\u00f5es da d\u00edvida agr\u00edcola foram oferecidos pelos cofres p\u00fablicos aos grandes propriet\u00e1rios de terra, nesse per\u00edodo?<\/p>\n<p>O ataque ao MST extrapola a luta pela Reforma Agr\u00e1ria. \u00c9 um ataque contra os avan\u00e7os democr\u00e1ticos conquistados na Constitui\u00e7\u00e3o de 1988 \u2013 como o que estabelece a fun\u00e7\u00e3o social da propriedade agr\u00edcola \u2013 e contra os direitos imprescind\u00edveis para a reconstru\u00e7\u00e3o democr\u00e1tica do nosso Pa\u00eds. \u00c9, portanto, contra essa reconstru\u00e7\u00e3o democr\u00e1tica que se levantam as lideran\u00e7as do agroneg\u00f3cio e seus aliados no campo e nas cidades. E isso \u00e9 grave. E isso \u00e9 uma amea\u00e7a n\u00e3o apenas contra os movimentos dos trabalhadores rurais e urbanos, como para toda a sociedade. \u00c9 a pr\u00f3pria reconstru\u00e7\u00e3o democr\u00e1tica do Brasil, que custou os esfor\u00e7os e mesmo a vida de muitos brasileiros, que est\u00e1 sendo posta em xeque. \u00c9 a pr\u00f3pria reconstru\u00e7\u00e3o democr\u00e1tica do Brasil, que est\u00e1 sendo violentada.<\/p>\n<p>\u00c9 por essa raz\u00e3o que se arma, hoje, uma nova ofensiva dos setores mais conservadores da sociedade contra o Movimento dos Sem Terra \u2013 seja no Congresso Nacional, seja nos monop\u00f3lios de comunica\u00e7\u00e3o, seja nos lobbies de press\u00e3o em todas as esferas de Poder. Trata-se, assim, ainda uma vez, de criminalizar um movimento que se mant\u00e9m como uma bandeira acesa, inquietando a consci\u00eancia democr\u00e1tica do pa\u00eds: a nossa democracia s\u00f3 ser\u00e1 digna desse nome, quando incorporar todos os brasileiros e lhes conferir, como cidad\u00e3os e cidad\u00e3s, o direito a participar da partilha da riqueza que produzem ao longo de suas vidas, com suas m\u00e3os, o seu talento, o seu amor pela p\u00e1tria de todos n\u00f3s.<\/p>\n<p>Contra a criminaliza\u00e7\u00e3o do MOVIMENTO DOS TRABALHADORES RURAIS SEM TERRA!<\/p>\n<p>Pelo cumprimento das normas constitucionais que definem as terras destinadas \u00e0 Reforma Agr\u00e1ria!<\/p>\n<p>Pela ado\u00e7\u00e3o imediata dos novos crit\u00e9rios de produtividade para fins de Reforma Agr\u00e1ria!<\/p>\n<p>S\u00e3o Paulo, 21 de setembro de 2009<\/p>\n<p>Pl\u00ednio de Arruda Sampaio, presidente da Associa\u00e7\u00e3o Brasileira de Reforma Agr\u00e1ria &#8211; ABRA, ex-Deputado Federal Constituinte pelo PT-SP (1985-1991) e ex-consultor da FAO<\/p>\n<p>Osvaldo Russo, estat\u00edstico, ex-presidente do INCRA (1993-1994), diretor da ABRA e coordenador do n\u00facleo agr\u00e1rio nacional do PT<\/p>\n<p>Hamilton Pereira, o Pedro Tierra, 61, \u00e9 poeta e membro do Conselho Curador da Funda\u00e7\u00e3o Perseu Abramo<\/p>\n<p>Ant\u00f4nio C\u00e2ndido, cr\u00edtico liter\u00e1rio, USP<\/p>\n<p>Leandro Konder, fil\u00f3sofo, PUC-RJ<\/p>\n<p>Istv\u00e1n M\u00e9sz\u00e1ros, Hungria, fil\u00f3sofo<\/p>\n<p>Eduardo Galeano, Uruguai, escritor<\/p>\n<p>Al\u00edpio Freire, escritor<\/p>\n<p>F\u00e1bio Konder Comparato, jurista, USP e Doutor Honoris Causa da Universidade de Coimbra Fernando Morais, jornalista e escritor<\/p>\n<p>Dr. Jacques Alfonsin, jurista, Porto Alegre<\/p>\n<p>Altamiro Borges, PCdoB<\/p>\n<p>Nilo Batista, jurista<\/p>\n<p>Alberto Broch, Presidente da CONTAG<\/p>\n<p>Artur Henrique, Presidente da CUT<\/p>\n<p>Augusto Chagas, Presidente da UNE<\/p>\n<p>Bartira Lima da Costa, Presidente da CONAM<\/p>\n<p>Ivan Pinheiro, secretario geral do PCB<\/p>\n<p>Ivan Valente, Deputador Federal PSOL\/SP<\/p>\n<p>Jos\u00e9 Antonio Moroni, diretor da ABONG e do INESC<\/p>\n<p>Jos\u00e9 Maria de Almeida, CONLUTAS, presidente do PSTU<\/p>\n<p>Nalu Faria, coordenadora geral da Sempreviva Organiza\u00e7\u00e3o Feminista \u2013 SOF e integrante da executiva nacional da Marcha Mundial das Mulheres.<\/p>\n<p>Paulo Pereira da Silva, Deputado Federal PDT-SP e presidente da For\u00e7a Sindical<\/p>\n<p>Renato Rabelo, presidente do PcdoB<\/p>\n<p>Renato Sim\u00f5es, Secret\u00e1rio de Movimentos Populares do PT<\/p>\n<p>Roberto Amaral, ex-Ministro da Ci\u00eancia e Tecnologia, Secret\u00e1rio Geral do PSB<\/p>\n<p>S\u00e9rgio Miranda, PDT-MG<\/p>\n<p>Valter Pomar, Secret\u00e1rio de Rela\u00e7\u00f5es Internacionais do PT<\/p>\n<p>Wagner Gomes, presidente da Central dos Trabalhadores e Trabalhadoras do Brasil \u2013 CTB<\/p>\n<p>Dom Ladislau Biernaski, Presidente da CPT<\/p>\n<p>Dom Pedro Casald\u00e1liga, Bispo em\u00e9rito da Prelazia de S\u00e3o F\u00e9lix do Araguaia \u2013 MT Dom Tom\u00e1s Balduino, conselheiro permanente da CPT<\/p>\n<p>Frei Betto, escritor Leonardo Boff, escritor<\/p>\n<p>Reverendo Carlos Alberto Tom\u00e9 da Silva, TSSF, Anglicano, Capel\u00e3o Militar<\/p>\n<p>Miguel Urbano, Portugal, jornalista<\/p>\n<p>Anita Leoc\u00e1dia Prestes, historiadora, UFRJ<\/p>\n<p>Beth Carvalho, sambista<\/p>\n<p>Adriana Pacheco, Venezuela, ViveTV<\/p>\n<p>Adelaide Gon\u00e7alves, historiadora, UFCE<\/p>\n<p>Ana Esther Cece\u00f1a, UNAN<\/p>\n<p>Antonio Moraes, Federa\u00e7\u00e3o \u00danica dos Petroleiros &#8211; FUP<\/p>\n<p>Associa\u00e7\u00e3o Brasileira de ONG&#8217;s \u2013 ABONG<\/p>\n<p>Associa\u00e7\u00e3o Brasileira dos Estudantes de Engenharia Florestal (ABEEF)<\/p>\n<p>Chico Diaz, ator<\/p>\n<p>C\u00e2ndido Grzybowski &#8211; IBASE<\/p>\n<p>Comit\u00e8 italiano de apoio ao Movimento Sem Terra (Amigos MST-Italia)<\/p>\n<p>Ant\u00f4nio Carlos Spis, CMS (Coordena\u00e7\u00e3o dos Movimentos Sociais)<\/p>\n<p>Dora Martins, ju\u00edza de direito, e presidenta da Associa\u00e7\u00e3o de Ju\u00edzes pela Democracia<\/p>\n<p>Emir Sader, soci\u00f3logo, LPP\/UERJ<\/p>\n<p>Federa\u00e7\u00e3o dos Estudantes de Agronomia do Brasil (FEAB)<\/p>\n<p>Hamilton de Souza, jornalista, PUC-SP<\/p>\n<p>Helo\u00edsa Fernandes, soci\u00f3loga, USP e ENFF<\/p>\n<p>Jose Arbex, jornalista, PUC-SP<\/p>\n<p>Maria Rita Kehl, psicanalista, S\u00e3o Paulo<\/p>\n<p>Osmar Prado, ator<\/p>\n<p>Paulo Arantes, fil\u00f3sofo, USP e ENFF<\/p>\n<p>Vandana Shiva, \u00cdndia, cientista<\/p>\n<p>Virginia Fontes, historiadora, UFF\/Fiocruz<\/p>\n<p>Vito Gianotti, jornalista e historiador, N\u00facleo Piratininga de Comunica\u00e7\u00e3o &#8211; Rio de janeiro<\/p>\n<p>Abdias Nascimento<\/p>\n<p>Ac\u00e1cio Zuniga Leite, ASSERA<\/p>\n<p>Adalberto Pereira de Souza \u2013 diret\u00f3rio PT Piau\u00ed<\/p>\n<p>Aderlan Crespo, membro do Instituto de Estudos Criminais do Estado do Rio de Janeiro-IECERJ<\/p>\n<p>Adriana Facina<\/p>\n<p>Airton Guedes, Frade Capuchinho<\/p>\n<p>Airton Pissetti, soci\u00f3logo \u2013 Paran\u00e1<\/p>\n<p>Alberto Frake, UFSC<\/p>\n<p>Aldo Anrao Franco, Peru, CONACAMI<\/p>\n<p>Alessandra Anzuini, Associazione Salvador Allende &#8211; Roma<\/p>\n<p>Alexander Maximilian Hilsenleck Filho<\/p>\n<p>Alexandre Cosme Jer\u00f4nimo<\/p>\n<p>Aline Caldeira Lopes, mestranda CPDA\/UFRRJ<\/p>\n<p>Aline Sasahara, cineasta, S\u00e3o Paulo.<\/p>\n<p>Altacir Bunde &#8211; Movimento Campon\u00eas Popular (MCP)<\/p>\n<p>\u00c1lvaro Neiva, jornalista &#8211; Rio de Janeiro<\/p>\n<p>Ana Cl\u00e1udia Diogo Tavares, advogada, doutoranda CPDA\/UFRRJ<\/p>\n<p>Ana Maria Testa Tambellini<\/p>\n<p>Ana Rita de Lima Ferreira, historiadora e educadora popular<\/p>\n<p>Andr\u00e9 Malh\u00e3o, Funda\u00e7\u00e3o Oswaldo Cruz<\/p>\n<p>Anselmo Ruoso, Federa\u00e7\u00e3o \u00danica dos Petroleiros &#8211; FUP<\/p>\n<p>Antonio Bosi, historiador, Unioeste &#8211; PR<\/p>\n<p>Antonio C. Q. Goulart, Sindicarto dos Engenheiros do Paran\u00e1<\/p>\n<p>Antonio de S\u00e1, presidente da FETAET<\/p>\n<p>Antonio Elias, Uruguai, Sociedad Latinoamericana de Economia Pol\u00edtica.<\/p>\n<p>Aparecido Francisco Bertochi, cientista social \u2013 PR<\/p>\n<p>Articula\u00e7\u00e3o Nacional de Agreocologia -Regional Amozonia (ANA-Amazonia)<\/p>\n<p>Ary Miranda<\/p>\n<p>Asocia\u00e7ao Grupo Mission de Parma<\/p>\n<p>ASPTA &#8211; Agricultura Familiar e Agreocologica<\/p>\n<p>Associa\u00e7\u00e3o Agroecologiaca TIJUP\u00c0<\/p>\n<p>Ayrton Centeno, jornalista, Porto Alegre<\/p>\n<p>B\u00e1rbara Eliodora Costa Freitas<\/p>\n<p>Batira Silveira Grande, UFSC<\/p>\n<p>Beatriz Bissio, jornalista, Rio de Janeiro<\/p>\n<p>Benedetta Malavolti, insegnante &#8211; Roma<\/p>\n<p>Bernardo Ricupero, cientista pol\u00edtico, USP<\/p>\n<p>Camila Moreno<\/p>\n<p>Camilo P\u00e9rez Bustilo, Centro sobre Migraciony de Rechaos Humanos<\/p>\n<p>Carina de Lima Ferreira<\/p>\n<p>Carla Ferreira, historiadora e jornalista<\/p>\n<p>Carlos Ant\u00f4nio Morales<\/p>\n<p>Carlos Cortez Romero, UFJF<\/p>\n<p>Carlos Eduardo Martins<\/p>\n<p>Carlos Frederico Mar\u00e9s, Procurador Geral do Estado no Paran\u00e1<\/p>\n<p>Carlos Giannazi, Deputado Estadual PSOL\/SP<\/p>\n<p>Carlos Henrique Tibiri\u00e7\u00e1 Miranda, conselheiro do CORECON-RJ e COFECON<\/p>\n<p>Carlos Liechtsztejn, Sedes<\/p>\n<p>Carlos Lopes, diretor de reda\u00e7\u00e3o do peri\u00f3dico Hora do Povo<\/p>\n<p>Carlos Oct\u00e1vio Ock\u00e9-Reis, IPEA<\/p>\n<p>Carlos Walter Porto Gon\u00e7alves<\/p>\n<p>Carmen Diniz , servidora p\u00fablica federal &#8211; RJ<\/p>\n<p>Carmen Eug\u00eanio<\/p>\n<p>Carolina Abreu, Coordena\u00e7\u00e3o do Comit\u00ea Popular de Erradica\u00e7\u00e3o do Trabalho Escravo\/NF<\/p>\n<p>Carolina de C\u00e1ssia Ribeiro Abreu<\/p>\n<p>Cecibel Quimi Ramirez, Equador, CONFEUNASSC<\/p>\n<p>Celaia Watanabe, asessora da Contag<\/p>\n<p>Celi Taffarel, UFBA<\/p>\n<p>C\u00e9lia Vendramini, UFSC<\/p>\n<p>Celso Maldos<\/p>\n<p>Centro de Assessoria Popular Mariana Criola<\/p>\n<p>Centro de Tecnologias Alternativas da Zona da Mata -MG<\/p>\n<p>Chico Batera, m\u00fasico, Rio de Janeiro<\/p>\n<p>Ciro Bezerra, UFAL<\/p>\n<p>Clara de Assis Vale Evangelista, analista em reforma de desenvolvimento<\/p>\n<p>Clarilton Ribas, pesquisador, UFSC<\/p>\n<p>Clarisse Castilhos, ativista feminista, economista, Porto Alegre<\/p>\n<p>Claudia Cristhina Alves Lobo<\/p>\n<p>Claudia Fanti, It\u00e1lia, jornalista<\/p>\n<p>Claudia Maria da Arruda<\/p>\n<p>Claudia Mazzei Nogueira, UFSC<\/p>\n<p>Claudia Santiago, jornalista<\/p>\n<p>Claudia Trindade, historiadora<\/p>\n<p>Cl\u00e9ia Anice da Mota Porto, assessora da CONTAG<\/p>\n<p>Confedera\u00e7\u00e3o Nacional das Associa\u00e7\u00f5es dos Servidores do INCRA<\/p>\n<p>Confedera\u00e7\u00e3o Nacional dos Trabalhadores na Agricultura \u2013 CONTAG<\/p>\n<p>Cristiane Silvestrini<\/p>\n<p>Cristina Konder, jornalista, Rio de Janeiro<\/p>\n<p>Cristina Miranda, presidente da ADUFRJ<\/p>\n<p>Daniel Oliveira, Intersindical<\/p>\n<p>Daniel Tyzel, F\u00f3rum Brasileiro da Economia Solid\u00e1ria<\/p>\n<p>Daric Frigo, advogado, Terra de Direitos &#8211; PR<\/p>\n<p>David Cortez, Bol\u00edvia, Movimiento Continental de J\u00f3venes y Pueblos Originarios,<\/p>\n<p>UNORCAC-FENOCIN<\/p>\n<p>D\u00e9bora Franco Lerrer, jornalista e doutora em ci\u00eancias sociais<\/p>\n<p>Delze dos Santos Laureano<\/p>\n<p>Denise Mazeto<\/p>\n<p>Deonice Maria Malavazzi de Abreu, professora<\/p>\n<p>Dermeval Saviani, educador, UNICAMP<\/p>\n<p>Diego Panico, It\u00e1lia<\/p>\n<p>Dilma de Melo Silva, soci\u00f3loga, USP<\/p>\n<p>Diogo Valen\u00e7a, soci\u00f3logo, UFBA<\/p>\n<p>Diretoria Colegiada da ASSERA &#8211; Associa\u00e7\u00e3o dos Servidores da Reforma Agr\u00e1ria \u2013 DF<\/p>\n<p>Diret\u00f3rio Central dos Estudantes da UFPR<\/p>\n<p>Dirlene Marques, UFMG<\/p>\n<p>Dom Diamantino de Carvalho, Bispo de Campanha &#8211; MG<\/p>\n<p>Dom Enem\u00e9sio Lazzares, vice-presidente da CPT.<\/p>\n<p>Dom Xavier Gilles, Bispo de Viana (MA) e ex-presidente da CPT<\/p>\n<p>Douglas Belchior, UNEAFRO<\/p>\n<p>Douglas Mansur, rep\u00f3rter fotogr\u00e1fico e diretor do Sindicato dos Jornalista do Estado de S\u00e3o Paulo<\/p>\n<p>Dr. An\u00edbal Valen\u00e7a, m\u00e9dico auditor, membro do Conselho Deliberativo da UNIDAS \/ PE<\/p>\n<p>Dr. Leandro Scalabrin, Comiss\u00e3o de Direitos Humanos\/OAB Passo fundo-RS<\/p>\n<p>Dr. Miguel Carter, Estados Unidos, International Service American University<\/p>\n<p>Durval Lib\u00e2nio Netto Mello, engenheiro agron\u00f4mo e ambientalista, Secret\u00e1rio Executivo do Instituto Cabruca, UESC\/BA<\/p>\n<p>Eblin Faraje, UFF<\/p>\n<p>Eden Santos<\/p>\n<p>Edmilson Costa, PCB<\/p>\n<p>Edmilson Ferreira, m\u00fasico, repentista &#8211; Recife, PE<\/p>\n<p>Eduardo Fernandes Ara\u00fajo, professor de direito, UFPB<\/p>\n<p>Eduardo Tamayo, Equador, ALAI<\/p>\n<p>Eduardo Telles<\/p>\n<p>Elder de Paula, soci\u00f3logo, UFAC<\/p>\n<p>Elena De Angelis, It\u00e1lia, Ass. Pangea &#8211; Roma<\/p>\n<p>Eletta Cucuzza, it\u00e1lia, jornalista Adista \u2013 Roma<\/p>\n<p>Elie Ghanem, pesquisador em educa\u00e7\u00e3o, USP<\/p>\n<p>Eliomar Coelho, vereador do Rio de Janeiro PSOL<\/p>\n<p>Elisa Larkin Nascimento, antrop\u00f3loga, Instituto de Pesquisas e Estudos Afro-Brasileiros<\/p>\n<p>Emannuel Cancella, Federa\u00e7\u00e3o Nacional dos Petroleiros e Sindipetro-RJ<\/p>\n<p>Enoque Feitosa, professor de direito UFPB<\/p>\n<p>Ermiria Maricato, arquiteta e urbanista, USP<\/p>\n<p>Eurelino Coelho Neto, historiador, UEFS-BA<\/p>\n<p>Executiva Nacional dos Estudantes de Comunica\u00e7\u00e3o Social \u2013 ENECOS<\/p>\n<p>Fabiana de Cassia Rodrigues<\/p>\n<p>Fabio Antonio Campos<\/p>\n<p>F\u00e1bio Garrido, MTD RJ<\/p>\n<p>F\u00e1bio Marvulle Bueno<\/p>\n<p>F\u00e1tima Fr\u00f3es, Coordenadora do Setorial Estadual de Cultura &#8211; PT\/BA<\/p>\n<p>Fernanda Maria da Costa Vieira, advogada, doutoranda CPDA\/UFRRJ<\/p>\n<p>Fernanda Seibel, Centro de Estudos, Pesquisa e Direitos Humanos &#8211; CEPDH (Caxias do Sul)<\/p>\n<p>Fernando Ferreira Carneiro, UnB<\/p>\n<p>Fernando Henrique Kawabe<\/p>\n<p>Fernando Jos\u00e9 Manrtins, UNIOESTE &#8211; PR<\/p>\n<p>Fernando Peregrino, presidente do Instituto Republicano &#8211; PR<\/p>\n<p>Fernando Vieira, historiador<\/p>\n<p>FETAET &#8211; Federa\u00e7\u00e3o dos Trabalhadores na Agricultura do Estado do Tocantins<\/p>\n<p>Firmiano Peratoner, It\u00e1lia<\/p>\n<p>Fl\u00e1vio Prieto, servidora p\u00fablica federal -RJ<\/p>\n<p>Forum Estadual de Econimia Solid\u00e1ria<\/p>\n<p>Francesco Biagi, It\u00e1lia, Centro Gandhi &#8211; Pisa<\/p>\n<p>Francine Damasceno Pinheiro, advogada, doutoranda CPDA\/UFRRJ<\/p>\n<p>Francisco Alambert, historiador, USP<\/p>\n<p>Francisco Carneiro De Filippo, economista, militante do PSOL e da Assembl\u00e9ia Popular no DF<\/p>\n<p>Francisco Lewy, Sindicato dos Professores, Nova Friburgo\/RJ<\/p>\n<p>Franklin Leopoldo e Silva, fil\u00f3sofo, USP<\/p>\n<p>Frederico Santana Rick, Pastorais Sociais, Belo Horizonte<\/p>\n<p>Frei Anast\u00e1cio Ribeiro, OFM, Jo\u00e3o Pessoa<\/p>\n<p>Gabriela D\u00e1vila, Equador, CORPANP<\/p>\n<p>Gaud\u00eancio Frigotto, educador, UERJ<\/p>\n<p>Gelsa Kmjnik<\/p>\n<p>Geraldo Augusto Pinto<\/p>\n<p>Geraldo Fabian Melo Frenco<\/p>\n<p>Geraldo Prado, Desembargador do TJ do Rio de Janeiro e Professor de Direito da UFRJ<\/p>\n<p>Gerson Teixeira, agr\u00f4nomo, Bras\u00edlia.<\/p>\n<p>Geter Borges de Souza<\/p>\n<p>Gilberto Caputo Santos, conselheiro do CORECON-RJ<\/p>\n<p>Gilda Arantes, professora da rede publica do RJ<\/p>\n<p>Gilney Viana, PT\/MT<\/p>\n<p>Giorgio Massi, it\u00e1lia, Rete Radi\u00e8 Resch \u2013 Roma<\/p>\n<p>Giovanni Caputo, It\u00e1lia, jornalista<\/p>\n<p>Gism\u00e1rio Ferreira Nobre, engenheiro agr\u00f4nomo<\/p>\n<p>Givanildo Manoel da Silva, educador popular e coordenador do F\u00f3rum Estadual de Defesa dos Direitos da Crian\u00e7a e Adolescente de SP<\/p>\n<p>Gizlene Neder, UFF<\/p>\n<p>Guilherme A. V. Dias, advogado<\/p>\n<p>Guilherme Delgado, economista, Bras\u00edlia.<\/p>\n<p>Gustavo Oliveira<\/p>\n<p>Hamilton Carvalho de Abreu, professor<\/p>\n<p>Henrique Tahan Novaes<\/p>\n<p>Horacio Martins, pesquisador agr\u00e1rio, Curitiba<\/p>\n<p>Hugo Batalha, advogado<\/p>\n<p>Humberto Delgado, Col\u00f4mbia, SINCACFROMAYU<\/p>\n<p>Igor Fuser, jornalista, Faculdade C\u00e1spero L\u00edbero (SP)<\/p>\n<p>Igor Matos Lago<\/p>\n<p>Ir. Michael Nolan<\/p>\n<p>Ir. Sueli Belatto, C\u00f4negas de Santo Agostinho<\/p>\n<p>Iria Zanoni Gomes, soci\u00f3loga, UFPR<\/p>\n<p>Isabel Brasil, diretora da Escola Polit\u00e9cnica Joaquim Ven\u00e2ncio\/Fiocruz.<\/p>\n<p>Isabel Cristina Chaves Lopes, servi\u00e7o social, UFF<\/p>\n<p>Isabel Maria Loureiro<\/p>\n<p>Isabella Jinkings, soci\u00f3loga, professora e pesquisadora<\/p>\n<p>Isidoro Revers<\/p>\n<p>Ismael Cardoso, Presidente da Uni\u00e3o Brasileira dos Estudantes Secundaristas &#8211; UBES<\/p>\n<p>Ismael Paredes Paredes, Col\u00f4mbia, SICO-ONIC<\/p>\n<p>Ivan Martins<\/p>\n<p>Ivana Jinkings, editora, S\u00e3o Paulo<\/p>\n<p>Ivi Tavares Abrah\u00e3o Castillero. m\u00e9dica<\/p>\n<p>Ivo Poleto<\/p>\n<p>Iv\u00f4nio Barros, educador popular, assessor pedag\u00f3gico da Universidade Livre Feminista<\/p>\n<p>Izabel Loureiro<\/p>\n<p>Jade Percassi, soci\u00f3loga<\/p>\n<p>Jadir Anuncia\u00e7\u00e3o de Brito, professor de Direito Constitucional UNIRIO e advogado<\/p>\n<p>Jamil Murad, PCdoB<\/p>\n<p>Jean Pierre Leroy<\/p>\n<p>Jeferson Paz<\/p>\n<p>Jo\u00e3o Alexandre Peschanski<\/p>\n<p>Jo\u00e3o Carlos Juruna, For\u00e7a Sindical<\/p>\n<p>Jo\u00e3o Luiz da Silva Dias<\/p>\n<p>Jo\u00e3o Machado Borges Neto, PUC-SP<\/p>\n<p>Jo\u00e3o M\u00e1rcio Pereira, historiador, pesquisador no Rio de Janeiro<\/p>\n<p>Jo\u00e3o Tancredo, Presidente do Instituto de Defensores de Direitos Humanos<\/p>\n<p>Joaquim Rodrigues dos Santod Filho, n\u00facleo agr\u00e1rio do PT\/DF<\/p>\n<p>Joaquim Soriano, PT<\/p>\n<p>J\u00f4natas Campos, jornalista &#8211; Recife<\/p>\n<p>Jorge Ancan N., Chile, Identidad Territorial Lafkenche<\/p>\n<p>Jos\u00e9 Carlos de Assis<\/p>\n<p>Jos\u00e9 Domingues de Godoi Filho, ge\u00f3logo, UFMT<\/p>\n<p>Jos\u00e9 Erandir da Rocha, servidor da CONTAG<\/p>\n<p>Jose Fritsch, ex- ministro da Pesca, PT-SC<\/p>\n<p>Jos\u00e9 Glauco Ribeiro Tostes, UENF<\/p>\n<p>Jos\u00e9 Juliano de Carvalho Filho, economista, USP<\/p>\n<p>Jos\u00e9 Marcelo Machado Tavares, historiador<\/p>\n<p>Jos\u00e9 Mon\u00e7\u00e3o da Silva, soci\u00f3logo<\/p>\n<p>Jos\u00e9 Paulo Vicente Cruz, vice-presidente de ambiente, atenc\u00e7\u00e3o e promo\u00e7\u00e3o da Sa\u00fade &#8211; Funda\u00e7\u00e3o Oswaldo Cruz<\/p>\n<p>Jos\u00e9 Vaz Parente, Confedera\u00e7\u00e3o Nacional das Associa\u00e7\u00f5es dos Servidores do INCRA<\/p>\n<p>Juan Carlos Monedero, Espanha, escritor<\/p>\n<p>Ju\u00e7ara Martins Ramos<\/p>\n<p>Juliana Amoretti, Assembl\u00e9ia Popular DF<\/p>\n<p>Juliana Caetano, estudante UFRJ, PSOL\/RJ<\/p>\n<p>Juliana Picoli Agatte<\/p>\n<p>Justi\u00e7a Global<\/p>\n<p>Kassiano Avancini Hilleshein<\/p>\n<p>Keiji Kanashiro, ex-Secret\u00e1rio Executivo do Minist\u00e9rio dos Transportes, especialista em transporte e log\u00edstica<\/p>\n<p>Kildaire da Silva Pereira, Portugal, gestor de seguran\u00e7a<\/p>\n<p>Lafaiete Neves, UFPR<\/p>\n<p>Lalo Watanabe Minto<\/p>\n<p>Laudiceia Schuaba Andrade, Secretaria Estadual de Mulheres no PT\/ES<\/p>\n<p>Laura Tavares, economista, Pr\u00f3-Reitora de Extens\u00e3o da UFRJ<\/p>\n<p>Lauro Mattei, economista, UFSC<\/p>\n<p>Leandro Uchoas, jornalista, RJ<\/p>\n<p>Leda Maria Paulani, economista, USP<\/p>\n<p>Lenin Erraez Andrade, Equador, UNASAY-FENOCIN<\/p>\n<p>Leon Diniz Lima Junior<\/p>\n<p>Leonilde Medeiros, soci\u00f3logo, CPDA\/ UFRRJ<\/p>\n<p>Levi Ara\u00fajo, advogado, Pastor Batista, SP<\/p>\n<p>Lidiane Penha, advogada do Instituto de Defensores de Direitos Humanos<\/p>\n<p>Lilian Avivia Lubochinski, arquiteta<\/p>\n<p>Lilian Moser, UFRO<\/p>\n<p>Lincoln Secco, historiador, USP<\/p>\n<p>Lindberg Farias, Prefeito de Nova Igua\u00e7u \u2013 RJ<\/p>\n<p>Lindomar Silva, Caritas Regional Norte II<\/p>\n<p>L\u00edvia Moreira de Alc\u00e2ntara<\/p>\n<p>Luana Bonone, UJS<\/p>\n<p>Luana de \u00c1vila e Silva Oliveira, Assembl\u00e9ia Popular DF<\/p>\n<p>Luci Choinack, Presidente do PT\/SC, ex Deputada federal<\/p>\n<p>Lucia Agrati, It\u00e1lia, Rete Radi\u00e8 Resch<\/p>\n<p>Luciana Silva Garcia, advogada da Justi\u00e7a Global<\/p>\n<p>Luciene Lacerda, Instituto de Estudos em Sa\u00fade Coletiva \u2013 IESC\/UFRJ<\/p>\n<p>Luis Alberto Delgado, fil\u00f3sofo, UCB<\/p>\n<p>Luis Bernardo Peric\u00e1s<\/p>\n<p>Lu\u00eds Fernando Camargo de Barros Vidal, Associa\u00e7\u00e3o Ju\u00edzes para a Democracia<\/p>\n<p>Luis Manosalvas, Equador, CNC-EA<\/p>\n<p>Luis Mergulh\u00e3o Ruas, professor, Rio de Janeiro<\/p>\n<p>Luisa Santiago Vieira Souto, estudante de Ci\u00eancias Sociais<\/p>\n<p>Luiz Bassegio, Grito dos Exclu\u00eddos Brasil<\/p>\n<p>Luiz Bernardo Peric\u00e1s, historiador<\/p>\n<p>Luiz Carlos Pinheiro Machado Filho, pesquisador, UFSC<\/p>\n<p>Luiz Carlos Pinheiro Machado, ex-presidente da Embrapa, pesquisador, UFSC<\/p>\n<p>Luiz Fernando Zen Nora, Prefeitura de Teres\u00f3polis \u2013 RJ<\/p>\n<p>Luiz Gustavo Assad Rupp, advogado, coordenador do Centro de Direitos Humanos Maria da Gra\u00e7a Braz (Joinville-SC)<\/p>\n<p>Luiz Mario Behnken, Conselheiro do CORECON-RJ e do F\u00f3rum Popular do Or\u00e7amento<\/p>\n<p>Luiz Renato Martins, USP<\/p>\n<p>Luiz Roberto Lima<\/p>\n<p>Ma\u00edsa Mendon\u00e7a, Rede Social de Direitos Humanos<\/p>\n<p>Mandato do Deputado Estadual Marcelo Freixo, PSOL\/RJ<\/p>\n<p>Mandato do Deputado Federal Chico Alencar, Deputado Federal PSOL\/RJ<\/p>\n<p>Marcela de Ata\u00edde Batista, Consulta Popular &#8211; Recife<\/p>\n<p>Marcelo Adriano Rodrigu\u00eas, webdesigner &#8211; RJ<\/p>\n<p>Marcelo Badar\u00f3, historiador, UFF<\/p>\n<p>Marcelo Braz, professor da Escola de Sevi\u00e7o Social da UFRJ<\/p>\n<p>Marcelo Carcanholo, economista, UFF<\/p>\n<p>Marcelo Ernandez, cineasta &#8211; RJ<\/p>\n<p>Marcelo Firpo Porto<\/p>\n<p>Marcelo Gavi\u00e3o, Presidente da UJS<\/p>\n<p>Marcelo Ridenti, soci\u00f3logo, UNICAMP<\/p>\n<p>Marcelo Rosa, UnB<\/p>\n<p>M\u00e1rcia Camargos, jornalista e escritora, S\u00e3o Paulo<\/p>\n<p>Marciano Toledo da Silva, MPA<\/p>\n<p>M\u00e1rcio Boechat Ferreira, Florian\u00f3polis<\/p>\n<p>Marco Antonio Perruso, professor UFRRJ<\/p>\n<p>Marco Calabria, giornalista &#8211; Roma<\/p>\n<p>Marcos Barbosa de Oliveira, pesquisador, USP<\/p>\n<p>Marcos Pedlowski, Universidade Estadual de Campos &#8211; RJ<\/p>\n<p>Marcos Rog\u00e9rio de Sousa, advogado e assesor jur\u00eddico da Lideran\u00e7a do PT no Senado<\/p>\n<p>Margarida Barreto, M\u00e9dica, S\u00e3o Paulo<\/p>\n<p>Maria Aparecida Motta<\/p>\n<p>Maria Auxiliadora Campos, UPE<\/p>\n<p>Maria Betania Nunes Pereira, Florianopolis<\/p>\n<p>Maria Cabralllo, Espanha<\/p>\n<p>Maria de F\u00e1rima Valentim Pessanha, CRESS<\/p>\n<p>Maria Gaia, Sindicado Dos Banc\u00e1rios &#8211; PA<\/p>\n<p>Maria Grazia Visintainer, It\u00e1lia<\/p>\n<p>Maria Helena Guimar\u00e3es Pereira, jornalista<\/p>\n<p>Maria Margarida Nepomuceno, jornalista<\/p>\n<p>Maria N\u00e1ustria de Albuquerque<\/p>\n<p>Maria Orlanda Pinasse<\/p>\n<p>Maria Paola, It\u00e1lia, Rete Radi\u00e8 Resch &#8211; Roma<\/p>\n<p>Marian Pessah<\/p>\n<p>Mariana Bedron Lesche<\/p>\n<p>Mariana Cecchetti, arquiteta &#8211; RJ<\/p>\n<p>Mariana Diniz, Portugal<\/p>\n<p>Mariana Fernandes da Cunha Loureiro Amorim, artista pl\u00e1stica, Recife<\/p>\n<p>Mariana Trotta Dalallana Quintans, advogada, doutoranda CPDA\/UFRRJ<\/p>\n<p>Marijane Vieira Lisboa<\/p>\n<p>Marildo Menegat, fil\u00f3sofo, UFRJ<\/p>\n<p>Marina MacRae<\/p>\n<p>Marina MacRae, linguista, USP<\/p>\n<p>Marinella Correggia, It\u00e1lia, jornalista<\/p>\n<p>Mario Jakobsind, jornalista, Rio de janeiro<\/p>\n<p>Mario Maestri, historiador, UPF<\/p>\n<p>Maristela R. Santos, estudante de ci\u00eancias sociais IFSC<\/p>\n<p>Marta Gomes, It\u00e1lia, Universit\u00e0 La Sapienza &#8211; Roma<\/p>\n<p>Marta Harnecker, Chile, escritora<\/p>\n<p>Mary Ann Lynch, Equador\/Per\u00fa, ALAI<\/p>\n<p>Matheus Felipe de Castro, professor de Direito &#8211; UFSC<\/p>\n<p>Mathias Seibel Luce<\/p>\n<p>Maur\u00edcio Campos dos Santos, engenheiro<\/p>\n<p>Maur\u00edcio Vieira Martins, UFF<\/p>\n<p>Mauro Gentilini, It\u00e1lia, Rete Radi\u00e8 Resch &#8211; Roma<\/p>\n<p>Memelia Moreira, Estados Unidos, jornalista<\/p>\n<p>Michael Lebowitz, Canad\u00e1, escritor<\/p>\n<p>Michel Marie Le Ven<\/p>\n<p>Miguel Carvalho, Presidente do PSOL\/SP<\/p>\n<p>Morgana Eneile, Secret\u00e1ria Nacional de Cultura do PT<\/p>\n<p>Movimento da Magistratura Fluminense pela Democracia<\/p>\n<p>Movimento de Magistrados Fluminenses pela Democracia &#8211; MMFD<\/p>\n<p>Movimento de Trabalhadores Crist\u00e3os \u2013 MTC (Regional Minas Gerais)<\/p>\n<p>Movimento dos Pequenos Agricultores &#8211; MPA Brasil<\/p>\n<p>Movimento dos Atingidos por Barragem (MAB)<\/p>\n<p>Newton Ferreira da Silva<\/p>\n<p>Nicte-Ha Dzib Soto, Universidade do M\u00e9xico<\/p>\n<p>Nise Jinkinas, UFSC<\/p>\n<p>N\u00facleo Socialista de Campo Grande, RJ<\/p>\n<p>ONG M\u00e9dicos Internacionais da Alemanha<\/p>\n<p>Osvaldo Le\u00f3n, Equador, ALAI<\/p>\n<p>Ot\u00edlia Fiori Arantes, fil\u00f3sofa, USP<\/p>\n<p>Padre Dirceu Fumagalli, Coordenador Nacional da CPT<\/p>\n<p>Padre Pedro Baldissera, Deputado Estadual PT\/SC<\/p>\n<p>Partito della Rifondazione Comunista &#8211; SINISTRA EUROPEA (It\u00e1lia)<\/p>\n<p>Patricia Yallico Y, Equador, Escuela Formaci\u00f3n Pol\u00edtica Dolores Cacuango \u2013 Ecuarunari<\/p>\n<p>Paula Castello Starkoff, Equador\/Argentina, ALAI<\/p>\n<p>Paulo Afonso A Quermes &#8211; diretor dos cursos de Filosofia e Ci\u00eancia Pol\u00edtica da Universidade Cat\u00f3lica de Bras\u00edlia- UCB<\/p>\n<p>Paulo Afonso Quermes, Diretor dos cursos de Filosofia e Ciencia Pol\u00edtica da UCB<\/p>\n<p>Paulo Alves de Lima Filho<\/p>\n<p>Paulo Andrade Magalh\u00e3es<\/p>\n<p>Paulo Andrade Magalh\u00e3es Filho<\/p>\n<p>Paulo Henrique Fernandes Silveira, fil\u00f3sofo, Universidade S\u00e3o Judas<\/p>\n<p>Paulo Metri<\/p>\n<p>Paulo Passarinho, Presidente do Conselho Regional de Economia do Rio de Janeiro<\/p>\n<p>Paulo Pinheiro Machado, historiador, UFSC<\/p>\n<p>Paulo Ribeiro, Presidente da Funda\u00e7\u00e3o Darcy Ribeiro &#8211; RJ<\/p>\n<p>Paulo Silveira, soci\u00f3logo, USP Paulo Zarth<\/p>\n<p>Pe. Paulo Ricardo Cerioli, OSFS, RS<\/p>\n<p>Pedro Bezerra, R\u00e1dio Tupi FM, Planaltina\/DF<\/p>\n<p>Pedro C\u00e9sar Batista, escritor e jornalista<\/p>\n<p>Pedro Fiori Arantes, arquiteto e urbanista, Usina<\/p>\n<p>Pedro Ivo de Souza Batista, ambientalista, Rede Eco-socialista &#8211; Bras\u00edlia<\/p>\n<p>Pedro Marinho, historiador<\/p>\n<p>Pedro Martins Magalh\u00e3es<\/p>\n<p>Pedro Munhoz, m\u00fasico, Rio Grande do Sul<\/p>\n<p>Penelope Diniz, servidora p\u00fablica federal &#8211; RJ<\/p>\n<p>Plinio de A. Sampaio Jr., economista, UNICAMP<\/p>\n<p>Plurial Filmes, produtora de cinema e TV<\/p>\n<p>Pr. Wellington Santos<\/p>\n<p>Pulo Henrique Martinez, historiador, UNESP<\/p>\n<p>Rafael Augusto de Oliveira Lima, advogado &#8211; Rio de Janeiro<\/p>\n<p>Raimundo C\u00e9sar Barreto Jr., pastor da Igreja Batista Esperan\u00e7a, Salvador &#8211; BA, vice-presidente da Alian\u00e7a de Batistas do Brasil.<\/p>\n<p>Raimundo Palhano, MSP<\/p>\n<p>Ramon Chaves de Araujo, Servidor do INCRA<\/p>\n<p>Raquel Vuelta, ASSERA<\/p>\n<p>Raul Zibechi, Uruguai, jornalista<\/p>\n<p>Rede Contra a Violencia<\/p>\n<p>Rede de Agroecologia do Maranh\u00e3o<\/p>\n<p>Regina \u00c2ngela Landim Bruno, CPDA\/UFRRJ<\/p>\n<p>Regina Celly de Carvalho Martins<\/p>\n<p>Reinaldo Volpato, cineasta, S\u00e3o Paulo<\/p>\n<p>Renam Brand\u00e3o, diretor do Sindicato dos Banc\u00e1rios \u2013 RJ<\/p>\n<p>Renato Cinco, soci\u00f3logo &#8211; Rio de Janeiro<\/p>\n<p>Ricardo Antunes, soci\u00f3logo, UNICAMP<\/p>\n<p>Ricardo Musse, soci\u00f3logo, USP<\/p>\n<p>Ricardo Teixeira, historiador, UFF<\/p>\n<p>Richard Gott, Inglatera, historiador<\/p>\n<p>Rita de C\u00e1ssia Paula Mendes, feminista, militante do PSOL\/SP<\/p>\n<p>Roberto Efrem Filho, professor de Direito, UFPB<\/p>\n<p>Roberto Leher, pesquisador, UERJ<\/p>\n<p>Roberto Ponciano, servidor p\u00fablico federal, Presidente do SISEJUFE-RJ e Diretor de forma\u00e7\u00e3o da CUT RJ<\/p>\n<p>Roberto Saturnino Braga, Rio de Janeiro<\/p>\n<p>Rodrigo Nobile<\/p>\n<p>Rog\u00e9rio Araujo Christensen<\/p>\n<p>Rog\u00e9rio Correia, PT\/MG<\/p>\n<p>Rogerio Fernandes Macedo<\/p>\n<p>Rog\u00e9rio Ferrari<\/p>\n<p>Rog\u00e9rio Rocha, Conselheiro do CORECON-RJ<\/p>\n<p>Roldolfo G\u00eaiser, agr\u00f4nomo e ambientalista, S\u00e3o Paulo<\/p>\n<p>Romeiro Ven\u00e2ncio, fil\u00f3sofo, UFS<\/p>\n<p>Ronald Rocha, soci\u00f3logo, Minas Gerais<\/p>\n<p>Ronaldo Gaspar, Unicastelo<\/p>\n<p>Rosa Couto, Florian\u00f3polis<\/p>\n<p>Rosa Maria Marques, economista, PUC\/SP<\/p>\n<p>Rosely Carlos Augusto<\/p>\n<p>Rosiana Queiroz, miltante do MNDH<\/p>\n<p>Rozina Concei\u00e7\u00e3o, coordenadora da UBM\/SP<\/p>\n<p>Ruben Alfredo de Siqueira, CPT Bahia<\/p>\n<p>Rubens Casara, Juiz de direito no RJ e professor universit\u00e1rio<\/p>\n<p>Rubens Nodari, geneticista, UFSC<\/p>\n<p>Ruy Braga, soci\u00f3logo, USP<\/p>\n<p>Sally Burch, Equador, ALAI, Ecuador<\/p>\n<p>Salo\u00e1 Citolin, educadora popular &#8211; RS, CUT<\/p>\n<p>Sandra Proc\u00f3pio<\/p>\n<p>Sandra Quintela, economista<\/p>\n<p>Sandro Sacchet de Carvalho, economista \u2013 Rio de Janeiro<\/p>\n<p>S\u00e1vio Bon\u00e9s, jornalista, Minas Gerais<\/p>\n<p>Serena Romagnoli, It\u00e1lia<\/p>\n<p>S\u00e9rgio Haddad, A\u00e7\u00e3o Educativa<\/p>\n<p>Sergio Ricardo Coutinho, UCB<\/p>\n<p>S\u00e9rgio Sauer, soci\u00f3logo, UNB, relator de Direitos Humanos para o tema da terra, alimenta\u00e7ao e territorio da DHESCA Brasil.<\/p>\n<p>Severo Salles, UnB e UNAM<\/p>\n<p>Silvia Mart\u00ednez del R\u00edo, Uruguai, jornalista<\/p>\n<p>Silvio Porto, agr\u00f4nomo, Bras\u00edlia<\/p>\n<p>Sinclair Mallet Guy-Guerra<\/p>\n<p>Sonia L\u00facio Rodrigues de Lima, UFF<\/p>\n<p>Sylvia Gemignani Garcia, soci\u00f3loga, USP<\/p>\n<p>Tania Maria de Castro Carvalho Netto<\/p>\n<p>Tatiana Dahmer, diretora da ABONG<\/p>\n<p>Teresa Peixoto Faria, UENF-RJ, Diretora do Centro de Ci\u00eancias do Homem\/UENF<\/p>\n<p>Terezinha Cavalcante Feitosa, doutoranda CPDA\/UFRRJ<\/p>\n<p>Terezinha Martins dos Santos Souza, psic\u00f3loga, IESC\/RJ<\/p>\n<p>Tet\u00ea Moraes, cineasta &#8211; RJ<\/p>\n<p>Theresa Cristina Zavaris Tanezini, UFS<\/p>\n<p>Thiago de \u00c1vila e Silva Oliveira, Brasilia<\/p>\n<p>Thiago Douglas Moreira da Silva &#8211; Movimento Mudan\u00e7a \/ Movimento A\u00e7\u00e3o e Identidade Socialista PT<\/p>\n<p>Thiago Melo, mandato do Deputado Estadual Marcelo Freixo PSOL\/RJ<\/p>\n<p>Thomaz Ferreira Jensen, economista, S\u00e3o Paulo, SP<\/p>\n<p>Uni\u00e3o da Juventude Socialista \u2013 UJS<\/p>\n<p>Valdencastro Pereira Vilas Boas, CEFET\/BA<\/p>\n<p>Val\u00e9ria Dias de Lima, Intersindical<\/p>\n<p>Valmor Stedile, PDT-Paran\u00e1<\/p>\n<p>Vanessa Silva, jornalista<\/p>\n<p>V\u00e2nia Dalcin, Portugal, mestranda em educa\u00e7\u00e3o intercultural<\/p>\n<p>Vanilde dos Santos<\/p>\n<p>Vanisa da Silva, estudante de servi\u00e7os social, UCS<\/p>\n<p>Vera Lucia Martins Ramos<\/p>\n<p>Vicente Almeida, Presidente SINPAF SS Hortali\u00e7as<\/p>\n<p>Victor Neves, m\u00fasico \u2013 Rio de Janeiro<\/p>\n<p>Vinicios de Rezende, UNICAMP<\/p>\n<p>Wagner da Silva Olibeira, APEDEMA &#8211; Assembl\u00e9ia Permanente das Entidades em Defesa do Meio Ambiente no estado do Rio de Janeiro<\/p>\n<p>Wallace Moraes, deoutor em Ci\u00eancia Pol\u00edtica<\/p>\n<p>Werley Rodrigues de Carvalho<\/p>\n<p>Willian Clementino da Silva, diretor de Pol\u00edtica Agr\u00e1ria da CONTAG<\/p>\n<p>Wilmar Ferraz, Secret\u00e1rio de Cultura do PT\/GO<\/p>\n<p>Wilson Cano, economista, UNICAMP<\/p>\n<p>Wolfgang Leo Maar, fil\u00f3sofo, UFSCar<\/p>\n<p>Zilda Ferreira<\/p>\n","protected":false},"excerpt":{"rendered":"\n\n\nCr\u00e9dito: MST\n\n\n\n\n\u201c&#8230;Legitimam-se n\u00e3o pela propriedade, mas pelo trabalho, nesse mundo em que o trabalho est\u00e1 em extin\u00e7\u00e3o. Legitimam-se porque fazem Hist\u00f3ria, num mundo que j\u00e1 proclamou o fim da Hist\u00f3ria. Esses homens e mulheres s\u00e3o um contra-senso porque restituem \u00e0 vida um sentido que se perdeu&#8230;\u201d\n(\u201cNot\u00edcias dos sobreviventes\u201d, Eldorado dos Caraj\u00e1s, 1996).\n<a class=\"moretag\" href=\"https:\/\/pcb.org.br\/portal2\/121\"> <\/a>","protected":false},"author":1,"featured_media":0,"comment_status":"open","ping_status":"open","sticky":false,"template":"","format":"standard","meta":{"jetpack_post_was_ever_published":false,"_jetpack_newsletter_access":"","_jetpack_dont_email_post_to_subs":false,"_jetpack_newsletter_tier_id":0,"_jetpack_memberships_contains_paywalled_content":false,"_jetpack_memberships_contains_paid_content":false,"footnotes":"","jetpack_publicize_message":"","jetpack_publicize_feature_enabled":true,"jetpack_social_post_already_shared":false,"jetpack_social_options":{"image_generator_settings":{"template":"highway","default_image_id":0,"font":"","enabled":false},"version":2}},"categories":[20],"tags":[],"class_list":["post-121","post","type-post","status-publish","format-standard","hentry","category-c1-popular"],"jetpack_publicize_connections":[],"jetpack_featured_media_url":"","jetpack_shortlink":"https:\/\/wp.me\/p659gw-1X","jetpack-related-posts":[],"jetpack_likes_enabled":true,"jetpack_sharing_enabled":true,"_links":{"self":[{"href":"https:\/\/pcb.org.br\/portal2\/wp-json\/wp\/v2\/posts\/121","targetHints":{"allow":["GET"]}}],"collection":[{"href":"https:\/\/pcb.org.br\/portal2\/wp-json\/wp\/v2\/posts"}],"about":[{"href":"https:\/\/pcb.org.br\/portal2\/wp-json\/wp\/v2\/types\/post"}],"author":[{"embeddable":true,"href":"https:\/\/pcb.org.br\/portal2\/wp-json\/wp\/v2\/users\/1"}],"replies":[{"embeddable":true,"href":"https:\/\/pcb.org.br\/portal2\/wp-json\/wp\/v2\/comments?post=121"}],"version-history":[{"count":0,"href":"https:\/\/pcb.org.br\/portal2\/wp-json\/wp\/v2\/posts\/121\/revisions"}],"wp:attachment":[{"href":"https:\/\/pcb.org.br\/portal2\/wp-json\/wp\/v2\/media?parent=121"}],"wp:term":[{"taxonomy":"category","embeddable":true,"href":"https:\/\/pcb.org.br\/portal2\/wp-json\/wp\/v2\/categories?post=121"},{"taxonomy":"post_tag","embeddable":true,"href":"https:\/\/pcb.org.br\/portal2\/wp-json\/wp\/v2\/tags?post=121"}],"curies":[{"name":"wp","href":"https:\/\/api.w.org\/{rel}","templated":true}]}}