{"id":1214,"date":"2011-02-14T00:02:33","date_gmt":"2011-02-14T00:02:33","guid":{"rendered":"http:\/\/pcb.org.br\/portal2\/?p=1214"},"modified":"2011-02-14T00:02:33","modified_gmt":"2011-02-14T00:02:33","slug":"qo-egito-precisa-instituir-guardas-revolucionariosq","status":"publish","type":"post","link":"https:\/\/pcb.org.br\/portal2\/1214","title":{"rendered":"&#8220;O Egito precisa instituir Guardas Revolucion\u00e1rios&#8221;"},"content":{"rendered":"\n<p>Uma li\u00e7\u00e3o que os manifestantes eg\u00edpcios precisam aprender \u00e9 que n\u00e3o se pode confiar em que nenhum ex\u00e9rcito regular abandone os seus privil\u00e9gios sem press\u00e3o constante, segundo o jornalista e analista pol\u00edtico Sajid Ali Khan.<\/p>\n<p>Khan, antigo editor de <em>World Affairs, <\/em>sugeriu que o Egipto siga o exemplo do Ir\u00e3o para salvaguardar o \u00eaxito da sua revolu\u00e7\u00e3o ap\u00f3s a remo\u00e7\u00e3o de Hosni Mubarak da presid\u00eancia.<\/p>\n<p>&#8220;Estes manifestantes precisam agora organizar algo como uma &#8220;Guarda Revolucion\u00e1ria&#8221; com a ajuda dos trabalhadores que entraram em greves por melhor pagamento e condi\u00e7\u00f5es de trabalho&#8221;, afirmou \u00e0 IRNA.<\/p>\n<p>Com o poder tempor\u00e1rio passado ao ex\u00e9rcito eg\u00edpcio, Khan manifestou a esperan\u00e7a de que os militares encarem a salvaguarda das fronteiras do pa\u00eds como o objectivo primordial da sua exist\u00eancia.<\/p>\n<p>Ele acredita ser imposs\u00edvel prever se os manifestantes ter\u00e3o \u00eaxito no seu objectivo de uma transi\u00e7\u00e3o pac\u00edfica para a democracia no Egipto com os militares estando efectivamente no poder desde o derrube da monarquia em 1952.<\/p>\n<p>Um dos benef\u00edcios imediatos da revolu\u00e7\u00e3o, esperan\u00e7osamente, deveria ser &#8220;deixar de ser um co-carcereiro [com Israel] da popula\u00e7\u00e3o de Gaza&#8221;, afirmou.<\/p>\n<p>Khan previu que um futuro governo ser\u00e1 mais independente, mas advertiu que &#8220;n\u00e3o \u00e9 f\u00e1cil virar as costas para os milhares de milh\u00f5es de d\u00f3lares em equipamento militar&#8221; fornecidos pelos EUA.<\/p>\n<p>&#8220;Isso depender\u00e1 das rela\u00e7\u00f5es com os EUA, mas os sentimentos dos EUA s\u00e3o de pouco interesse para os eg\u00edpcios por agora. N\u00e3o tenho bola de cristal para dizer como isto terminar\u00e1&#8221;, acrescentou.<\/p>\n<p>O analista acredita que rela\u00e7\u00f5es internacionais em geral, como no caso com a Am\u00e9rica, ter\u00e3o de esperar ansiosamente o que denominou um &#8220;admir\u00e1vel mundo novo&#8221;.<\/p>\n<p>&#8220;No Mar Mediterr\u00e2neo, o bloqueio medieval de Gaza \u00e9 insustent\u00e1vel com uma Turquia forte e um Egipto forte. O efeito sobre a \u00e1rea do Mar Vermelho tornar-se-\u00e1 aparente de modo mais ou menos imediato&#8221;, afirmou.<\/p>\n<p>&#8220;Israel parece estar mais vulner\u00e1vel e precisar\u00e1 encolher as suas garras ou ter estas garras extra\u00eddas&#8221;, disse Khan acerca da sua domina\u00e7\u00e3o do M\u00e9dio Oriente durante os \u00faltimos 60 anos.<\/p>\n<p>&#8220;Podemos tamb\u00e9m estar a testemunhar a dissolu\u00e7\u00e3o da hegemonia dos EUA muito mais rapidamente do que pod\u00edamos ter imaginado&#8221;, sugeriu ainda.<\/p>\n<p>A maior parte das an\u00e1lises do levantamento no Egipto enfatizou o poss\u00edvel &#8220;efeito domin\u00f3&#8221; no mundo \u00e1rabe, mas Khan acredita que as implica\u00e7\u00f5es da revolu\u00e7\u00e3o t\u00eam potencial para alterar o equil\u00edbrio de poder que teria repercuss\u00f5es regionais se n\u00e3o mundiais.<\/p>\n<p>&#8220;A minha vis\u00e3o \u00e9 mais vasta: uma Turquia forte, um Egipto forte e um Ir\u00e3 fortes revolucionam o equil\u00edbrio de poder no Mediterr\u00e2neo Oriental, no Golfo P\u00e9rsico e nas \u00e1reas circundantes&#8221;, afirmou \u00e0 IRNA.<\/p>\n<p><strong>O original encontra-se em <a href=\"http:\/\/www.irna.ir\/ENNewsShow.aspx?NID=30241243&amp;SRCH=1\" target=\"_blank\">http:\/\/www.irna.ir\/ENNewsShow.aspx?NID=30241243&amp;SRCH=1<\/a> <\/strong><\/p>\n<p><strong>Estas not\u00edcias encontram-se em <a href=\"http:\/\/resistir.info\/\" target=\"_blank\">http:\/\/resistir.info<\/a><\/p>\n<p><\/strong><\/p>\n","protected":false},"excerpt":{"rendered":"\n\n\nCr\u00e9dito: Resistir.info\n\n\n\n\n\n\n\n\nLONDRES, 12\/Fev\n<a class=\"moretag\" href=\"https:\/\/pcb.org.br\/portal2\/1214\"> <\/a>","protected":false},"author":1,"featured_media":0,"comment_status":"open","ping_status":"open","sticky":false,"template":"","format":"standard","meta":{"jetpack_post_was_ever_published":false,"_jetpack_newsletter_access":"","_jetpack_dont_email_post_to_subs":false,"_jetpack_newsletter_tier_id":0,"_jetpack_memberships_contains_paywalled_content":false,"_jetpack_memberships_contains_paid_content":false,"footnotes":"","jetpack_publicize_message":"","jetpack_publicize_feature_enabled":true,"jetpack_social_post_already_shared":false,"jetpack_social_options":{"image_generator_settings":{"template":"highway","default_image_id":0,"font":"","enabled":false},"version":2}},"categories":[71],"tags":[],"class_list":["post-1214","post","type-post","status-publish","format-standard","hentry","category-c84-solidariedade"],"jetpack_publicize_connections":[],"jetpack_featured_media_url":"","jetpack_shortlink":"https:\/\/wp.me\/p659gw-jA","jetpack-related-posts":[],"jetpack_likes_enabled":true,"jetpack_sharing_enabled":true,"_links":{"self":[{"href":"https:\/\/pcb.org.br\/portal2\/wp-json\/wp\/v2\/posts\/1214","targetHints":{"allow":["GET"]}}],"collection":[{"href":"https:\/\/pcb.org.br\/portal2\/wp-json\/wp\/v2\/posts"}],"about":[{"href":"https:\/\/pcb.org.br\/portal2\/wp-json\/wp\/v2\/types\/post"}],"author":[{"embeddable":true,"href":"https:\/\/pcb.org.br\/portal2\/wp-json\/wp\/v2\/users\/1"}],"replies":[{"embeddable":true,"href":"https:\/\/pcb.org.br\/portal2\/wp-json\/wp\/v2\/comments?post=1214"}],"version-history":[{"count":0,"href":"https:\/\/pcb.org.br\/portal2\/wp-json\/wp\/v2\/posts\/1214\/revisions"}],"wp:attachment":[{"href":"https:\/\/pcb.org.br\/portal2\/wp-json\/wp\/v2\/media?parent=1214"}],"wp:term":[{"taxonomy":"category","embeddable":true,"href":"https:\/\/pcb.org.br\/portal2\/wp-json\/wp\/v2\/categories?post=1214"},{"taxonomy":"post_tag","embeddable":true,"href":"https:\/\/pcb.org.br\/portal2\/wp-json\/wp\/v2\/tags?post=1214"}],"curies":[{"name":"wp","href":"https:\/\/api.w.org\/{rel}","templated":true}]}}