{"id":12157,"date":"2016-09-23T21:41:26","date_gmt":"2016-09-24T00:41:26","guid":{"rendered":"https:\/\/pcb.org.br\/portal2\/?p=12157"},"modified":"2016-10-18T13:24:28","modified_gmt":"2016-10-18T16:24:28","slug":"uma-fossa-com-mil-cadaveres-na-melhor-democracia-latino-americana-a-da-colombia","status":"publish","type":"post","link":"https:\/\/pcb.org.br\/portal2\/12157","title":{"rendered":"Uma fossa com MIL CAD\u00c1VERES na \u201cmelhor democracia latino-americana\u201d, a da Col\u00f4mbia"},"content":{"rendered":"<p><img data-recalc-dims=\"1\" decoding=\"async\" class=\"imagem\" title=\"imagem\" src=\"https:\/\/i0.wp.com\/www.resumenlatinoamericano.org\/wp-content\/uploads\/2016\/09\/14440810_1099737946784078_8118745654237700991_n.jpg?w=747\" alt=\"imagem\" \/>Resumen Latinoamericano\/ adnagencia.info \/ 21 de setembro de 2016 \u2013 Uma delega\u00e7\u00e3o da Europa e dos Estados Unidos, encabe\u00e7ada por seis eurodeputados, certificou neste sexta-feira, ap\u00f3s uma audi\u00eancia p\u00fablica na Col\u00f4mbia, <b>a exist\u00eancia de uma fossa comum com mil cad\u00e1veres n\u00e3o identificados.<\/b><!--more--><\/p>\n<p>Enquanto isso, Mauricio Macri e Juan Manuel Santos exaltavam \u201csuas\u201d democracias e o Presidente argentino condenava na imprensa estadunidense a Venezuela por ser \u201cum desastre\u201d para a grande democracia continental.<\/p>\n<p>Segundo diferentes meios de comunica\u00e7\u00e3o, a delega\u00e7\u00e3o chegou at\u00e9 o cemit\u00e9rio para verificar o lugar onde se encontram os cad\u00e1veres. De acordo com os n\u00fameros da comunidade, poderiam ser uns dois mil mortos, enquanto o Governo colombiano assegura serem 450.<\/p>\n<p>Da audi\u00eancia p\u00fablica participaram uns 800 campesinos das regi\u00f5es de Guayabero, Ariari, G\u00fc\u00e9jar, Guaviare e do departamento do Caquet\u00e1, acompanhados pela numerosa delega\u00e7\u00e3o estrangeira, congressistas e a senadora Piedad C\u00f3rdoba.<\/p>\n<p>Presume-se que os corpos sejam de v\u00edtimas que os fizeram passar por subversivos ca\u00eddos em combate e, de acordo com testemunhos de camponeses, trata-se de centenas de assassinatos cometidos pelo Ex\u00e9rcito da Col\u00f4mbia. <span lang=\"es-ES\">Por sua vez, C\u00f3rdoba condenou a fossa comum. <\/span>\u201cAqui foi onde come\u00e7ou de verdade a pol\u00edtica que se conhece como falsos positivos, os assassinatos a sangue frio para reclamar recompensas, para ter promo\u00e7\u00f5es, para pedir f\u00e9rias. \u00c9 algo t\u00e3o vergonhoso, que ningu\u00e9m explica como \u00e9 que o pa\u00eds volta e escolhe um corpo qualquer. Uma pol\u00edtica t\u00e3o horrorosa de viola\u00e7\u00e3o dos direitos humanos\u201d, manifestou a senadora.<\/p>\n<p>Acrescentou que \u201cquando n\u00f3s nos opomos \u00e0 aprova\u00e7\u00e3o dos tratados de livre com\u00e9rcio untados de sangue, o sangue de um povo colombiano, dizemos com dignidade que a Europa n\u00e3o pode fazer prolongar na Am\u00e9rica e na Col\u00f4mbia o que eles h\u00e1 muitos anos tentaram erradicar: a guerra. A guerra \u00e9 um neg\u00f3cio, sua carta de corso \u00e9 a pol\u00edtica de seguran\u00e7a democr\u00e1tica\u201d.<\/p>\n<p>Esta fossa \u00e9 a \u201cmaior da Am\u00e9rica Latina\u201d. Tatiana P\u00e9rez indicou que os cad\u00e1veres estariam enterrados pr\u00f3ximos de um batalh\u00e3o do Ex\u00e9rcito colombiano e n\u00e3o se descarta que esses corpos sejam produtos dos chamados \u201cfalsos positivos\u201d, como assinalou a eurodeputada Ana G\u00f3mez.<\/p>\n<p>Fonte: http:\/\/www.resumenlatinoamericano.org\/2016\/09\/21\/una-fosa-con-mil-cadaveres-en-la-mejor-democracia-latinoamericana-la-de-colombia\/<\/p>\n<p>Tradu\u00e7\u00e3o: Partido Comunista Brasileiro (PCB)<\/p>\n","protected":false},"excerpt":{"rendered":"Resumen Latinoamericano\/ adnagencia.info \/ 21 de setembro de 2016 \u2013 Uma delega\u00e7\u00e3o da Europa e dos Estados Unidos, encabe\u00e7ada por seis eurodeputados, certificou \n<a class=\"moretag\" href=\"https:\/\/pcb.org.br\/portal2\/12157\"> <\/a>","protected":false},"author":1,"featured_media":0,"comment_status":"closed","ping_status":"closed","sticky":false,"template":"","format":"standard","meta":{"jetpack_post_was_ever_published":false,"_jetpack_newsletter_access":"","_jetpack_dont_email_post_to_subs":true,"_jetpack_newsletter_tier_id":0,"_jetpack_memberships_contains_paywalled_content":false,"_jetpack_memberships_contains_paid_content":false,"footnotes":"","jetpack_publicize_message":"","jetpack_publicize_feature_enabled":true,"jetpack_social_post_already_shared":true,"jetpack_social_options":{"image_generator_settings":{"template":"highway","default_image_id":0,"font":"","enabled":false},"version":2}},"categories":[34],"tags":[],"class_list":["post-12157","post","type-post","status-publish","format-standard","hentry","category-c39-colombia"],"jetpack_publicize_connections":[],"jetpack_featured_media_url":"","jetpack_shortlink":"https:\/\/wp.me\/p659gw-3a5","jetpack-related-posts":[],"jetpack_likes_enabled":true,"jetpack_sharing_enabled":true,"_links":{"self":[{"href":"https:\/\/pcb.org.br\/portal2\/wp-json\/wp\/v2\/posts\/12157","targetHints":{"allow":["GET"]}}],"collection":[{"href":"https:\/\/pcb.org.br\/portal2\/wp-json\/wp\/v2\/posts"}],"about":[{"href":"https:\/\/pcb.org.br\/portal2\/wp-json\/wp\/v2\/types\/post"}],"author":[{"embeddable":true,"href":"https:\/\/pcb.org.br\/portal2\/wp-json\/wp\/v2\/users\/1"}],"replies":[{"embeddable":true,"href":"https:\/\/pcb.org.br\/portal2\/wp-json\/wp\/v2\/comments?post=12157"}],"version-history":[{"count":0,"href":"https:\/\/pcb.org.br\/portal2\/wp-json\/wp\/v2\/posts\/12157\/revisions"}],"wp:attachment":[{"href":"https:\/\/pcb.org.br\/portal2\/wp-json\/wp\/v2\/media?parent=12157"}],"wp:term":[{"taxonomy":"category","embeddable":true,"href":"https:\/\/pcb.org.br\/portal2\/wp-json\/wp\/v2\/categories?post=12157"},{"taxonomy":"post_tag","embeddable":true,"href":"https:\/\/pcb.org.br\/portal2\/wp-json\/wp\/v2\/tags?post=12157"}],"curies":[{"name":"wp","href":"https:\/\/api.w.org\/{rel}","templated":true}]}}